{"id":1359,"date":"2024-10-21T16:01:20","date_gmt":"2024-10-21T14:01:20","guid":{"rendered":"https:\/\/lombardiashopping.it\/blog\/?p=1359"},"modified":"2024-12-16T17:09:02","modified_gmt":"2024-12-16T16:09:02","slug":"santambrogio-origini-festa-patrono-milano","status":"publish","type":"post","link":"https:\/\/lombardiashopping.it\/blog\/eventi-cultura\/santambrogio-origini-festa-patrono-milano\/","title":{"rendered":"Festa di Sant&#8217;Ambrogio a Milano: Quando si tiene e Come si festeggia"},"content":{"rendered":"\t\t<div data-elementor-type=\"wp-post\" data-elementor-id=\"1359\" class=\"elementor elementor-1359\" data-elementor-post-type=\"post\">\n\t\t\t\t\t\t<section class=\"elementor-section elementor-top-section elementor-element elementor-element-2c3b7e38 elementor-section-boxed elementor-section-height-default elementor-section-height-default wpr-particle-no wpr-jarallax-no wpr-parallax-no wpr-sticky-section-no wpr-equal-height-no\" data-id=\"2c3b7e38\" data-element_type=\"section\" data-e-type=\"section\">\n\t\t\t\t\t\t<div class=\"elementor-container elementor-column-gap-default\">\n\t\t\t\t\t<div class=\"elementor-column elementor-col-100 elementor-top-column elementor-element elementor-element-41f428f4\" data-id=\"41f428f4\" data-element_type=\"column\" data-e-type=\"column\">\n\t\t\t<div class=\"elementor-widget-wrap elementor-element-populated\">\n\t\t\t\t\t\t<div class=\"elementor-element elementor-element-659cdc5 elementor-widget elementor-widget-image\" data-id=\"659cdc5\" data-element_type=\"widget\" data-e-type=\"widget\" data-widget_type=\"image.default\">\n\t\t\t\t<div class=\"elementor-widget-container\">\n\t\t\t\t\t\t\t\t\t\t\t\t\t\t\t<img fetchpriority=\"high\" decoding=\"async\" width=\"960\" height=\"576\" src=\"https:\/\/lombardiashopping.it\/blog\/wp-content\/uploads\/2024\/10\/Aggiungi-corpo-del-testo-4-1024x614.jpg\" class=\"attachment-large size-large wp-image-1319\" alt=\"Mercatino Oh Bej! Oh Bej! 2025\" srcset=\"https:\/\/lombardiashopping.it\/blog\/wp-content\/uploads\/2024\/10\/Aggiungi-corpo-del-testo-4-1024x614.jpg 1024w, https:\/\/lombardiashopping.it\/blog\/wp-content\/uploads\/2024\/10\/Aggiungi-corpo-del-testo-4-300x180.jpg 300w, https:\/\/lombardiashopping.it\/blog\/wp-content\/uploads\/2024\/10\/Aggiungi-corpo-del-testo-4-768x461.jpg 768w, https:\/\/lombardiashopping.it\/blog\/wp-content\/uploads\/2024\/10\/Aggiungi-corpo-del-testo-4.jpg 1200w\" sizes=\"(max-width: 960px) 100vw, 960px\" \/>\t\t\t\t\t\t\t\t\t\t\t\t\t\t\t<\/div>\n\t\t\t\t<\/div>\n\t\t\t\t<div class=\"elementor-element elementor-element-e57bb15 elementor-widget elementor-widget-heading\" data-id=\"e57bb15\" data-element_type=\"widget\" data-e-type=\"widget\" data-widget_type=\"heading.default\">\n\t\t\t\t<div class=\"elementor-widget-container\">\n\t\t\t\t\t<h2 class=\"elementor-heading-title elementor-size-default\">La Storia di Sant'Ambrogio \n<\/h2>\t\t\t\t<\/div>\n\t\t\t\t<\/div>\n\t\t\t\t<div class=\"elementor-element elementor-element-77fd27e elementor-widget elementor-widget-text-editor\" data-id=\"77fd27e\" data-element_type=\"widget\" data-e-type=\"widget\" data-widget_type=\"text-editor.default\">\n\t\t\t\t<div class=\"elementor-widget-container\">\n\t\t\t\t\t\t\t\t\t<p><b>Sant&#8217;Ambrogio<\/b><span style=\"font-weight: 400;\"> \u00e8 una delle <strong>figure<\/strong> pi\u00f9 importanti per la <strong>citt\u00e0 di Milano<\/strong> e la sua storia \u00e8 tanto affascinante quanto antica. <strong>Nato nel 339 d.C.<\/strong> a Treviri, in Germania, Ambrogio non era destinato a diventare un uomo di chiesa. Inizialmente, era un governatore della Lombardia, ma un episodio inaspettato cambi\u00f2 il corso della sua vita. Quando il vescovo di Milano mor\u00ec, scoppi\u00f2 una lotta tra cattolici e ariani (una setta cristiana) per la sua successione. Ambrogio, che era chiamato solo per mantenere l&#8217;ordine durante la scelta del nuovo vescovo, si ritrov\u00f2 al centro dell&#8217;attenzione. La folla, colpita dalla sua saggezza, lo acclam\u00f2 come nuovo vescovo, nonostante non fosse ancora battezzato!<\/span><\/p><p><span style=\"font-weight: 400;\">Da l\u00ec in poi, Ambrogio si dedic\u00f2 alla fede con una passione straordinaria. <strong>Divenne vescovo di Milano nel 374 d.C.<\/strong> e si impegn\u00f2 a consolidare il cristianesimo in citt\u00e0. Il suo lavoro non si limit\u00f2 solo alla religione: promosse anche la costruzione di diverse chiese e difese Milano dalle pressioni politiche dell&#8217;Impero Romano. \u00c8 grazie a lui che oggi la citt\u00e0 vanta una delle basiliche pi\u00f9 belle e antiche d&#8217;Italia: la <strong>Chiesa di Sant&#8217;Ambrogio<\/strong>, un vero gioiello architettonico che ancora oggi affascina chiunque la visiti. Sant&#8217;Ambrogio \u00e8 cos\u00ec radicato nella cultura di Milano che ogni anno, il 7 dicembre, la citt\u00e0 si ferma per celebrarlo.<\/span><\/p>\t\t\t\t\t\t\t\t<\/div>\n\t\t\t\t<\/div>\n\t\t\t\t<div class=\"elementor-element elementor-element-f0f394c elementor-widget elementor-widget-heading\" data-id=\"f0f394c\" data-element_type=\"widget\" data-e-type=\"widget\" data-widget_type=\"heading.default\">\n\t\t\t\t<div class=\"elementor-widget-container\">\n\t\t\t\t\t<h2 class=\"elementor-heading-title elementor-size-default\">Quando si Festeggia Sant\u2019Ambrogio\n<\/h2>\t\t\t\t<\/div>\n\t\t\t\t<\/div>\n\t\t\t\t<div class=\"elementor-element elementor-element-e80994e elementor-widget elementor-widget-text-editor\" data-id=\"e80994e\" data-element_type=\"widget\" data-e-type=\"widget\" data-widget_type=\"text-editor.default\">\n\t\t\t\t<div class=\"elementor-widget-container\">\n\t\t\t\t\t\t\t\t\t<p><b>La festa di Sant\u2019Ambrogio a Milano si celebra il 7 dicembre<\/b><span style=\"font-weight: 400;\">, una data che segna l\u2019inizio ufficiale delle festivit\u00e0 natalizie meneghine. <\/span><\/p><p><span style=\"font-weight: 400;\">Ma perch\u00e9 proprio il 7 dicembre? Questa \u00e8 la data in cui Sant\u2019Ambrogio mor\u00ec, nel 397 d.C., e per i milanesi non \u00e8 solo una ricorrenza religiosa: \u00e8 un momento speciale che d\u00e0 il via a una serie di tradizioni che coinvolgono tutta la citt\u00e0. Il 7 dicembre segna anche l\u2019inizio del &#8220;ponte&#8221; dell\u2019Immacolata Concezione, che prosegue fino all&#8217;8 dicembre, rendendo questo periodo ancora pi\u00f9 festoso e atteso da tutti i milanesi.<\/span><\/p><p><span style=\"font-weight: 400;\">Durante questa giornata, \u00e8 tradizione per i fedeli recarsi alla<a href=\"https:\/\/lombardiashopping.it\/blog\/luoghi-scoprire\/basilica-santambrogio-storia-descrizione\/\"><strong> Basilica di Sant\u2019Ambrogio<\/strong><\/a>, dove si celebra una messa solenne in onore del santo patrono. La cerimonia \u00e8 molto sentita, tanto che spesso partecipano le autorit\u00e0 cittadine, incluso il sindaco. Ma la festa non \u00e8 solo religiosa: <\/span><a href=\"https:\/\/lombardiashopping.it\/blog\/eventi-cultura\/scala-di-milano-2024\/\"><b>il 7 dicembre coincide anche con l\u2019apertura della stagione del Teatro alla Scala<\/b><\/a><span style=\"font-weight: 400;\">, uno degli eventi culturali pi\u00f9 importanti d\u2019Italia. Milano si veste a festa e diventa il centro del mondo culturale e mondano del Paese. Gli spettacoli alla Scala sono un momento clou, tanto attesi dagli appassionati d&#8217;opera e dai VIP che vi partecipano. Insomma, il 7 dicembre non \u00e8 solo la festa di un santo, \u00e8 una giornata in cui Milano si mostra in tutta la sua eleganza.<\/span><\/p>\t\t\t\t\t\t\t\t<\/div>\n\t\t\t\t<\/div>\n\t\t\t\t<div class=\"elementor-element elementor-element-d1ed7e2 elementor-widget elementor-widget-heading\" data-id=\"d1ed7e2\" data-element_type=\"widget\" data-e-type=\"widget\" data-widget_type=\"heading.default\">\n\t\t\t\t<div class=\"elementor-widget-container\">\n\t\t\t\t\t<h2 class=\"elementor-heading-title elementor-size-default\">Cosa si Fa a Milano a Sant\u2019Ambrogio\n<\/h2>\t\t\t\t<\/div>\n\t\t\t\t<\/div>\n\t\t\t\t<div class=\"elementor-element elementor-element-9550cb5 elementor-widget elementor-widget-text-editor\" data-id=\"9550cb5\" data-element_type=\"widget\" data-e-type=\"widget\" data-widget_type=\"text-editor.default\">\n\t\t\t\t<div class=\"elementor-widget-container\">\n\t\t\t\t\t\t\t\t\t<p><span style=\"font-weight: 400;\">A Milano, la <strong>festa di Sant&#8217;Ambrogio<\/strong> \u00e8 un mix di tradizione e modernit\u00e0. Per molti, \u00e8 l\u2019occasione di ritrovarsi con amici e famiglia, esplorare la citt\u00e0 e, perch\u00e9 no, iniziare a sentire l\u2019atmosfera natalizia. Oltre alla messa solenne nella Basilica di Sant\u2019Ambrogio, che resta il fulcro della celebrazione religiosa, la giornata si anima con diversi eventi culturali e attivit\u00e0 per tutte le et\u00e0.<\/span><\/p><p><span style=\"font-weight: 400;\">Una delle<\/span><b> tappe obbligatorie<\/b><span style=\"font-weight: 400;\"> \u00e8 senza dubbio la visita alla famosa <\/span><b>fiera degli &#8220;Oh Bej! Oh Bej!&#8221;<\/b><span style=\"font-weight: 400;\">, un mercato che affonda le sue radici nel lontano 1510. Questo mercatino tradizionale si svolge attorno al <a href=\"https:\/\/lombardiashopping.it\/blog\/itinerari-esperienze\/visita-castello-sforzesco\/\">Castello Sforzesco<\/a> e prende il nome dalle esclamazioni dei bambini di fronte ai doni e alle prelibatezze offerti dai venditori. Oggi, la fiera \u00e8 una vera e propria attrazione turistica, con bancarelle che vendono prodotti artigianali, dolci tipici, giochi e oggetti da collezione. Per molti milanesi, la visita agli &#8220;Oh Bej! Oh Bej!&#8221; \u00e8 un rito di passaggio che segna ufficialmente l&#8217;inizio delle festivit\u00e0 natalizie.<\/span><\/p>\t\t\t\t\t\t\t\t<\/div>\n\t\t\t\t<\/div>\n\t\t\t\t<div class=\"elementor-element elementor-element-b921719 elementor-widget elementor-widget-heading\" data-id=\"b921719\" data-element_type=\"widget\" data-e-type=\"widget\" data-widget_type=\"heading.default\">\n\t\t\t\t<div class=\"elementor-widget-container\">\n\t\t\t\t\t<h2 class=\"elementor-heading-title elementor-size-default\">La Basilica di Sant\u2019Ambrogio\n<\/h2>\t\t\t\t<\/div>\n\t\t\t\t<\/div>\n\t\t\t\t<div class=\"elementor-element elementor-element-9c06ded elementor-widget elementor-widget-text-editor\" data-id=\"9c06ded\" data-element_type=\"widget\" data-e-type=\"widget\" data-widget_type=\"text-editor.default\">\n\t\t\t\t<div class=\"elementor-widget-container\">\n\t\t\t\t\t\t\t\t\t<p><span style=\"font-weight: 400;\">La <\/span><b>Basilica di Sant\u2019Ambrogio<\/b><span style=\"font-weight: 400;\"> \u00e8 uno dei simboli pi\u00f9 importanti di Milano, non solo dal punto di vista religioso, ma anche storico e architettonico. Fondata nel 379 d.C. proprio per volere di Sant\u2019Ambrogio, questa chiesa \u00e8 uno dei pi\u00f9 antichi edifici sacri della citt\u00e0 ed \u00e8 profondamente legata alla sua identit\u00e0. Inizialmente chiamata <\/span><b>Basilica Martyrum<\/b><span style=\"font-weight: 400;\">, poich\u00e9 custodiva le reliquie di martiri cristiani, nel corso dei secoli \u00e8 diventata un punto di riferimento per i fedeli e un vero e proprio monumento alla grandezza del santo patrono.<\/span><\/p>\t\t\t\t\t\t\t\t<\/div>\n\t\t\t\t<\/div>\n\t\t\t\t<div class=\"elementor-element elementor-element-968ab6d elementor-widget elementor-widget-image\" data-id=\"968ab6d\" data-element_type=\"widget\" data-e-type=\"widget\" data-widget_type=\"image.default\">\n\t\t\t\t<div class=\"elementor-widget-container\">\n\t\t\t\t\t\t\t\t\t\t\t\t\t\t\t<img decoding=\"async\" width=\"1200\" height=\"720\" src=\"https:\/\/lombardiashopping.it\/blog\/wp-content\/uploads\/2024\/10\/Aggiungi-un-titolo.jpg\" class=\"attachment-full size-full wp-image-1362\" alt=\"la basilica di sant&#039;ambrogio\" srcset=\"https:\/\/lombardiashopping.it\/blog\/wp-content\/uploads\/2024\/10\/Aggiungi-un-titolo.jpg 1200w, https:\/\/lombardiashopping.it\/blog\/wp-content\/uploads\/2024\/10\/Aggiungi-un-titolo-300x180.jpg 300w, https:\/\/lombardiashopping.it\/blog\/wp-content\/uploads\/2024\/10\/Aggiungi-un-titolo-1024x614.jpg 1024w, https:\/\/lombardiashopping.it\/blog\/wp-content\/uploads\/2024\/10\/Aggiungi-un-titolo-768x461.jpg 768w\" sizes=\"(max-width: 1200px) 100vw, 1200px\" \/>\t\t\t\t\t\t\t\t\t\t\t\t\t\t\t<\/div>\n\t\t\t\t<\/div>\n\t\t\t\t<div class=\"elementor-element elementor-element-ffaba5a elementor-widget elementor-widget-text-editor\" data-id=\"ffaba5a\" data-element_type=\"widget\" data-e-type=\"widget\" data-widget_type=\"text-editor.default\">\n\t\t\t\t<div class=\"elementor-widget-container\">\n\t\t\t\t\t\t\t\t\t<p><span style=\"font-weight: 400;\">La basilica ha subito numerose modifiche e restauri nel corso dei secoli, ma conserva ancora molti elementi del suo stile romanico originario, rendendola un capolavoro dell\u2019architettura medievale. Il porticato esterno, con le sue arcate, e i due campanili di epoca diversa sono particolarmente suggestivi. L&#8217;interno, austero e solenne, conserva la cripta di Sant\u2019Ambrogio, dove sono custodite le sue spoglie insieme a quelle dei santi Gervasio e Protasio. Una delle attrazioni pi\u00f9 affascinanti \u00e8 l&#8217;altare d&#8217;oro, un&#8217;opera d&#8217;arte di epoca carolingia che attira ogni anno migliaia di turisti e fedeli.<\/span><\/p><p><span style=\"font-weight: 400;\">Dal punto di vista turistico, la Basilica di Sant\u2019Ambrogio \u00e8 una delle mete imperdibili di Milano. Oltre alla sua straordinaria bellezza, la basilica offre uno spaccato della storia millenaria della citt\u00e0. I visitatori possono ammirare non solo l&#8217;architettura, ma anche opere d&#8217;arte, mosaici e affreschi di inestimabile valore. L\u2019atmosfera che si respira all\u2019interno della basilica \u00e8 di grande spiritualit\u00e0, ma anche di quiete e riflessione, rendendo la visita un\u2019esperienza sia culturale che emotiva. Se ti trovi a Milano, una tappa alla Basilica di Sant\u2019Ambrogio \u00e8 un viaggio nella storia e nell\u2019anima della citt\u00e0.<\/span><\/p>\t\t\t\t\t\t\t\t<\/div>\n\t\t\t\t<\/div>\n\t\t\t\t<div class=\"elementor-element elementor-element-b3e658c elementor-widget elementor-widget-heading\" data-id=\"b3e658c\" data-element_type=\"widget\" data-e-type=\"widget\" data-widget_type=\"heading.default\">\n\t\t\t\t<div class=\"elementor-widget-container\">\n\t\t\t\t\t<h2 class=\"elementor-heading-title elementor-size-default\">La Fiera di Sant\u2019Ambrogio (Oh Bej! Oh Bej!)\n<\/h2>\t\t\t\t<\/div>\n\t\t\t\t<\/div>\n\t\t\t\t<div class=\"elementor-element elementor-element-fcaf8c7 elementor-widget elementor-widget-text-editor\" data-id=\"fcaf8c7\" data-element_type=\"widget\" data-e-type=\"widget\" data-widget_type=\"text-editor.default\">\n\t\t\t\t<div class=\"elementor-widget-container\">\n\t\t\t\t\t\t\t\t\t<p><span style=\"font-weight: 400;\">Uno degli eventi pi\u00f9 attesi durante la <strong>festa di Sant\u2019Ambrogio a Milano<\/strong>\u00a0\u00e8 la <a href=\"https:\/\/lombardiashopping.it\/blog\/notizie-attualita\/mercatino-ohbej-ohbej-milano\/\"><strong>fiera degli &#8220;Oh Bej! Oh Bej!&#8221;<\/strong><\/a>, che ogni anno attira migliaia di visitatori. Ma da dove viene questo nome cos\u00ec curioso? La leggenda narra che, nel 1510, un inviato papale di nome Giannetto Castiglione arriv\u00f2 a Milano e, per guadagnarsi il favore della popolazione, distribu\u00ec dolci e giocattoli ai bambini. Le loro esclamazioni di gioia, &#8220;Oh bej! Oh bej!&#8221; (che in dialetto milanese significa &#8220;Oh belli! Oh belli!&#8221;), diedero il nome a quella che sarebbe poi diventata una delle fiere pi\u00f9 amate della citt\u00e0.<\/span><\/p><p><span style=\"font-weight: 400;\">Oggi la fiera si svolge attorno al Castello Sforzesco e rappresenta un mix perfetto tra tradizione e modernit\u00e0. Qui puoi trovare davvero di tutto: dalle bancarelle con prodotti artigianali a quelle che vendono giocattoli, dolciumi e oggetti vintage. \u00c8 il posto ideale per acquistare regali natalizi o semplicemente per godersi una passeggiata tra le luci e i colori di un mercato che sa di storia. Se visiti Milano in questo periodo, non puoi perderti l\u2019occasione di fare un giro alla fiera degli &#8220;Oh Bej! Oh Bej!&#8221;. \u00c8 un\u2019esperienza che ti far\u00e0 entrare nel cuore della tradizione meneghina, tra profumi, sapori e suoni che ti riportano indietro nel tempo.<\/span><\/p>\t\t\t\t\t\t\t\t<\/div>\n\t\t\t\t<\/div>\n\t\t\t\t<div class=\"elementor-element elementor-element-f1d6d4b elementor-widget elementor-widget-heading\" data-id=\"f1d6d4b\" data-element_type=\"widget\" data-e-type=\"widget\" data-widget_type=\"heading.default\">\n\t\t\t\t<div class=\"elementor-widget-container\">\n\t\t\t\t\t<h2 class=\"elementor-heading-title elementor-size-default\">Le Tradizioni Culturali e Gastronomiche: Cosa si mangia a Sant\u2019Ambrogio\n\n<\/h2>\t\t\t\t<\/div>\n\t\t\t\t<\/div>\n\t\t\t\t<div class=\"elementor-element elementor-element-c3b9b1e elementor-widget elementor-widget-text-editor\" data-id=\"c3b9b1e\" data-element_type=\"widget\" data-e-type=\"widget\" data-widget_type=\"text-editor.default\">\n\t\t\t\t<div class=\"elementor-widget-container\">\n\t\t\t\t\t\t\t\t\t<p><b>La festa di Sant\u2019Ambrogio a Milano<\/b><span style=\"font-weight: 400;\">\u00a0non \u00e8 solo un evento religioso o culturale, ma \u00e8 anche l\u2019occasione per riscoprire alcune delle tradizioni gastronomiche pi\u00f9 amate a Milano. Durante questa festivit\u00e0, molte famiglie milanesi si riuniscono per preparare piatti tipici della cucina lombarda. Tra i piatti pi\u00f9 diffusi troviamo il <\/span><b>risotto alla milanese<\/b><span style=\"font-weight: 400;\">, famoso per il suo inconfondibile colore giallo dovuto allo zafferano. Questo piatto caldo e ricco \u00e8 perfetto per le fredde giornate invernali e rappresenta uno dei simboli culinari della citt\u00e0.<\/span><\/p><p><span style=\"font-weight: 400;\">Un altro piatto tradizionale che non manca sulle tavole dei milanesi durante la festa di Sant\u2019Ambrogio \u00e8 la <\/span><b>cassoeula<\/b><span style=\"font-weight: 400;\">, una pietanza a base di verza e carne di maiale. Questo piatto ha origini contadine e, grazie ai suoi ingredienti sostanziosi, \u00e8 ideale per affrontare le rigide temperature invernali. E per concludere il pasto? Non pu\u00f2 mancare il <\/span><b>panettone<\/b><span style=\"font-weight: 400;\">, il dolce natalizio per eccellenza, che inizia a fare la sua comparsa proprio in occasione di Sant\u2019Ambrogio.\u00a0<\/span><\/p><p><span style=\"font-weight: 400;\">Se ti trovi a Milano il 7 dicembre, prova a entrare in una delle pasticcerie storiche della citt\u00e0: non te ne pentirai!<\/span><\/p>\t\t\t\t\t\t\t\t<\/div>\n\t\t\t\t<\/div>\n\t\t\t\t\t<\/div>\n\t\t<\/div>\n\t\t\t\t\t<\/div>\n\t\t<\/section>\n\t\t\t\t<\/div>\n\t\t","protected":false},"excerpt":{"rendered":"<p>Sant&#8217;Ambrogio \u00e8 uno dei simboli di Milano. Al Patrono del capoluogo lombardo sono legate pagine storia e tradizione. In questo articolo scopriremo le origini del santo, la data in cui si tiene la festa e le attivit\u00e0 che si tengono in citt\u00e0.<\/p>\n","protected":false},"author":2,"featured_media":1360,"comment_status":"closed","ping_status":"open","sticky":false,"template":"","format":"standard","meta":{"footnotes":""},"categories":[3,152],"tags":[170],"class_list":["post-1359","post","type-post","status-publish","format-standard","has-post-thumbnail","hentry","category-eventi-cultura","category-sagre-feste","tag-cosa-vedere"],"yoast_head":"<!-- This site is optimized with the Yoast SEO Premium plugin v27.4 (Yoast SEO v27.5) - https:\/\/yoast.com\/product\/yoast-seo-premium-wordpress\/ -->\n<title>Sant&#039;Ambrogio: le origini e la festa del Patrono milanese<\/title>\n<meta name=\"description\" content=\"Sant&#039;Ambrogio \u00e8 uno dei simboli di Milano. Al Patrono del capoluogo lombardo sono legate pagine storia e tradizione.\" \/>\n<meta name=\"robots\" content=\"index, follow, max-snippet:-1, max-image-preview:large, max-video-preview:-1\" \/>\n<link rel=\"canonical\" href=\"https:\/\/lombardiashopping.it\/blog\/eventi-cultura\/santambrogio-origini-festa-patrono-milano\/\" \/>\n<meta property=\"og:locale\" content=\"it_IT\" \/>\n<meta property=\"og:type\" content=\"article\" \/>\n<meta property=\"og:title\" content=\"Festa di Sant&#039;Ambrogio a Milano: Quando si tiene e Come si festeggia\" \/>\n<meta property=\"og:description\" content=\"Sant&#039;Ambrogio \u00e8 uno dei simboli di Milano. Al Patrono del capoluogo lombardo sono legate pagine storia e tradizione.\" \/>\n<meta property=\"og:url\" content=\"https:\/\/lombardiashopping.it\/blog\/eventi-cultura\/santambrogio-origini-festa-patrono-milano\/\" \/>\n<meta property=\"og:site_name\" content=\"Blog Lombardia\" \/>\n<meta property=\"article:published_time\" content=\"2024-10-21T14:01:20+00:00\" \/>\n<meta property=\"article:modified_time\" content=\"2024-12-16T16:09:02+00:00\" \/>\n<meta property=\"og:image\" content=\"https:\/\/lombardiashopping.it\/blog\/wp-content\/uploads\/2024\/10\/shutterstock_552988048.jpg\" \/>\n\t<meta property=\"og:image:width\" content=\"1000\" \/>\n\t<meta property=\"og:image:height\" content=\"667\" \/>\n\t<meta property=\"og:image:type\" content=\"image\/jpeg\" \/>\n<meta name=\"author\" content=\"Vincenzo Petrazzuolo\" \/>\n<meta name=\"twitter:card\" content=\"summary_large_image\" \/>\n<meta name=\"twitter:label1\" content=\"Scritto da\" \/>\n\t<meta name=\"twitter:data1\" content=\"Vincenzo Petrazzuolo\" \/>\n\t<meta name=\"twitter:label2\" content=\"Tempo di lettura stimato\" \/>\n\t<meta name=\"twitter:data2\" content=\"8 minuti\" \/>\n<script type=\"application\/ld+json\" class=\"yoast-schema-graph\">{\"@context\":\"https:\\\/\\\/schema.org\",\"@graph\":[{\"@type\":[\"Article\",\"BlogPosting\"],\"@id\":\"https:\\\/\\\/lombardiashopping.it\\\/blog\\\/eventi-cultura\\\/santambrogio-origini-festa-patrono-milano\\\/#article\",\"isPartOf\":{\"@id\":\"https:\\\/\\\/lombardiashopping.it\\\/blog\\\/eventi-cultura\\\/santambrogio-origini-festa-patrono-milano\\\/\"},\"author\":{\"name\":\"Vincenzo Petrazzuolo\",\"@id\":\"https:\\\/\\\/lombardiashopping.it\\\/blog\\\/#\\\/schema\\\/person\\\/375c2e643109d67bfa42d39bdf641ee3\"},\"headline\":\"Festa di Sant&#8217;Ambrogio a Milano: Quando si tiene e Come si festeggia\",\"datePublished\":\"2024-10-21T14:01:20+00:00\",\"dateModified\":\"2024-12-16T16:09:02+00:00\",\"mainEntityOfPage\":{\"@id\":\"https:\\\/\\\/lombardiashopping.it\\\/blog\\\/eventi-cultura\\\/santambrogio-origini-festa-patrono-milano\\\/\"},\"wordCount\":1309,\"publisher\":{\"@id\":\"https:\\\/\\\/lombardiashopping.it\\\/blog\\\/#organization\"},\"image\":{\"@id\":\"https:\\\/\\\/lombardiashopping.it\\\/blog\\\/eventi-cultura\\\/santambrogio-origini-festa-patrono-milano\\\/#primaryimage\"},\"thumbnailUrl\":\"https:\\\/\\\/lombardiashopping.it\\\/blog\\\/wp-content\\\/uploads\\\/2024\\\/10\\\/shutterstock_552988048.jpg\",\"keywords\":[\"Cosa vedere in Lombardia\"],\"articleSection\":[\"Eventi e Cultura\",\"Sagre e Festivit\u00e0\"],\"inLanguage\":\"it-IT\"},{\"@type\":\"WebPage\",\"@id\":\"https:\\\/\\\/lombardiashopping.it\\\/blog\\\/eventi-cultura\\\/santambrogio-origini-festa-patrono-milano\\\/\",\"url\":\"https:\\\/\\\/lombardiashopping.it\\\/blog\\\/eventi-cultura\\\/santambrogio-origini-festa-patrono-milano\\\/\",\"name\":\"Sant'Ambrogio: le origini e la festa del Patrono milanese\",\"isPartOf\":{\"@id\":\"https:\\\/\\\/lombardiashopping.it\\\/blog\\\/#website\"},\"primaryImageOfPage\":{\"@id\":\"https:\\\/\\\/lombardiashopping.it\\\/blog\\\/eventi-cultura\\\/santambrogio-origini-festa-patrono-milano\\\/#primaryimage\"},\"image\":{\"@id\":\"https:\\\/\\\/lombardiashopping.it\\\/blog\\\/eventi-cultura\\\/santambrogio-origini-festa-patrono-milano\\\/#primaryimage\"},\"thumbnailUrl\":\"https:\\\/\\\/lombardiashopping.it\\\/blog\\\/wp-content\\\/uploads\\\/2024\\\/10\\\/shutterstock_552988048.jpg\",\"datePublished\":\"2024-10-21T14:01:20+00:00\",\"dateModified\":\"2024-12-16T16:09:02+00:00\",\"description\":\"Sant'Ambrogio \u00e8 uno dei simboli di Milano. Al Patrono del capoluogo lombardo sono legate pagine storia e tradizione.\",\"breadcrumb\":{\"@id\":\"https:\\\/\\\/lombardiashopping.it\\\/blog\\\/eventi-cultura\\\/santambrogio-origini-festa-patrono-milano\\\/#breadcrumb\"},\"inLanguage\":\"it-IT\",\"potentialAction\":[{\"@type\":\"ReadAction\",\"target\":[\"https:\\\/\\\/lombardiashopping.it\\\/blog\\\/eventi-cultura\\\/santambrogio-origini-festa-patrono-milano\\\/\"]}]},{\"@type\":\"ImageObject\",\"inLanguage\":\"it-IT\",\"@id\":\"https:\\\/\\\/lombardiashopping.it\\\/blog\\\/eventi-cultura\\\/santambrogio-origini-festa-patrono-milano\\\/#primaryimage\",\"url\":\"https:\\\/\\\/lombardiashopping.it\\\/blog\\\/wp-content\\\/uploads\\\/2024\\\/10\\\/shutterstock_552988048.jpg\",\"contentUrl\":\"https:\\\/\\\/lombardiashopping.it\\\/blog\\\/wp-content\\\/uploads\\\/2024\\\/10\\\/shutterstock_552988048.jpg\",\"width\":1000,\"height\":667,\"caption\":\"Sant'Ambrogio\"},{\"@type\":\"BreadcrumbList\",\"@id\":\"https:\\\/\\\/lombardiashopping.it\\\/blog\\\/eventi-cultura\\\/santambrogio-origini-festa-patrono-milano\\\/#breadcrumb\",\"itemListElement\":[{\"@type\":\"ListItem\",\"position\":1,\"name\":\"Lombardiablog\",\"item\":\"https:\\\/\\\/lombardiashopping.it\\\/blog\\\/\"},{\"@type\":\"ListItem\",\"position\":2,\"name\":\"Eventi e Cultura\",\"item\":\"https:\\\/\\\/lombardiashopping.it\\\/blog\\\/eventi-cultura\\\/\"},{\"@type\":\"ListItem\",\"position\":3,\"name\":\"Festa di Sant&#8217;Ambrogio a Milano: Quando si tiene e Come si festeggia\"}]},{\"@type\":\"WebSite\",\"@id\":\"https:\\\/\\\/lombardiashopping.it\\\/blog\\\/#website\",\"url\":\"https:\\\/\\\/lombardiashopping.it\\\/blog\\\/\",\"name\":\"Lombardia Blog\",\"description\":\"\",\"publisher\":{\"@id\":\"https:\\\/\\\/lombardiashopping.it\\\/blog\\\/#organization\"},\"potentialAction\":[{\"@type\":\"SearchAction\",\"target\":{\"@type\":\"EntryPoint\",\"urlTemplate\":\"https:\\\/\\\/lombardiashopping.it\\\/blog\\\/?s={search_term_string}\"},\"query-input\":{\"@type\":\"PropertyValueSpecification\",\"valueRequired\":true,\"valueName\":\"search_term_string\"}}],\"inLanguage\":\"it-IT\"},{\"@type\":\"Organization\",\"@id\":\"https:\\\/\\\/lombardiashopping.it\\\/blog\\\/#organization\",\"name\":\"USB\",\"alternateName\":\"Ledblog Lombardia\",\"url\":\"https:\\\/\\\/lombardiashopping.it\\\/blog\\\/\",\"logo\":{\"@type\":\"ImageObject\",\"inLanguage\":\"it-IT\",\"@id\":\"https:\\\/\\\/lombardiashopping.it\\\/blog\\\/#\\\/schema\\\/logo\\\/image\\\/\",\"url\":\"\",\"contentUrl\":\"\",\"caption\":\"USB\"},\"image\":{\"@id\":\"https:\\\/\\\/lombardiashopping.it\\\/blog\\\/#\\\/schema\\\/logo\\\/image\\\/\"},\"description\":\"Ledblog Lombardia ha lo scopo di realizzare articoli che possano mettere in risalto luoghi ed eventi di tutta la lombardia.\"},{\"@type\":\"Person\",\"@id\":\"https:\\\/\\\/lombardiashopping.it\\\/blog\\\/#\\\/schema\\\/person\\\/375c2e643109d67bfa42d39bdf641ee3\",\"name\":\"Vincenzo Petrazzuolo\",\"image\":{\"@type\":\"ImageObject\",\"inLanguage\":\"it-IT\",\"@id\":\"https:\\\/\\\/secure.gravatar.com\\\/avatar\\\/499843695e056c2272a50777191130ffbf6c6cfac19942aa9f1c396321af5d02?s=96&d=mm&r=g\",\"url\":\"https:\\\/\\\/secure.gravatar.com\\\/avatar\\\/499843695e056c2272a50777191130ffbf6c6cfac19942aa9f1c396321af5d02?s=96&d=mm&r=g\",\"contentUrl\":\"https:\\\/\\\/secure.gravatar.com\\\/avatar\\\/499843695e056c2272a50777191130ffbf6c6cfac19942aa9f1c396321af5d02?s=96&d=mm&r=g\",\"caption\":\"Vincenzo Petrazzuolo\"},\"description\":\"Laureato in Scienze Geologiche e SEO Specialist; ama fare sport, viaggiare e giocare ai videogames. Con una smodata curiosit\u00e0 per gli ambiti scientifici, esplora e approfondisce costantemente il mondo della tecnologia, dell'ambiente e del food \u2014 adora cucinare, e soprattutto mangiare. Sempre alla ricerca di nuove sfide, \u00e8 esperto nella scrittura e nell'analisi di contenuti digitali, con un focus sulla definizione di strategie efficaci per il posizionamento sui motori di ricerca.\"}]}<\/script>\n<!-- \/ Yoast SEO Premium plugin. -->","yoast_head_json":{"title":"Sant'Ambrogio: le origini e la festa del Patrono milanese","description":"Sant'Ambrogio \u00e8 uno dei simboli di Milano. Al Patrono del capoluogo lombardo sono legate pagine storia e tradizione.","robots":{"index":"index","follow":"follow","max-snippet":"max-snippet:-1","max-image-preview":"max-image-preview:large","max-video-preview":"max-video-preview:-1"},"canonical":"https:\/\/lombardiashopping.it\/blog\/eventi-cultura\/santambrogio-origini-festa-patrono-milano\/","og_locale":"it_IT","og_type":"article","og_title":"Festa di Sant'Ambrogio a Milano: Quando si tiene e Come si festeggia","og_description":"Sant'Ambrogio \u00e8 uno dei simboli di Milano. Al Patrono del capoluogo lombardo sono legate pagine storia e tradizione.","og_url":"https:\/\/lombardiashopping.it\/blog\/eventi-cultura\/santambrogio-origini-festa-patrono-milano\/","og_site_name":"Blog Lombardia","article_published_time":"2024-10-21T14:01:20+00:00","article_modified_time":"2024-12-16T16:09:02+00:00","og_image":[{"width":1000,"height":667,"url":"https:\/\/lombardiashopping.it\/blog\/wp-content\/uploads\/2024\/10\/shutterstock_552988048.jpg","type":"image\/jpeg"}],"author":"Vincenzo Petrazzuolo","twitter_card":"summary_large_image","twitter_misc":{"Scritto da":"Vincenzo Petrazzuolo","Tempo di lettura stimato":"8 minuti"},"schema":{"@context":"https:\/\/schema.org","@graph":[{"@type":["Article","BlogPosting"],"@id":"https:\/\/lombardiashopping.it\/blog\/eventi-cultura\/santambrogio-origini-festa-patrono-milano\/#article","isPartOf":{"@id":"https:\/\/lombardiashopping.it\/blog\/eventi-cultura\/santambrogio-origini-festa-patrono-milano\/"},"author":{"name":"Vincenzo Petrazzuolo","@id":"https:\/\/lombardiashopping.it\/blog\/#\/schema\/person\/375c2e643109d67bfa42d39bdf641ee3"},"headline":"Festa di Sant&#8217;Ambrogio a Milano: Quando si tiene e Come si festeggia","datePublished":"2024-10-21T14:01:20+00:00","dateModified":"2024-12-16T16:09:02+00:00","mainEntityOfPage":{"@id":"https:\/\/lombardiashopping.it\/blog\/eventi-cultura\/santambrogio-origini-festa-patrono-milano\/"},"wordCount":1309,"publisher":{"@id":"https:\/\/lombardiashopping.it\/blog\/#organization"},"image":{"@id":"https:\/\/lombardiashopping.it\/blog\/eventi-cultura\/santambrogio-origini-festa-patrono-milano\/#primaryimage"},"thumbnailUrl":"https:\/\/lombardiashopping.it\/blog\/wp-content\/uploads\/2024\/10\/shutterstock_552988048.jpg","keywords":["Cosa vedere in Lombardia"],"articleSection":["Eventi e Cultura","Sagre e Festivit\u00e0"],"inLanguage":"it-IT"},{"@type":"WebPage","@id":"https:\/\/lombardiashopping.it\/blog\/eventi-cultura\/santambrogio-origini-festa-patrono-milano\/","url":"https:\/\/lombardiashopping.it\/blog\/eventi-cultura\/santambrogio-origini-festa-patrono-milano\/","name":"Sant'Ambrogio: le origini e la festa del Patrono milanese","isPartOf":{"@id":"https:\/\/lombardiashopping.it\/blog\/#website"},"primaryImageOfPage":{"@id":"https:\/\/lombardiashopping.it\/blog\/eventi-cultura\/santambrogio-origini-festa-patrono-milano\/#primaryimage"},"image":{"@id":"https:\/\/lombardiashopping.it\/blog\/eventi-cultura\/santambrogio-origini-festa-patrono-milano\/#primaryimage"},"thumbnailUrl":"https:\/\/lombardiashopping.it\/blog\/wp-content\/uploads\/2024\/10\/shutterstock_552988048.jpg","datePublished":"2024-10-21T14:01:20+00:00","dateModified":"2024-12-16T16:09:02+00:00","description":"Sant'Ambrogio \u00e8 uno dei simboli di Milano. Al Patrono del capoluogo lombardo sono legate pagine storia e tradizione.","breadcrumb":{"@id":"https:\/\/lombardiashopping.it\/blog\/eventi-cultura\/santambrogio-origini-festa-patrono-milano\/#breadcrumb"},"inLanguage":"it-IT","potentialAction":[{"@type":"ReadAction","target":["https:\/\/lombardiashopping.it\/blog\/eventi-cultura\/santambrogio-origini-festa-patrono-milano\/"]}]},{"@type":"ImageObject","inLanguage":"it-IT","@id":"https:\/\/lombardiashopping.it\/blog\/eventi-cultura\/santambrogio-origini-festa-patrono-milano\/#primaryimage","url":"https:\/\/lombardiashopping.it\/blog\/wp-content\/uploads\/2024\/10\/shutterstock_552988048.jpg","contentUrl":"https:\/\/lombardiashopping.it\/blog\/wp-content\/uploads\/2024\/10\/shutterstock_552988048.jpg","width":1000,"height":667,"caption":"Sant'Ambrogio"},{"@type":"BreadcrumbList","@id":"https:\/\/lombardiashopping.it\/blog\/eventi-cultura\/santambrogio-origini-festa-patrono-milano\/#breadcrumb","itemListElement":[{"@type":"ListItem","position":1,"name":"Lombardiablog","item":"https:\/\/lombardiashopping.it\/blog\/"},{"@type":"ListItem","position":2,"name":"Eventi e Cultura","item":"https:\/\/lombardiashopping.it\/blog\/eventi-cultura\/"},{"@type":"ListItem","position":3,"name":"Festa di Sant&#8217;Ambrogio a Milano: Quando si tiene e Come si festeggia"}]},{"@type":"WebSite","@id":"https:\/\/lombardiashopping.it\/blog\/#website","url":"https:\/\/lombardiashopping.it\/blog\/","name":"Lombardia Blog","description":"","publisher":{"@id":"https:\/\/lombardiashopping.it\/blog\/#organization"},"potentialAction":[{"@type":"SearchAction","target":{"@type":"EntryPoint","urlTemplate":"https:\/\/lombardiashopping.it\/blog\/?s={search_term_string}"},"query-input":{"@type":"PropertyValueSpecification","valueRequired":true,"valueName":"search_term_string"}}],"inLanguage":"it-IT"},{"@type":"Organization","@id":"https:\/\/lombardiashopping.it\/blog\/#organization","name":"USB","alternateName":"Ledblog Lombardia","url":"https:\/\/lombardiashopping.it\/blog\/","logo":{"@type":"ImageObject","inLanguage":"it-IT","@id":"https:\/\/lombardiashopping.it\/blog\/#\/schema\/logo\/image\/","url":"","contentUrl":"","caption":"USB"},"image":{"@id":"https:\/\/lombardiashopping.it\/blog\/#\/schema\/logo\/image\/"},"description":"Ledblog Lombardia ha lo scopo di realizzare articoli che possano mettere in risalto luoghi ed eventi di tutta la lombardia."},{"@type":"Person","@id":"https:\/\/lombardiashopping.it\/blog\/#\/schema\/person\/375c2e643109d67bfa42d39bdf641ee3","name":"Vincenzo Petrazzuolo","image":{"@type":"ImageObject","inLanguage":"it-IT","@id":"https:\/\/secure.gravatar.com\/avatar\/499843695e056c2272a50777191130ffbf6c6cfac19942aa9f1c396321af5d02?s=96&d=mm&r=g","url":"https:\/\/secure.gravatar.com\/avatar\/499843695e056c2272a50777191130ffbf6c6cfac19942aa9f1c396321af5d02?s=96&d=mm&r=g","contentUrl":"https:\/\/secure.gravatar.com\/avatar\/499843695e056c2272a50777191130ffbf6c6cfac19942aa9f1c396321af5d02?s=96&d=mm&r=g","caption":"Vincenzo Petrazzuolo"},"description":"Laureato in Scienze Geologiche e SEO Specialist; ama fare sport, viaggiare e giocare ai videogames. Con una smodata curiosit\u00e0 per gli ambiti scientifici, esplora e approfondisce costantemente il mondo della tecnologia, dell'ambiente e del food \u2014 adora cucinare, e soprattutto mangiare. Sempre alla ricerca di nuove sfide, \u00e8 esperto nella scrittura e nell'analisi di contenuti digitali, con un focus sulla definizione di strategie efficaci per il posizionamento sui motori di ricerca."}]}},"acf":[],"_links":{"self":[{"href":"https:\/\/lombardiashopping.it\/blog\/wp-json\/wp\/v2\/posts\/1359","targetHints":{"allow":["GET"]}}],"collection":[{"href":"https:\/\/lombardiashopping.it\/blog\/wp-json\/wp\/v2\/posts"}],"about":[{"href":"https:\/\/lombardiashopping.it\/blog\/wp-json\/wp\/v2\/types\/post"}],"author":[{"embeddable":true,"href":"https:\/\/lombardiashopping.it\/blog\/wp-json\/wp\/v2\/users\/2"}],"replies":[{"embeddable":true,"href":"https:\/\/lombardiashopping.it\/blog\/wp-json\/wp\/v2\/comments?post=1359"}],"version-history":[{"count":33,"href":"https:\/\/lombardiashopping.it\/blog\/wp-json\/wp\/v2\/posts\/1359\/revisions"}],"predecessor-version":[{"id":2129,"href":"https:\/\/lombardiashopping.it\/blog\/wp-json\/wp\/v2\/posts\/1359\/revisions\/2129"}],"wp:featuredmedia":[{"embeddable":true,"href":"https:\/\/lombardiashopping.it\/blog\/wp-json\/wp\/v2\/media\/1360"}],"wp:attachment":[{"href":"https:\/\/lombardiashopping.it\/blog\/wp-json\/wp\/v2\/media?parent=1359"}],"wp:term":[{"taxonomy":"category","embeddable":true,"href":"https:\/\/lombardiashopping.it\/blog\/wp-json\/wp\/v2\/categories?post=1359"},{"taxonomy":"post_tag","embeddable":true,"href":"https:\/\/lombardiashopping.it\/blog\/wp-json\/wp\/v2\/tags?post=1359"}],"curies":[{"name":"wp","href":"https:\/\/api.w.org\/{rel}","templated":true}]}}