{"id":5125,"date":"2025-02-17T11:18:24","date_gmt":"2025-02-17T10:18:24","guid":{"rendered":"https:\/\/lombardiashopping.it\/blog\/?p=5125"},"modified":"2025-02-17T11:24:28","modified_gmt":"2025-02-17T10:24:28","slug":"carnevale-di-varese","status":"publish","type":"post","link":"https:\/\/lombardiashopping.it\/blog\/eventi-cultura\/carnevale-di-varese\/","title":{"rendered":"Carnevale di Varese 2025: storia, tradizioni e programma del Carnevale Bosino"},"content":{"rendered":"\t\t<div data-elementor-type=\"wp-post\" data-elementor-id=\"5125\" class=\"elementor elementor-5125\" data-elementor-post-type=\"post\">\n\t\t\t\t<div class=\"elementor-element elementor-element-98ddbd6 e-flex e-con-boxed wpr-particle-no wpr-jarallax-no wpr-parallax-no wpr-sticky-section-no wpr-equal-height-no e-con e-parent\" data-id=\"98ddbd6\" data-element_type=\"container\" data-e-type=\"container\">\n\t\t\t\t\t<div class=\"e-con-inner\">\n\t\t\t\t<div class=\"elementor-element elementor-element-a9523fb elementor-widget elementor-widget-text-editor\" data-id=\"a9523fb\" data-element_type=\"widget\" data-e-type=\"widget\" data-widget_type=\"text-editor.default\">\n\t\t\t\t<div class=\"elementor-widget-container\">\n\t\t\t\t\t\t\t\t\t<p data-start=\"89\" data-end=\"408\">Il <strong data-start=\"92\" data-end=\"115\">Carnevale di Varese<\/strong>, conosciuto anche come <strong data-start=\"139\" data-end=\"159\">Carnevale Bosino<\/strong>, \u00e8 uno degli eventi pi\u00f9 attesi della citt\u00e0 lombarda. Questa celebrazione affonda le sue radici nel XVI secolo ed \u00e8 oggi un appuntamento imperdibile grazie alle sue <strong data-start=\"324\" data-end=\"405\">sfilate di carri allegorici, maschere tradizionali e spettacoli folcloristici<\/strong>.<\/p><p data-start=\"410\" data-end=\"803\">Organizzato dalla <strong data-start=\"428\" data-end=\"447\">Famiglia Bosina<\/strong>, un\u2019associazione culturale che da oltre cinquant\u2019anni si dedica alla promozione delle tradizioni locali, il Carnevale Bosino \u00e8 un momento di grande coinvolgimento per la comunit\u00e0. Uno degli elementi pi\u00f9 caratteristici \u00e8 la figura del <strong data-start=\"682\" data-end=\"695\">Re Bosino<\/strong>, al quale il sindaco consegna simbolicamente le chiavi della citt\u00e0, sancendo l\u2019inizio dei festeggiamenti.<\/p>\t\t\t\t\t\t\t\t<\/div>\n\t\t\t\t<\/div>\n\t\t\t\t<div class=\"elementor-element elementor-element-1ef2ea5 elementor-widget elementor-widget-heading\" data-id=\"1ef2ea5\" data-element_type=\"widget\" data-e-type=\"widget\" data-widget_type=\"heading.default\">\n\t\t\t\t<div class=\"elementor-widget-container\">\n\t\t\t\t\t<h2 class=\"elementor-heading-title elementor-size-default\">Storia del Carnevale di Varese: le origini del Carnevale Bosino\n<\/h2>\t\t\t\t<\/div>\n\t\t\t\t<\/div>\n\t\t\t\t<div class=\"elementor-element elementor-element-25104a8 elementor-widget elementor-widget-text-editor\" data-id=\"25104a8\" data-element_type=\"widget\" data-e-type=\"widget\" data-widget_type=\"text-editor.default\">\n\t\t\t\t<div class=\"elementor-widget-container\">\n\t\t\t\t\t\t\t\t\t<p data-start=\"75\" data-end=\"383\">Il <strong data-start=\"78\" data-end=\"101\">Carnevale di Varese<\/strong> ha origini antiche e le sue prime celebrazioni risalgono al <strong data-start=\"162\" data-end=\"176\">XVI secolo<\/strong>, quando la citt\u00e0 era governata dalla <strong data-start=\"214\" data-end=\"246\">signoria di Francesco d\u2019Este<\/strong>. In questo periodo, il Carnevale era un\u2019occasione per il popolo di partecipare a grandi feste di piazza, con danze, giochi e maschere.<\/p><p data-start=\"385\" data-end=\"767\">Nel <strong data-start=\"389\" data-end=\"403\">XIX secolo<\/strong>, il Carnevale di Varese si arricch\u00ec con <strong data-start=\"444\" data-end=\"495\">sfilate di carri allegorici e cortei mascherati<\/strong>, diventando un appuntamento sempre pi\u00f9 sentito dalla comunit\u00e0. Tuttavia, fu solo nel <strong data-start=\"581\" data-end=\"589\">1956<\/strong> che il Carnevale assunse la sua forma attuale, grazie all\u2019impegno della <strong data-start=\"662\" data-end=\"681\">Famiglia Bosina<\/strong>, un\u2019associazione culturale fondata per tutelare il dialetto e le tradizioni locali.<\/p><p data-start=\"769\" data-end=\"1376\">Uno degli aspetti pi\u00f9 caratteristici del Carnevale Bosino \u00e8 la figura di <strong data-start=\"842\" data-end=\"855\">Re Bosino<\/strong>, simbolo dell\u2019allegria e della spensieratezza. Durante la cerimonia di apertura, il sindaco di Varese gli consegna le chiavi della citt\u00e0, dando ufficialmente il via ai festeggiamenti. Un\u2019altra maschera tipica della festa \u00e8 <strong data-start=\"1079\" data-end=\"1096\">Pin Girometta<\/strong>, creata dal poeta e pittore Giuseppe Talamoni. Questo personaggio rappresenta un venditore ambulante del XVIII secolo ed \u00e8 caratterizzato da un abito con i colori della citt\u00e0: <strong data-start=\"1273\" data-end=\"1373\">verde come i giardini, blu come i laghi, marrone come i boschi e rosso come il simbolo di Varese<\/strong>.<\/p><p data-start=\"1378\" data-end=\"1639\">Nel corso degli anni, il Carnevale Bosino ha mantenuto viva la sua tradizione, mescolando elementi storici con nuove influenze. Oggi \u00e8 una festa che coinvolge <strong data-start=\"1537\" data-end=\"1557\">grandi e piccoli<\/strong>, con sfilate spettacolari e eventi culturali che celebrano l\u2019identit\u00e0 varesina.<\/p>\t\t\t\t\t\t\t\t<\/div>\n\t\t\t\t<\/div>\n\t\t\t\t<div class=\"elementor-element elementor-element-7ca4aa5 elementor-widget elementor-widget-heading\" data-id=\"7ca4aa5\" data-element_type=\"widget\" data-e-type=\"widget\" data-widget_type=\"heading.default\">\n\t\t\t\t<div class=\"elementor-widget-container\">\n\t\t\t\t\t<h2 class=\"elementor-heading-title elementor-size-default\">Programma del Carnevale di Varese 2025: date e eventi principali<\/h2>\t\t\t\t<\/div>\n\t\t\t\t<\/div>\n\t\t\t\t<div class=\"elementor-element elementor-element-24ca739 elementor-widget elementor-widget-text-editor\" data-id=\"24ca739\" data-element_type=\"widget\" data-e-type=\"widget\" data-widget_type=\"text-editor.default\">\n\t\t\t\t<div class=\"elementor-widget-container\">\n\t\t\t\t\t\t\t\t\t<p data-start=\"76\" data-end=\"287\">L\u2019edizione <strong data-start=\"87\" data-end=\"119\">2025 del Carnevale di Varese<\/strong> seguir\u00e0 il <strong data-start=\"131\" data-end=\"146\">rito romano<\/strong>, con eventi che si svolgeranno tra il <strong data-start=\"185\" data-end=\"213\">27 febbraio e il 4 marzo<\/strong>, trasformando la citt\u00e0 in un palcoscenico di colori, musica e allegria.<\/p><p data-start=\"289\" data-end=\"341\"><strong data-start=\"294\" data-end=\"339\">Gioved\u00ec 27 febbraio 2025 \u2013 Gioved\u00ec Grasso<\/strong><\/p><ul data-start=\"342\" data-end=\"592\"><li data-start=\"342\" data-end=\"446\">Cerimonia di apertura con la <strong data-start=\"373\" data-end=\"422\">consegna delle chiavi della citt\u00e0 a Re Bosino<\/strong>, simbolo della festa.<\/li><li data-start=\"447\" data-end=\"522\">Esibizioni musicali e spettacoli folcloristici nelle piazze del centro.<\/li><li data-start=\"523\" data-end=\"592\">Animazione per bambini e laboratori creativi a tema carnevalesco.<\/li><\/ul><p data-start=\"594\" data-end=\"664\">\u00a0<\/p><p data-start=\"594\" data-end=\"664\"><strong data-start=\"599\" data-end=\"662\">Domenica 2 marzo 2025 \u2013 Grande sfilata dei carri allegorici<\/strong><\/p><ul data-start=\"665\" data-end=\"890\"><li data-start=\"665\" data-end=\"751\"><strong data-start=\"667\" data-end=\"718\">Parata dei carri allegorici e gruppi mascherati<\/strong> per le vie del centro storico.<\/li><li data-start=\"752\" data-end=\"822\">Performance di <strong data-start=\"769\" data-end=\"819\">artisti di strada, giocolieri e bande musicali<\/strong>.<\/li><li data-start=\"823\" data-end=\"890\">Stand gastronomici con degustazioni di <strong data-start=\"864\" data-end=\"887\">specialit\u00e0 varesine<\/strong>.<\/li><\/ul><p data-start=\"892\" data-end=\"954\">\u00a0<\/p><p data-start=\"892\" data-end=\"954\"><strong data-start=\"897\" data-end=\"952\">Marted\u00ec 4 marzo 2025 \u2013 Marted\u00ec Grasso e gran finale<\/strong><\/p><ul data-start=\"955\" data-end=\"1214\"><li data-start=\"955\" data-end=\"1040\"><strong data-start=\"957\" data-end=\"996\">Ultima sfilata dei carri allegorici<\/strong> con premiazione delle migliori creazioni.<\/li><li data-start=\"1041\" data-end=\"1106\">Eventi per famiglie, spettacoli teatrali e concerti dal vivo.<\/li><li data-start=\"1107\" data-end=\"1214\">Conclusione ufficiale del Carnevale con il simbolico <strong data-start=\"1162\" data-end=\"1211\">passaggio di consegne da Re Bosino al sindaco<\/strong>.<\/li><\/ul><p data-start=\"1216\" data-end=\"1411\">\u00a0<\/p><p data-start=\"1216\" data-end=\"1411\">Oltre alle sfilate principali, il Carnevale Bosino prevede <strong data-start=\"1275\" data-end=\"1297\">eventi collaterali<\/strong> in diversi comuni della provincia di Varese, con spettacoli, mercatini artigianali e attivit\u00e0 per tutte le et\u00e0.<\/p>\t\t\t\t\t\t\t\t<\/div>\n\t\t\t\t<\/div>\n\t\t\t\t<div class=\"elementor-element elementor-element-a1940a4 elementor-widget elementor-widget-heading\" data-id=\"a1940a4\" data-element_type=\"widget\" data-e-type=\"widget\" data-widget_type=\"heading.default\">\n\t\t\t\t<div class=\"elementor-widget-container\">\n\t\t\t\t\t<h2 class=\"elementor-heading-title elementor-size-default\">Le maschere tradizionali del Carnevale Bosino\n<\/h2>\t\t\t\t<\/div>\n\t\t\t\t<\/div>\n\t\t\t\t<div class=\"elementor-element elementor-element-f1174a4 elementor-widget elementor-widget-text-editor\" data-id=\"f1174a4\" data-element_type=\"widget\" data-e-type=\"widget\" data-widget_type=\"text-editor.default\">\n\t\t\t\t<div class=\"elementor-widget-container\">\n\t\t\t\t\t\t\t\t\t<p data-start=\"57\" data-end=\"223\">Uno degli elementi pi\u00f9 affascinanti del <strong data-start=\"97\" data-end=\"120\">Carnevale di Varese<\/strong> \u00e8 la presenza delle <strong data-start=\"141\" data-end=\"166\">maschere tradizionali<\/strong>, che rappresentano la storia e l\u2019identit\u00e0 della citt\u00e0.<\/p><h3 data-start=\"225\" data-end=\"281\"><strong data-start=\"230\" data-end=\"279\">Re Bosino: il simbolo del Carnevale di Varese<\/strong><\/h3><p data-start=\"282\" data-end=\"613\">Re Bosino \u00e8 la <strong data-start=\"297\" data-end=\"340\">maschera ufficiale del Carnevale Bosino<\/strong> e il protagonista della festa. Durante la cerimonia di apertura, il sindaco gli consegna simbolicamente <strong data-start=\"445\" data-end=\"470\">le chiavi della citt\u00e0<\/strong>, sancendo l\u2019inizio delle celebrazioni. Questo atto simboleggia il passaggio a un periodo di allegria e spensieratezza per tutta la comunit\u00e0.<\/p><p data-start=\"615\" data-end=\"854\">Il nome &#8220;Bosino&#8221; deriva dal termine dialettale che identifica gli abitanti di Varese e il suo territorio. Re Bosino incarna dunque lo spirito della citt\u00e0 e delle sue tradizioni, con un abito elegante e una presenza autorevole ma giocosa.<\/p><h3 data-start=\"856\" data-end=\"923\"><strong data-start=\"861\" data-end=\"921\">Pin Girometta: la maschera popolare<\/strong><\/h3><p data-start=\"924\" data-end=\"1196\">Pin Girometta \u00e8 un altro personaggio fondamentale della festa. Fu creato nel <strong data-start=\"1001\" data-end=\"1009\">1956<\/strong> dal pittore e poeta Giuseppe Talamoni, ispirandosi a un <strong data-start=\"1066\" data-end=\"1106\">venditore ambulante del XVIII secolo<\/strong>. Il suo nome richiama il modo di parlare veloce e ironico tipico del dialetto varesino.<\/p><p data-start=\"1198\" data-end=\"1250\">Il suo costume \u00e8 un omaggio ai colori della citt\u00e0:<\/p><ul data-start=\"1251\" data-end=\"1453\"><li data-start=\"1251\" data-end=\"1317\"><strong data-start=\"1253\" data-end=\"1262\">Verde<\/strong>, come i giardini e le colline che circondano Varese.<\/li><li data-start=\"1318\" data-end=\"1355\"><strong data-start=\"1320\" data-end=\"1327\">Blu<\/strong>, come i laghi della zona.<\/li><li data-start=\"1356\" data-end=\"1410\"><strong data-start=\"1358\" data-end=\"1369\">Marrone<\/strong>, come i boschi delle Prealpi varesine.<\/li><li data-start=\"1411\" data-end=\"1453\"><strong data-start=\"1413\" data-end=\"1422\">Rosso<\/strong>, simbolo della citt\u00e0 stessa.<\/li><\/ul><p data-start=\"1455\" data-end=\"1569\">Pin Girometta \u00e8 una figura divertente e scanzonata, che rappresenta il lato pi\u00f9 ironico e giocoso del Carnevale.<\/p><p data-start=\"1619\" data-end=\"1868\">Oltre alle maschere storiche varesine, durante il Carnevale sfilano anche le classiche\u00a0<a href=\"https:\/\/lombardiashopping.it\/blog\/eventi-cultura\/maschere-milanesi\/\" target=\"_blank\" rel=\"noopener\">maschere della Commedia dell\u2019Arte<\/a>, come <strong data-start=\"1759\" data-end=\"1808\">Arlecchino, Colombina o Balanzone <\/strong>che aggiungono un tocco di teatralit\u00e0 alle celebrazioni.<\/p><p data-start=\"1870\" data-end=\"1999\">Grazie a queste maschere, il <strong data-start=\"1899\" data-end=\"1919\">Carnevale Bosino<\/strong> mantiene viva la tradizione popolare, unendo storia, folclore e divertimento.<\/p>\t\t\t\t\t\t\t\t<\/div>\n\t\t\t\t<\/div>\n\t\t\t\t<div class=\"elementor-element elementor-element-baf51e7 elementor-widget elementor-widget-text-editor\" data-id=\"baf51e7\" data-element_type=\"widget\" data-e-type=\"widget\" data-widget_type=\"text-editor.default\">\n\t\t\t\t<div class=\"elementor-widget-container\">\n\t\t\t\t\t\t\t\t\t<p>Potrebbe interessarti anche:\u00a0<\/p><p><a href=\"https:\/\/lombardiashopping.it\/blog\/eventi-cultura\/carnevale-grosio-valtellina\/\" target=\"_blank\" rel=\"noopener\">Carnevale di Grosio<\/a><\/p><p><a href=\"https:\/\/lombardiashopping.it\/blog\/eventi-cultura\/carnevale-bagolino-2025\/\" target=\"_blank\" rel=\"noopener\">Carnevale di Bagolino<\/a><\/p><p><a href=\"https:\/\/lombardiashopping.it\/blog\/eventi-cultura\/carnevale-di-mantova\/\" target=\"_blank\" rel=\"noopener\">Carnevale di Mantova<\/a><\/p><p><a style=\"font-family: var( --e-global-typography-text-font-family ), Sans-serif; font-weight: var( --e-global-typography-text-font-weight ); text-align: var(--text-align); background-color: #ffffff;\" href=\"https:\/\/lombardiashopping.it\/blog\/eventi-cultura\/carnevale-cantu-2025\/\" target=\"_blank\" rel=\"noopener\">Carnevale di Cant\u00f9<\/a><\/p><p><a style=\"font-family: var( --e-global-typography-text-font-family ), Sans-serif; font-weight: var( --e-global-typography-text-font-weight ); text-align: var(--text-align); background-color: #ffffff;\" href=\"https:\/\/lombardiashopping.it\/blog\/eventi-cultura\/carnevale-ambrosiano-milano\/\" target=\"_blank\" rel=\"noopener\">Carnevale Ambrosiano a Milano<\/a><\/p><p><a style=\"font-family: var( --e-global-typography-text-font-family ), Sans-serif; font-weight: var( --e-global-typography-text-font-weight ); text-align: var(--text-align); background-color: #ffffff;\" href=\"https:\/\/lombardiashopping.it\/blog\/eventi-cultura\/carnevale-crema-2025\/\" target=\"_blank\" rel=\"noopener\">Carnevale di Crema<\/a><\/p><p class=\"wpr-post-title\"><a style=\"font-family: var( --e-global-typography-text-font-family ), Sans-serif; font-weight: var( --e-global-typography-text-font-weight ); text-align: var(--text-align); background-color: #ffffff;\" href=\"https:\/\/lombardiashopping.it\/blog\/eventi-cultura\/carnevale-lombardia-2025\/\" target=\"_blank\" rel=\"noopener\">Carnevale in Lombardia<\/a><\/p>\t\t\t\t\t\t\t\t<\/div>\n\t\t\t\t<\/div>\n\t\t\t\t\t<\/div>\n\t\t\t\t<\/div>\n\t\t\t\t<\/div>\n\t\t","protected":false},"excerpt":{"rendered":"<p>Nell\u2019articolo vedremo la storia del Carnevale Bosino, le maschere tradizionali, il programma 2025 e tutte le informazioni utili per partecipare a questa festa unica.<\/p>\n","protected":false},"author":3,"featured_media":5127,"comment_status":"closed","ping_status":"open","sticky":false,"template":"","format":"standard","meta":{"footnotes":""},"categories":[3,152],"tags":[181],"class_list":["post-5125","post","type-post","status-publish","format-standard","has-post-thumbnail","hentry","category-eventi-cultura","category-sagre-feste","tag-carnevale"],"yoast_head":"<!-- This site is optimized with the Yoast SEO Premium plugin v27.4 (Yoast SEO v27.4) - https:\/\/yoast.com\/product\/yoast-seo-premium-wordpress\/ -->\n<title>Carnevale di Varese 2025: storia, tradizioni e programma<\/title>\n<meta name=\"description\" content=\"Nell\u2019articolo vedremo la storia del Carnevale Bosino, le maschere tradizionali, il programma 2025 e tutte le informazioni utili.\" \/>\n<meta name=\"robots\" content=\"index, follow, max-snippet:-1, max-image-preview:large, max-video-preview:-1\" \/>\n<link rel=\"canonical\" href=\"https:\/\/lombardiashopping.it\/blog\/eventi-cultura\/carnevale-di-varese\/\" \/>\n<meta property=\"og:locale\" content=\"it_IT\" \/>\n<meta property=\"og:type\" content=\"article\" \/>\n<meta property=\"og:title\" content=\"Carnevale di Varese 2025: storia, tradizioni e programma del Carnevale Bosino\" \/>\n<meta property=\"og:description\" content=\"Nell\u2019articolo vedremo la storia del Carnevale Bosino, le maschere tradizionali, il programma 2025 e tutte le informazioni utili.\" \/>\n<meta property=\"og:url\" content=\"https:\/\/lombardiashopping.it\/blog\/eventi-cultura\/carnevale-di-varese\/\" \/>\n<meta property=\"og:site_name\" content=\"Blog Lombardia\" \/>\n<meta property=\"article:published_time\" content=\"2025-02-17T10:18:24+00:00\" \/>\n<meta property=\"article:modified_time\" content=\"2025-02-17T10:24:28+00:00\" \/>\n<meta property=\"og:image\" content=\"https:\/\/lombardiashopping.it\/blog\/wp-content\/uploads\/2025\/02\/carnevale-a-varese-2025.webp\" \/>\n\t<meta property=\"og:image:width\" content=\"900\" \/>\n\t<meta property=\"og:image:height\" content=\"600\" \/>\n\t<meta property=\"og:image:type\" content=\"image\/webp\" \/>\n<meta name=\"author\" content=\"Mario Chirico\" \/>\n<meta name=\"twitter:card\" content=\"summary_large_image\" \/>\n<meta name=\"twitter:label1\" content=\"Scritto da\" \/>\n\t<meta name=\"twitter:data1\" content=\"Mario Chirico\" \/>\n\t<meta name=\"twitter:label2\" content=\"Tempo di lettura stimato\" \/>\n\t<meta name=\"twitter:data2\" content=\"5 minuti\" \/>\n<script type=\"application\/ld+json\" class=\"yoast-schema-graph\">{\"@context\":\"https:\\\/\\\/schema.org\",\"@graph\":[{\"@type\":[\"Article\",\"BlogPosting\"],\"@id\":\"https:\\\/\\\/lombardiashopping.it\\\/blog\\\/eventi-cultura\\\/carnevale-di-varese\\\/#article\",\"isPartOf\":{\"@id\":\"https:\\\/\\\/lombardiashopping.it\\\/blog\\\/eventi-cultura\\\/carnevale-di-varese\\\/\"},\"author\":{\"name\":\"Mario Chirico\",\"@id\":\"https:\\\/\\\/lombardiashopping.it\\\/blog\\\/#\\\/schema\\\/person\\\/361b68d1f526eecec4ce01db966a79c2\"},\"headline\":\"Carnevale di Varese 2025: storia, tradizioni e programma del Carnevale Bosino\",\"datePublished\":\"2025-02-17T10:18:24+00:00\",\"dateModified\":\"2025-02-17T10:24:28+00:00\",\"mainEntityOfPage\":{\"@id\":\"https:\\\/\\\/lombardiashopping.it\\\/blog\\\/eventi-cultura\\\/carnevale-di-varese\\\/\"},\"wordCount\":832,\"publisher\":{\"@id\":\"https:\\\/\\\/lombardiashopping.it\\\/blog\\\/#organization\"},\"image\":{\"@id\":\"https:\\\/\\\/lombardiashopping.it\\\/blog\\\/eventi-cultura\\\/carnevale-di-varese\\\/#primaryimage\"},\"thumbnailUrl\":\"https:\\\/\\\/lombardiashopping.it\\\/blog\\\/wp-content\\\/uploads\\\/2025\\\/02\\\/carnevale-a-varese-2025.webp\",\"keywords\":[\"Carnevale in Lombardia\"],\"articleSection\":[\"Eventi e Cultura\",\"Sagre e Festivit\u00e0\"],\"inLanguage\":\"it-IT\",\"copyrightYear\":\"2025\",\"copyrightHolder\":{\"@id\":\"https:\\\/\\\/lombardiashopping.it\\\/blog\\\/#organization\"}},{\"@type\":\"WebPage\",\"@id\":\"https:\\\/\\\/lombardiashopping.it\\\/blog\\\/eventi-cultura\\\/carnevale-di-varese\\\/\",\"url\":\"https:\\\/\\\/lombardiashopping.it\\\/blog\\\/eventi-cultura\\\/carnevale-di-varese\\\/\",\"name\":\"Carnevale di Varese 2025: storia, tradizioni e programma\",\"isPartOf\":{\"@id\":\"https:\\\/\\\/lombardiashopping.it\\\/blog\\\/#website\"},\"primaryImageOfPage\":{\"@id\":\"https:\\\/\\\/lombardiashopping.it\\\/blog\\\/eventi-cultura\\\/carnevale-di-varese\\\/#primaryimage\"},\"image\":{\"@id\":\"https:\\\/\\\/lombardiashopping.it\\\/blog\\\/eventi-cultura\\\/carnevale-di-varese\\\/#primaryimage\"},\"thumbnailUrl\":\"https:\\\/\\\/lombardiashopping.it\\\/blog\\\/wp-content\\\/uploads\\\/2025\\\/02\\\/carnevale-a-varese-2025.webp\",\"datePublished\":\"2025-02-17T10:18:24+00:00\",\"dateModified\":\"2025-02-17T10:24:28+00:00\",\"description\":\"Nell\u2019articolo vedremo la storia del Carnevale Bosino, le maschere tradizionali, il programma 2025 e tutte le informazioni utili.\",\"breadcrumb\":{\"@id\":\"https:\\\/\\\/lombardiashopping.it\\\/blog\\\/eventi-cultura\\\/carnevale-di-varese\\\/#breadcrumb\"},\"inLanguage\":\"it-IT\",\"potentialAction\":[{\"@type\":\"ReadAction\",\"target\":[\"https:\\\/\\\/lombardiashopping.it\\\/blog\\\/eventi-cultura\\\/carnevale-di-varese\\\/\"]}]},{\"@type\":\"ImageObject\",\"inLanguage\":\"it-IT\",\"@id\":\"https:\\\/\\\/lombardiashopping.it\\\/blog\\\/eventi-cultura\\\/carnevale-di-varese\\\/#primaryimage\",\"url\":\"https:\\\/\\\/lombardiashopping.it\\\/blog\\\/wp-content\\\/uploads\\\/2025\\\/02\\\/carnevale-a-varese-2025.webp\",\"contentUrl\":\"https:\\\/\\\/lombardiashopping.it\\\/blog\\\/wp-content\\\/uploads\\\/2025\\\/02\\\/carnevale-a-varese-2025.webp\",\"width\":900,\"height\":600,\"caption\":\"carnevale a Varese 2025\"},{\"@type\":\"BreadcrumbList\",\"@id\":\"https:\\\/\\\/lombardiashopping.it\\\/blog\\\/eventi-cultura\\\/carnevale-di-varese\\\/#breadcrumb\",\"itemListElement\":[{\"@type\":\"ListItem\",\"position\":1,\"name\":\"Lombardiablog\",\"item\":\"https:\\\/\\\/lombardiashopping.it\\\/blog\\\/\"},{\"@type\":\"ListItem\",\"position\":2,\"name\":\"Eventi e Cultura\",\"item\":\"https:\\\/\\\/lombardiashopping.it\\\/blog\\\/eventi-cultura\\\/\"},{\"@type\":\"ListItem\",\"position\":3,\"name\":\"Carnevale di Varese 2025: storia, tradizioni e programma del Carnevale Bosino\"}]},{\"@type\":\"WebSite\",\"@id\":\"https:\\\/\\\/lombardiashopping.it\\\/blog\\\/#website\",\"url\":\"https:\\\/\\\/lombardiashopping.it\\\/blog\\\/\",\"name\":\"Lombardia Blog\",\"description\":\"\",\"publisher\":{\"@id\":\"https:\\\/\\\/lombardiashopping.it\\\/blog\\\/#organization\"},\"potentialAction\":[{\"@type\":\"SearchAction\",\"target\":{\"@type\":\"EntryPoint\",\"urlTemplate\":\"https:\\\/\\\/lombardiashopping.it\\\/blog\\\/?s={search_term_string}\"},\"query-input\":{\"@type\":\"PropertyValueSpecification\",\"valueRequired\":true,\"valueName\":\"search_term_string\"}}],\"inLanguage\":\"it-IT\"},{\"@type\":\"Organization\",\"@id\":\"https:\\\/\\\/lombardiashopping.it\\\/blog\\\/#organization\",\"name\":\"USB\",\"alternateName\":\"Ledblog Lombardia\",\"url\":\"https:\\\/\\\/lombardiashopping.it\\\/blog\\\/\",\"logo\":{\"@type\":\"ImageObject\",\"inLanguage\":\"it-IT\",\"@id\":\"https:\\\/\\\/lombardiashopping.it\\\/blog\\\/#\\\/schema\\\/logo\\\/image\\\/\",\"url\":\"\",\"contentUrl\":\"\",\"caption\":\"USB\"},\"image\":{\"@id\":\"https:\\\/\\\/lombardiashopping.it\\\/blog\\\/#\\\/schema\\\/logo\\\/image\\\/\"},\"description\":\"Ledblog Lombardia ha lo scopo di realizzare articoli che possano mettere in risalto luoghi ed eventi di tutta la lombardia.\"},{\"@type\":\"Person\",\"@id\":\"https:\\\/\\\/lombardiashopping.it\\\/blog\\\/#\\\/schema\\\/person\\\/361b68d1f526eecec4ce01db966a79c2\",\"name\":\"Mario Chirico\",\"image\":{\"@type\":\"ImageObject\",\"inLanguage\":\"it-IT\",\"@id\":\"https:\\\/\\\/secure.gravatar.com\\\/avatar\\\/cebbe5fdadbd866e7a3b8531022b95bc58c735316c117136d6bf67024df1188a?s=96&d=mm&r=g\",\"url\":\"https:\\\/\\\/secure.gravatar.com\\\/avatar\\\/cebbe5fdadbd866e7a3b8531022b95bc58c735316c117136d6bf67024df1188a?s=96&d=mm&r=g\",\"contentUrl\":\"https:\\\/\\\/secure.gravatar.com\\\/avatar\\\/cebbe5fdadbd866e7a3b8531022b95bc58c735316c117136d6bf67024df1188a?s=96&d=mm&r=g\",\"caption\":\"Mario Chirico\"},\"description\":\"Mario Chirico, classe 1999, \u00e8 dottore in Culture digitali e della comunicazione presso l'Universit\u00e0 degli Studi di Napoli \\\"Federico II\\\". Si dedica ogni giorno alla scoperta di qualcosa di nuovo da poter condividere. Insegue il sogno di visitare il mondo e di scoprirne tutto il fascino. Nel tempo libero si dedica allo sport come il calcio e la palestra.\"}]}<\/script>\n<!-- \/ Yoast SEO Premium plugin. -->","yoast_head_json":{"title":"Carnevale di Varese 2025: storia, tradizioni e programma","description":"Nell\u2019articolo vedremo la storia del Carnevale Bosino, le maschere tradizionali, il programma 2025 e tutte le informazioni utili.","robots":{"index":"index","follow":"follow","max-snippet":"max-snippet:-1","max-image-preview":"max-image-preview:large","max-video-preview":"max-video-preview:-1"},"canonical":"https:\/\/lombardiashopping.it\/blog\/eventi-cultura\/carnevale-di-varese\/","og_locale":"it_IT","og_type":"article","og_title":"Carnevale di Varese 2025: storia, tradizioni e programma del Carnevale Bosino","og_description":"Nell\u2019articolo vedremo la storia del Carnevale Bosino, le maschere tradizionali, il programma 2025 e tutte le informazioni utili.","og_url":"https:\/\/lombardiashopping.it\/blog\/eventi-cultura\/carnevale-di-varese\/","og_site_name":"Blog Lombardia","article_published_time":"2025-02-17T10:18:24+00:00","article_modified_time":"2025-02-17T10:24:28+00:00","og_image":[{"width":900,"height":600,"url":"https:\/\/lombardiashopping.it\/blog\/wp-content\/uploads\/2025\/02\/carnevale-a-varese-2025.webp","type":"image\/webp"}],"author":"Mario Chirico","twitter_card":"summary_large_image","twitter_misc":{"Scritto da":"Mario Chirico","Tempo di lettura stimato":"5 minuti"},"schema":{"@context":"https:\/\/schema.org","@graph":[{"@type":["Article","BlogPosting"],"@id":"https:\/\/lombardiashopping.it\/blog\/eventi-cultura\/carnevale-di-varese\/#article","isPartOf":{"@id":"https:\/\/lombardiashopping.it\/blog\/eventi-cultura\/carnevale-di-varese\/"},"author":{"name":"Mario Chirico","@id":"https:\/\/lombardiashopping.it\/blog\/#\/schema\/person\/361b68d1f526eecec4ce01db966a79c2"},"headline":"Carnevale di Varese 2025: storia, tradizioni e programma del Carnevale Bosino","datePublished":"2025-02-17T10:18:24+00:00","dateModified":"2025-02-17T10:24:28+00:00","mainEntityOfPage":{"@id":"https:\/\/lombardiashopping.it\/blog\/eventi-cultura\/carnevale-di-varese\/"},"wordCount":832,"publisher":{"@id":"https:\/\/lombardiashopping.it\/blog\/#organization"},"image":{"@id":"https:\/\/lombardiashopping.it\/blog\/eventi-cultura\/carnevale-di-varese\/#primaryimage"},"thumbnailUrl":"https:\/\/lombardiashopping.it\/blog\/wp-content\/uploads\/2025\/02\/carnevale-a-varese-2025.webp","keywords":["Carnevale in Lombardia"],"articleSection":["Eventi e Cultura","Sagre e Festivit\u00e0"],"inLanguage":"it-IT","copyrightYear":"2025","copyrightHolder":{"@id":"https:\/\/lombardiashopping.it\/blog\/#organization"}},{"@type":"WebPage","@id":"https:\/\/lombardiashopping.it\/blog\/eventi-cultura\/carnevale-di-varese\/","url":"https:\/\/lombardiashopping.it\/blog\/eventi-cultura\/carnevale-di-varese\/","name":"Carnevale di Varese 2025: storia, tradizioni e programma","isPartOf":{"@id":"https:\/\/lombardiashopping.it\/blog\/#website"},"primaryImageOfPage":{"@id":"https:\/\/lombardiashopping.it\/blog\/eventi-cultura\/carnevale-di-varese\/#primaryimage"},"image":{"@id":"https:\/\/lombardiashopping.it\/blog\/eventi-cultura\/carnevale-di-varese\/#primaryimage"},"thumbnailUrl":"https:\/\/lombardiashopping.it\/blog\/wp-content\/uploads\/2025\/02\/carnevale-a-varese-2025.webp","datePublished":"2025-02-17T10:18:24+00:00","dateModified":"2025-02-17T10:24:28+00:00","description":"Nell\u2019articolo vedremo la storia del Carnevale Bosino, le maschere tradizionali, il programma 2025 e tutte le informazioni utili.","breadcrumb":{"@id":"https:\/\/lombardiashopping.it\/blog\/eventi-cultura\/carnevale-di-varese\/#breadcrumb"},"inLanguage":"it-IT","potentialAction":[{"@type":"ReadAction","target":["https:\/\/lombardiashopping.it\/blog\/eventi-cultura\/carnevale-di-varese\/"]}]},{"@type":"ImageObject","inLanguage":"it-IT","@id":"https:\/\/lombardiashopping.it\/blog\/eventi-cultura\/carnevale-di-varese\/#primaryimage","url":"https:\/\/lombardiashopping.it\/blog\/wp-content\/uploads\/2025\/02\/carnevale-a-varese-2025.webp","contentUrl":"https:\/\/lombardiashopping.it\/blog\/wp-content\/uploads\/2025\/02\/carnevale-a-varese-2025.webp","width":900,"height":600,"caption":"carnevale a Varese 2025"},{"@type":"BreadcrumbList","@id":"https:\/\/lombardiashopping.it\/blog\/eventi-cultura\/carnevale-di-varese\/#breadcrumb","itemListElement":[{"@type":"ListItem","position":1,"name":"Lombardiablog","item":"https:\/\/lombardiashopping.it\/blog\/"},{"@type":"ListItem","position":2,"name":"Eventi e Cultura","item":"https:\/\/lombardiashopping.it\/blog\/eventi-cultura\/"},{"@type":"ListItem","position":3,"name":"Carnevale di Varese 2025: storia, tradizioni e programma del Carnevale Bosino"}]},{"@type":"WebSite","@id":"https:\/\/lombardiashopping.it\/blog\/#website","url":"https:\/\/lombardiashopping.it\/blog\/","name":"Lombardia Blog","description":"","publisher":{"@id":"https:\/\/lombardiashopping.it\/blog\/#organization"},"potentialAction":[{"@type":"SearchAction","target":{"@type":"EntryPoint","urlTemplate":"https:\/\/lombardiashopping.it\/blog\/?s={search_term_string}"},"query-input":{"@type":"PropertyValueSpecification","valueRequired":true,"valueName":"search_term_string"}}],"inLanguage":"it-IT"},{"@type":"Organization","@id":"https:\/\/lombardiashopping.it\/blog\/#organization","name":"USB","alternateName":"Ledblog Lombardia","url":"https:\/\/lombardiashopping.it\/blog\/","logo":{"@type":"ImageObject","inLanguage":"it-IT","@id":"https:\/\/lombardiashopping.it\/blog\/#\/schema\/logo\/image\/","url":"","contentUrl":"","caption":"USB"},"image":{"@id":"https:\/\/lombardiashopping.it\/blog\/#\/schema\/logo\/image\/"},"description":"Ledblog Lombardia ha lo scopo di realizzare articoli che possano mettere in risalto luoghi ed eventi di tutta la lombardia."},{"@type":"Person","@id":"https:\/\/lombardiashopping.it\/blog\/#\/schema\/person\/361b68d1f526eecec4ce01db966a79c2","name":"Mario Chirico","image":{"@type":"ImageObject","inLanguage":"it-IT","@id":"https:\/\/secure.gravatar.com\/avatar\/cebbe5fdadbd866e7a3b8531022b95bc58c735316c117136d6bf67024df1188a?s=96&d=mm&r=g","url":"https:\/\/secure.gravatar.com\/avatar\/cebbe5fdadbd866e7a3b8531022b95bc58c735316c117136d6bf67024df1188a?s=96&d=mm&r=g","contentUrl":"https:\/\/secure.gravatar.com\/avatar\/cebbe5fdadbd866e7a3b8531022b95bc58c735316c117136d6bf67024df1188a?s=96&d=mm&r=g","caption":"Mario Chirico"},"description":"Mario Chirico, classe 1999, \u00e8 dottore in Culture digitali e della comunicazione presso l'Universit\u00e0 degli Studi di Napoli \"Federico II\". Si dedica ogni giorno alla scoperta di qualcosa di nuovo da poter condividere. Insegue il sogno di visitare il mondo e di scoprirne tutto il fascino. Nel tempo libero si dedica allo sport come il calcio e la palestra."}]}},"acf":[],"_links":{"self":[{"href":"https:\/\/lombardiashopping.it\/blog\/wp-json\/wp\/v2\/posts\/5125","targetHints":{"allow":["GET"]}}],"collection":[{"href":"https:\/\/lombardiashopping.it\/blog\/wp-json\/wp\/v2\/posts"}],"about":[{"href":"https:\/\/lombardiashopping.it\/blog\/wp-json\/wp\/v2\/types\/post"}],"author":[{"embeddable":true,"href":"https:\/\/lombardiashopping.it\/blog\/wp-json\/wp\/v2\/users\/3"}],"replies":[{"embeddable":true,"href":"https:\/\/lombardiashopping.it\/blog\/wp-json\/wp\/v2\/comments?post=5125"}],"version-history":[{"count":4,"href":"https:\/\/lombardiashopping.it\/blog\/wp-json\/wp\/v2\/posts\/5125\/revisions"}],"predecessor-version":[{"id":5130,"href":"https:\/\/lombardiashopping.it\/blog\/wp-json\/wp\/v2\/posts\/5125\/revisions\/5130"}],"wp:featuredmedia":[{"embeddable":true,"href":"https:\/\/lombardiashopping.it\/blog\/wp-json\/wp\/v2\/media\/5127"}],"wp:attachment":[{"href":"https:\/\/lombardiashopping.it\/blog\/wp-json\/wp\/v2\/media?parent=5125"}],"wp:term":[{"taxonomy":"category","embeddable":true,"href":"https:\/\/lombardiashopping.it\/blog\/wp-json\/wp\/v2\/categories?post=5125"},{"taxonomy":"post_tag","embeddable":true,"href":"https:\/\/lombardiashopping.it\/blog\/wp-json\/wp\/v2\/tags?post=5125"}],"curies":[{"name":"wp","href":"https:\/\/api.w.org\/{rel}","templated":true}]}}