{"id":5644,"date":"2025-03-03T10:05:27","date_gmt":"2025-03-03T09:05:27","guid":{"rendered":"https:\/\/lombardiashopping.it\/blog\/?p=5644"},"modified":"2025-03-05T09:43:13","modified_gmt":"2025-03-05T08:43:13","slug":"festa-della-donna-bergamo","status":"publish","type":"post","link":"https:\/\/lombardiashopping.it\/blog\/eventi-cultura\/festa-della-donna-bergamo\/","title":{"rendered":"Festa della Donna 2025 a Bergamo: eventi, idee e suggerimenti per una giornata speciale"},"content":{"rendered":"\t\t<div data-elementor-type=\"wp-post\" data-elementor-id=\"5644\" class=\"elementor elementor-5644\" data-elementor-post-type=\"post\">\n\t\t\t\t<div class=\"elementor-element elementor-element-98ddbd6 e-flex e-con-boxed wpr-particle-no wpr-jarallax-no wpr-parallax-no wpr-sticky-section-no wpr-equal-height-no e-con e-parent\" data-id=\"98ddbd6\" data-element_type=\"container\" data-e-type=\"container\">\n\t\t\t\t\t<div class=\"e-con-inner\">\n\t\t\t\t<div class=\"elementor-element elementor-element-a9523fb elementor-widget elementor-widget-text-editor\" data-id=\"a9523fb\" data-element_type=\"widget\" data-e-type=\"widget\" data-widget_type=\"text-editor.default\">\n\t\t\t\t<div class=\"elementor-widget-container\">\n\t\t\t\t\t\t\t\t\t<p data-start=\"265\" data-end=\"676\">L\u2019<strong data-start=\"267\" data-end=\"278\">8 marzo<\/strong> \u00e8 una data speciale dedicata alla celebrazione della <strong data-start=\"332\" data-end=\"353\">Festa della Donna<\/strong>, un momento per ricordare le conquiste sociali, economiche e politiche delle donne e per riflettere sulle sfide ancora da affrontare. A Bergamo, come\u00a0<a href=\"https:\/\/lombardiashopping.it\/blog\/eventi-cultura\/festa-donna-lombardia\/\" target=\"_blank\" rel=\"noopener\">in Lombardia<\/a>, questa giornata viene festeggiata con eventi culturali, spettacoli, cene a tema e momenti di svago da condividere con amiche o in famiglia.<\/p>\t\t\t\t\t\t\t\t<\/div>\n\t\t\t\t<\/div>\n\t\t\t\t<div class=\"elementor-element elementor-element-87aa192 elementor-widget elementor-widget-heading\" data-id=\"87aa192\" data-element_type=\"widget\" data-e-type=\"widget\" data-widget_type=\"heading.default\">\n\t\t\t\t<div class=\"elementor-widget-container\">\n\t\t\t\t\t<h2 class=\"elementor-heading-title elementor-size-default\">Idee ed eventi per la festa della donna a Bergamo<\/h2>\t\t\t\t<\/div>\n\t\t\t\t<\/div>\n\t\t\t\t<div class=\"elementor-element elementor-element-baf51e7 elementor-widget elementor-widget-text-editor\" data-id=\"baf51e7\" data-element_type=\"widget\" data-e-type=\"widget\" data-widget_type=\"text-editor.default\">\n\t\t\t\t<div class=\"elementor-widget-container\">\n\t\t\t\t\t\t\t\t\t<p>Ma arriva il fatidico momento della domanda: \u201cCosa fare per la festa della donna?\u201d. Se stai cercando idee originali per trascorrere questa giornata in modo speciale, sei nel posto giusto! Vediamo insieme tutte le iniziative della citt\u00e0.\u00a0<\/p>\t\t\t\t\t\t\t\t<\/div>\n\t\t\t\t<\/div>\n\t\t\t\t<div class=\"elementor-element elementor-element-632b87a elementor-widget elementor-widget-heading\" data-id=\"632b87a\" data-element_type=\"widget\" data-e-type=\"widget\" data-widget_type=\"heading.default\">\n\t\t\t\t<div class=\"elementor-widget-container\">\n\t\t\t\t\t<h3 class=\"elementor-heading-title elementor-size-default\">Spettacolo teatrale \"8 marzo \u2013 la storia vera\"<\/h3>\t\t\t\t<\/div>\n\t\t\t\t<\/div>\n\t\t\t\t<div class=\"elementor-element elementor-element-a046495 elementor-widget elementor-widget-text-editor\" data-id=\"a046495\" data-element_type=\"widget\" data-e-type=\"widget\" data-widget_type=\"text-editor.default\">\n\t\t\t\t<div class=\"elementor-widget-container\">\n\t\t\t\t\t\t\t\t\t<p data-start=\"154\" data-end=\"349\"><span class=\"relative -mx-px my-[-0.2rem] rounded px-px py-[0.2rem]\">Partecipa a uno spettacolo che racconta le vere origini della Giornata Internazionale della Donna.<\/span> <span class=\"relative -mx-px my-[-0.2rem] rounded px-px py-[0.2rem]\">L&#8217;evento si terr\u00e0 presso la <strong data-start=\"28\" data-end=\"65\">Sala Torriani al Fondaco del Sale<\/strong> alle ore 18:00.<\/span> <span class=\"relative -mx-px my-[-0.2rem] rounded px-px py-[0.2rem]\">L&#8217;ingresso \u00e8 gratuito, ma \u00e8 necessaria la prenotazione.<\/span><\/p>\t\t\t\t\t\t\t\t<\/div>\n\t\t\t\t<\/div>\n\t\t\t\t<div class=\"elementor-element elementor-element-09e1a0d elementor-widget elementor-widget-heading\" data-id=\"09e1a0d\" data-element_type=\"widget\" data-e-type=\"widget\" data-widget_type=\"heading.default\">\n\t\t\t\t<div class=\"elementor-widget-container\">\n\t\t\t\t\t<h3 class=\"elementor-heading-title elementor-size-default\">Cena e serata danzante al Bobadilla Feeling-Club<\/h3>\t\t\t\t<\/div>\n\t\t\t\t<\/div>\n\t\t\t\t<div class=\"elementor-element elementor-element-f2e1d02 elementor-widget elementor-widget-text-editor\" data-id=\"f2e1d02\" data-element_type=\"widget\" data-e-type=\"widget\" data-widget_type=\"text-editor.default\">\n\t\t\t\t<div class=\"elementor-widget-container\">\n\t\t\t\t\t\t\t\t\t<p><span class=\"relative -mx-px my-[-0.2rem] rounded px-px py-[0.2rem]\">Il <strong data-start=\"3\" data-end=\"29\">Bobadilla Feeling-Club<\/strong> di Dalmine organizza una serata speciale con cena animata dalle 20:30 alle 00:00, seguita da discoteca fino alle 4:00 del mattino.<\/span><\/p><p><span class=\"relative -mx-px my-[-0.2rem] rounded px-px py-[0.2rem]\">La serata prevede musica reggaeton e commerciale con DJ Domus e animazione maschile. Per info e costi visita il <a href=\"https:\/\/www.discotechebergamo.it\/evento\/festa-della-donna-discoteca-bobadilla-dalmine\" target=\"_blank\" rel=\"noopener\">sito ufficiale<\/a>.\u00a0<\/span><\/p>\t\t\t\t\t\t\t\t<\/div>\n\t\t\t\t<\/div>\n\t\t\t\t<div class=\"elementor-element elementor-element-47ea57d elementor-widget elementor-widget-heading\" data-id=\"47ea57d\" data-element_type=\"widget\" data-e-type=\"widget\" data-widget_type=\"heading.default\">\n\t\t\t\t<div class=\"elementor-widget-container\">\n\t\t\t\t\t<h3 class=\"elementor-heading-title elementor-size-default\">Marcia in rosa a Ciserano<\/h3>\t\t\t\t<\/div>\n\t\t\t\t<\/div>\n\t\t\t\t<div class=\"elementor-element elementor-element-444f729 elementor-widget elementor-widget-text-editor\" data-id=\"444f729\" data-element_type=\"widget\" data-e-type=\"widget\" data-widget_type=\"text-editor.default\">\n\t\t\t\t<div class=\"elementor-widget-container\">\n\t\t\t\t\t\t\t\t\t<p><span class=\"relative -mx-px my-[-0.2rem] rounded px-px py-[0.2rem]\">Partecipa alla &#8220;Marcia in rosa 2025&#8221; organizzata dal Comune di Ciserano all&#8217;interno della rassegna &#8220;Ciserano in rosa&#8221; in occasione della Festa della Donna.<\/span> <span class=\"relative -mx-px my-[-0.2rem] rounded px-px py-[0.2rem]\">L&#8217;evento si terr\u00e0 il 9 marzo 2025 e l&#8217;accesso \u00e8 libero. Per maggiori informazioni visita il <a href=\"https:\/\/www.comune.ciserano.bg.it\/vivere-il-comune\/eventi\" target=\"_blank\" rel=\"noopener\">sito ufficiale<\/a>.\u00a0<\/span><\/p>\t\t\t\t\t\t\t\t<\/div>\n\t\t\t\t<\/div>\n\t\t\t\t<div class=\"elementor-element elementor-element-bdb922a elementor-widget elementor-widget-heading\" data-id=\"bdb922a\" data-element_type=\"widget\" data-e-type=\"widget\" data-widget_type=\"heading.default\">\n\t\t\t\t<div class=\"elementor-widget-container\">\n\t\t\t\t\t<h3 class=\"elementor-heading-title elementor-size-default\">Serata con animazione a Sotto il Monte Giovanni XXIII<\/h3>\t\t\t\t<\/div>\n\t\t\t\t<\/div>\n\t\t\t\t<div class=\"elementor-element elementor-element-dfbb8c6 elementor-widget elementor-widget-text-editor\" data-id=\"dfbb8c6\" data-element_type=\"widget\" data-e-type=\"widget\" data-widget_type=\"text-editor.default\">\n\t\t\t\t<div class=\"elementor-widget-container\">\n\t\t\t\t\t\t\t\t\t<p><span class=\"relative -mx-px my-[-0.2rem] rounded px-px py-[0.2rem]\">Il Comune di Sotto il Monte Giovanni XXIII organizza una serata con animazione presso l&#8217;Oratorio per celebrare la Festa della Donna.<\/span> <span class=\"relative -mx-px my-[-0.2rem] rounded px-px py-[0.2rem]\">L&#8217;evento si terr\u00e0 l&#8217;8 marzo 2025.<\/span><\/p>\t\t\t\t\t\t\t\t<\/div>\n\t\t\t\t<\/div>\n\t\t\t\t<div class=\"elementor-element elementor-element-c42e1e5 elementor-widget elementor-widget-heading\" data-id=\"c42e1e5\" data-element_type=\"widget\" data-e-type=\"widget\" data-widget_type=\"heading.default\">\n\t\t\t\t<div class=\"elementor-widget-container\">\n\t\t\t\t\t<h3 class=\"elementor-heading-title elementor-size-default\">Esplorare Bergamo Alta o Bassa<\/h3>\t\t\t\t<\/div>\n\t\t\t\t<\/div>\n\t\t\t\t<div class=\"elementor-element elementor-element-2e946fe elementor-widget elementor-widget-text-editor\" data-id=\"2e946fe\" data-element_type=\"widget\" data-e-type=\"widget\" data-widget_type=\"text-editor.default\">\n\t\t\t\t<div class=\"elementor-widget-container\">\n\t\t\t\t\t\t\t\t\t<p><span class=\"relative -mx-px my-[-0.2rem] rounded px-px py-[0.2rem]\">Se preferisci una giornata culturale, una passeggiata a <a href=\"https:\/\/lombardiashopping.it\/blog\/eventi-cultura\/musei-bergamo-alta\/\" target=\"_blank\" rel=\"noopener\"><strong data-start=\"56\" data-end=\"72\">Bergamo Alta<\/strong><\/a> offre l&#8217;opportunit\u00e0 di scoprire il fascino storico della citt\u00e0.<\/span> <span class=\"relative -mx-px my-[-0.2rem] rounded px-px py-[0.2rem]\">Puoi visitare la <strong data-start=\"17\" data-end=\"35\">Piazza Vecchia<\/strong>, la <strong data-start=\"40\" data-end=\"76\">Basilica di Santa Maria Maggiore<\/strong> e la <strong data-start=\"82\" data-end=\"103\">Cappella Colleoni<\/strong>.<\/span> <span class=\"relative -mx-px my-[-0.2rem] rounded px-px py-[0.2rem]\">Numerosi caff\u00e8 e ristoranti tipici ti aspettano per una pausa gustosa. Anche <a href=\"https:\/\/lombardiashopping.it\/blog\/luoghi-scoprire\/bergamo-bassa\/\" target=\"_blank\" rel=\"noopener\">Bergamo Bassa<\/a> ha il suo fascino, prenditi del tempo per godere della citt\u00e0.\u00a0<\/span><\/p>\t\t\t\t\t\t\t\t<\/div>\n\t\t\t\t<\/div>\n\t\t\t\t<div class=\"elementor-element elementor-element-27b425a elementor-widget elementor-widget-heading\" data-id=\"27b425a\" data-element_type=\"widget\" data-e-type=\"widget\" data-widget_type=\"heading.default\">\n\t\t\t\t<div class=\"elementor-widget-container\">\n\t\t\t\t\t<h3 class=\"elementor-heading-title elementor-size-default\">Relax in una spa<\/h3>\t\t\t\t<\/div>\n\t\t\t\t<\/div>\n\t\t\t\t<div class=\"elementor-element elementor-element-aeb590c elementor-widget elementor-widget-text-editor\" data-id=\"aeb590c\" data-element_type=\"widget\" data-e-type=\"widget\" data-widget_type=\"text-editor.default\">\n\t\t\t\t<div class=\"elementor-widget-container\">\n\t\t\t\t\t\t\t\t\t<p data-start=\"1313\" data-end=\"1398\"><span class=\"relative -mx-px my-[-0.2rem] rounded px-px py-[0.2rem]\">Concediti un momento di benessere presso una delle spa della zona, come le <a href=\"https:\/\/lombardiashopping.it\/blog\/luoghi-scoprire\/san-pellegrino-terme\/\" target=\"_blank\" rel=\"noopener\"><strong data-start=\"75\" data-end=\"102\">Terme di San Pellegrino<\/strong><\/a>, per rilassarti e rigenerarti in un ambiente tranquillo.<\/span>\u200b<\/p><p data-start=\"1400\" data-end=\"1672\">Ricorda di prenotare in anticipo le attivit\u00e0 che richiedono una prenotazione, poich\u00e9 la Festa della Donna \u00e8 molto sentita e gli eventi tendono a riempirsi rapidamente. Qualunque sia la tua scelta, l&#8217;importante \u00e8 celebrare questa giornata in modo significativo e piacevole.<\/p>\t\t\t\t\t\t\t\t<\/div>\n\t\t\t\t<\/div>\n\t\t\t\t<div class=\"elementor-element elementor-element-4cdf876 elementor-widget elementor-widget-text-editor\" data-id=\"4cdf876\" data-element_type=\"widget\" data-e-type=\"widget\" data-widget_type=\"text-editor.default\">\n\t\t\t\t<div class=\"elementor-widget-container\">\n\t\t\t\t\t\t\t\t\t<p>Se hai possibilit\u00e0 di spostarti, controlla anche le numerose iniziative per la <a href=\"https:\/\/lombardiashopping.it\/blog\/eventi-cultura\/festa-della-donna-monza\/\" target=\"_blank\" rel=\"noopener\">festa della donna\u00a0 a Monza<\/a>.\u00a0<\/p>\t\t\t\t\t\t\t\t<\/div>\n\t\t\t\t<\/div>\n\t\t\t\t\t<\/div>\n\t\t\t\t<\/div>\n\t\t\t\t<\/div>\n\t\t","protected":false},"excerpt":{"rendered":"<p>Nell&#8217;articolo vedremo gli eventi pi\u00f9 interessanti in citt\u00e0, le attivit\u00e0 da non perdere e i migliori locali dove festeggiare.<\/p>\n","protected":false},"author":3,"featured_media":5647,"comment_status":"closed","ping_status":"open","sticky":false,"template":"","format":"standard","meta":{"footnotes":""},"categories":[3,152],"tags":[],"class_list":["post-5644","post","type-post","status-publish","format-standard","has-post-thumbnail","hentry","category-eventi-cultura","category-sagre-feste"],"yoast_head":"<!-- This site is optimized with the Yoast SEO Premium plugin v27.4 (Yoast SEO v27.5) - https:\/\/yoast.com\/product\/yoast-seo-premium-wordpress\/ -->\n<title>Festa della Donna 2025 a Bergamo: eventi, idee e suggerimenti<\/title>\n<meta name=\"description\" content=\"Nell&#039;articolo vedremo gli eventi pi\u00f9 interessanti in citt\u00e0, le attivit\u00e0 da non perdere e i migliori locali dove festeggiare.\" \/>\n<meta name=\"robots\" content=\"index, follow, max-snippet:-1, max-image-preview:large, max-video-preview:-1\" \/>\n<link rel=\"canonical\" href=\"https:\/\/lombardiashopping.it\/blog\/eventi-cultura\/festa-della-donna-bergamo\/\" \/>\n<meta property=\"og:locale\" content=\"it_IT\" \/>\n<meta property=\"og:type\" content=\"article\" \/>\n<meta property=\"og:title\" content=\"Festa della Donna 2025 a Bergamo: eventi, idee e suggerimenti per una giornata speciale\" \/>\n<meta property=\"og:description\" content=\"Nell&#039;articolo vedremo gli eventi pi\u00f9 interessanti in citt\u00e0, le attivit\u00e0 da non perdere e i migliori locali dove festeggiare.\" \/>\n<meta property=\"og:url\" content=\"https:\/\/lombardiashopping.it\/blog\/eventi-cultura\/festa-della-donna-bergamo\/\" \/>\n<meta property=\"og:site_name\" content=\"Blog Lombardia\" \/>\n<meta property=\"article:published_time\" content=\"2025-03-03T09:05:27+00:00\" \/>\n<meta property=\"article:modified_time\" content=\"2025-03-05T08:43:13+00:00\" \/>\n<meta property=\"og:image\" content=\"https:\/\/lombardiashopping.it\/blog\/wp-content\/uploads\/2025\/03\/festa-della-donna-bergamo.webp\" \/>\n\t<meta property=\"og:image:width\" content=\"900\" \/>\n\t<meta property=\"og:image:height\" content=\"600\" \/>\n\t<meta property=\"og:image:type\" content=\"image\/webp\" \/>\n<meta name=\"author\" content=\"Mario Chirico\" \/>\n<meta name=\"twitter:card\" content=\"summary_large_image\" \/>\n<meta name=\"twitter:label1\" content=\"Scritto da\" \/>\n\t<meta name=\"twitter:data1\" content=\"Mario Chirico\" \/>\n\t<meta name=\"twitter:label2\" content=\"Tempo di lettura stimato\" \/>\n\t<meta name=\"twitter:data2\" content=\"3 minuti\" \/>\n<script type=\"application\/ld+json\" class=\"yoast-schema-graph\">{\"@context\":\"https:\\\/\\\/schema.org\",\"@graph\":[{\"@type\":\"NewsArticle\",\"@id\":\"https:\\\/\\\/lombardiashopping.it\\\/blog\\\/eventi-cultura\\\/festa-della-donna-bergamo\\\/#article\",\"isPartOf\":{\"@id\":\"https:\\\/\\\/lombardiashopping.it\\\/blog\\\/eventi-cultura\\\/festa-della-donna-bergamo\\\/\"},\"author\":{\"name\":\"Mario Chirico\",\"@id\":\"https:\\\/\\\/lombardiashopping.it\\\/blog\\\/#\\\/schema\\\/person\\\/361b68d1f526eecec4ce01db966a79c2\"},\"headline\":\"Festa della Donna 2025 a Bergamo: eventi, idee e suggerimenti per una giornata speciale\",\"datePublished\":\"2025-03-03T09:05:27+00:00\",\"dateModified\":\"2025-03-05T08:43:13+00:00\",\"mainEntityOfPage\":{\"@id\":\"https:\\\/\\\/lombardiashopping.it\\\/blog\\\/eventi-cultura\\\/festa-della-donna-bergamo\\\/\"},\"wordCount\":442,\"publisher\":{\"@id\":\"https:\\\/\\\/lombardiashopping.it\\\/blog\\\/#organization\"},\"image\":{\"@id\":\"https:\\\/\\\/lombardiashopping.it\\\/blog\\\/eventi-cultura\\\/festa-della-donna-bergamo\\\/#primaryimage\"},\"thumbnailUrl\":\"https:\\\/\\\/lombardiashopping.it\\\/blog\\\/wp-content\\\/uploads\\\/2025\\\/03\\\/festa-della-donna-bergamo.webp\",\"articleSection\":[\"Eventi e Cultura\",\"Sagre e Festivit\u00e0\"],\"inLanguage\":\"it-IT\"},{\"@type\":\"WebPage\",\"@id\":\"https:\\\/\\\/lombardiashopping.it\\\/blog\\\/eventi-cultura\\\/festa-della-donna-bergamo\\\/\",\"url\":\"https:\\\/\\\/lombardiashopping.it\\\/blog\\\/eventi-cultura\\\/festa-della-donna-bergamo\\\/\",\"name\":\"Festa della Donna 2025 a Bergamo: eventi, idee e suggerimenti\",\"isPartOf\":{\"@id\":\"https:\\\/\\\/lombardiashopping.it\\\/blog\\\/#website\"},\"primaryImageOfPage\":{\"@id\":\"https:\\\/\\\/lombardiashopping.it\\\/blog\\\/eventi-cultura\\\/festa-della-donna-bergamo\\\/#primaryimage\"},\"image\":{\"@id\":\"https:\\\/\\\/lombardiashopping.it\\\/blog\\\/eventi-cultura\\\/festa-della-donna-bergamo\\\/#primaryimage\"},\"thumbnailUrl\":\"https:\\\/\\\/lombardiashopping.it\\\/blog\\\/wp-content\\\/uploads\\\/2025\\\/03\\\/festa-della-donna-bergamo.webp\",\"datePublished\":\"2025-03-03T09:05:27+00:00\",\"dateModified\":\"2025-03-05T08:43:13+00:00\",\"description\":\"Nell'articolo vedremo gli eventi pi\u00f9 interessanti in citt\u00e0, le attivit\u00e0 da non perdere e i migliori locali dove festeggiare.\",\"breadcrumb\":{\"@id\":\"https:\\\/\\\/lombardiashopping.it\\\/blog\\\/eventi-cultura\\\/festa-della-donna-bergamo\\\/#breadcrumb\"},\"inLanguage\":\"it-IT\",\"potentialAction\":[{\"@type\":\"ReadAction\",\"target\":[\"https:\\\/\\\/lombardiashopping.it\\\/blog\\\/eventi-cultura\\\/festa-della-donna-bergamo\\\/\"]}]},{\"@type\":\"ImageObject\",\"inLanguage\":\"it-IT\",\"@id\":\"https:\\\/\\\/lombardiashopping.it\\\/blog\\\/eventi-cultura\\\/festa-della-donna-bergamo\\\/#primaryimage\",\"url\":\"https:\\\/\\\/lombardiashopping.it\\\/blog\\\/wp-content\\\/uploads\\\/2025\\\/03\\\/festa-della-donna-bergamo.webp\",\"contentUrl\":\"https:\\\/\\\/lombardiashopping.it\\\/blog\\\/wp-content\\\/uploads\\\/2025\\\/03\\\/festa-della-donna-bergamo.webp\",\"width\":900,\"height\":600,\"caption\":\"festa della donna bergamo\"},{\"@type\":\"BreadcrumbList\",\"@id\":\"https:\\\/\\\/lombardiashopping.it\\\/blog\\\/eventi-cultura\\\/festa-della-donna-bergamo\\\/#breadcrumb\",\"itemListElement\":[{\"@type\":\"ListItem\",\"position\":1,\"name\":\"Lombardiablog\",\"item\":\"https:\\\/\\\/lombardiashopping.it\\\/blog\\\/\"},{\"@type\":\"ListItem\",\"position\":2,\"name\":\"Eventi e Cultura\",\"item\":\"https:\\\/\\\/lombardiashopping.it\\\/blog\\\/eventi-cultura\\\/\"},{\"@type\":\"ListItem\",\"position\":3,\"name\":\"Festa della Donna 2025 a Bergamo: eventi, idee e suggerimenti per una giornata speciale\"}]},{\"@type\":\"WebSite\",\"@id\":\"https:\\\/\\\/lombardiashopping.it\\\/blog\\\/#website\",\"url\":\"https:\\\/\\\/lombardiashopping.it\\\/blog\\\/\",\"name\":\"Lombardia Blog\",\"description\":\"\",\"publisher\":{\"@id\":\"https:\\\/\\\/lombardiashopping.it\\\/blog\\\/#organization\"},\"potentialAction\":[{\"@type\":\"SearchAction\",\"target\":{\"@type\":\"EntryPoint\",\"urlTemplate\":\"https:\\\/\\\/lombardiashopping.it\\\/blog\\\/?s={search_term_string}\"},\"query-input\":{\"@type\":\"PropertyValueSpecification\",\"valueRequired\":true,\"valueName\":\"search_term_string\"}}],\"inLanguage\":\"it-IT\"},{\"@type\":\"Organization\",\"@id\":\"https:\\\/\\\/lombardiashopping.it\\\/blog\\\/#organization\",\"name\":\"USB\",\"alternateName\":\"Ledblog Lombardia\",\"url\":\"https:\\\/\\\/lombardiashopping.it\\\/blog\\\/\",\"logo\":{\"@type\":\"ImageObject\",\"inLanguage\":\"it-IT\",\"@id\":\"https:\\\/\\\/lombardiashopping.it\\\/blog\\\/#\\\/schema\\\/logo\\\/image\\\/\",\"url\":\"\",\"contentUrl\":\"\",\"caption\":\"USB\"},\"image\":{\"@id\":\"https:\\\/\\\/lombardiashopping.it\\\/blog\\\/#\\\/schema\\\/logo\\\/image\\\/\"},\"description\":\"Ledblog Lombardia ha lo scopo di realizzare articoli che possano mettere in risalto luoghi ed eventi di tutta la lombardia.\"},{\"@type\":\"Person\",\"@id\":\"https:\\\/\\\/lombardiashopping.it\\\/blog\\\/#\\\/schema\\\/person\\\/361b68d1f526eecec4ce01db966a79c2\",\"name\":\"Mario Chirico\",\"image\":{\"@type\":\"ImageObject\",\"inLanguage\":\"it-IT\",\"@id\":\"https:\\\/\\\/secure.gravatar.com\\\/avatar\\\/cebbe5fdadbd866e7a3b8531022b95bc58c735316c117136d6bf67024df1188a?s=96&d=mm&r=g\",\"url\":\"https:\\\/\\\/secure.gravatar.com\\\/avatar\\\/cebbe5fdadbd866e7a3b8531022b95bc58c735316c117136d6bf67024df1188a?s=96&d=mm&r=g\",\"contentUrl\":\"https:\\\/\\\/secure.gravatar.com\\\/avatar\\\/cebbe5fdadbd866e7a3b8531022b95bc58c735316c117136d6bf67024df1188a?s=96&d=mm&r=g\",\"caption\":\"Mario Chirico\"},\"description\":\"Mario Chirico, classe 1999, \u00e8 dottore in Culture digitali e della comunicazione presso l'Universit\u00e0 degli Studi di Napoli \\\"Federico II\\\". Si dedica ogni giorno alla scoperta di qualcosa di nuovo da poter condividere. Insegue il sogno di visitare il mondo e di scoprirne tutto il fascino. Nel tempo libero si dedica allo sport come il calcio e la palestra.\"}]}<\/script>\n<!-- \/ Yoast SEO Premium plugin. -->","yoast_head_json":{"title":"Festa della Donna 2025 a Bergamo: eventi, idee e suggerimenti","description":"Nell'articolo vedremo gli eventi pi\u00f9 interessanti in citt\u00e0, le attivit\u00e0 da non perdere e i migliori locali dove festeggiare.","robots":{"index":"index","follow":"follow","max-snippet":"max-snippet:-1","max-image-preview":"max-image-preview:large","max-video-preview":"max-video-preview:-1"},"canonical":"https:\/\/lombardiashopping.it\/blog\/eventi-cultura\/festa-della-donna-bergamo\/","og_locale":"it_IT","og_type":"article","og_title":"Festa della Donna 2025 a Bergamo: eventi, idee e suggerimenti per una giornata speciale","og_description":"Nell'articolo vedremo gli eventi pi\u00f9 interessanti in citt\u00e0, le attivit\u00e0 da non perdere e i migliori locali dove festeggiare.","og_url":"https:\/\/lombardiashopping.it\/blog\/eventi-cultura\/festa-della-donna-bergamo\/","og_site_name":"Blog Lombardia","article_published_time":"2025-03-03T09:05:27+00:00","article_modified_time":"2025-03-05T08:43:13+00:00","og_image":[{"width":900,"height":600,"url":"https:\/\/lombardiashopping.it\/blog\/wp-content\/uploads\/2025\/03\/festa-della-donna-bergamo.webp","type":"image\/webp"}],"author":"Mario Chirico","twitter_card":"summary_large_image","twitter_misc":{"Scritto da":"Mario Chirico","Tempo di lettura stimato":"3 minuti"},"schema":{"@context":"https:\/\/schema.org","@graph":[{"@type":"NewsArticle","@id":"https:\/\/lombardiashopping.it\/blog\/eventi-cultura\/festa-della-donna-bergamo\/#article","isPartOf":{"@id":"https:\/\/lombardiashopping.it\/blog\/eventi-cultura\/festa-della-donna-bergamo\/"},"author":{"name":"Mario Chirico","@id":"https:\/\/lombardiashopping.it\/blog\/#\/schema\/person\/361b68d1f526eecec4ce01db966a79c2"},"headline":"Festa della Donna 2025 a Bergamo: eventi, idee e suggerimenti per una giornata speciale","datePublished":"2025-03-03T09:05:27+00:00","dateModified":"2025-03-05T08:43:13+00:00","mainEntityOfPage":{"@id":"https:\/\/lombardiashopping.it\/blog\/eventi-cultura\/festa-della-donna-bergamo\/"},"wordCount":442,"publisher":{"@id":"https:\/\/lombardiashopping.it\/blog\/#organization"},"image":{"@id":"https:\/\/lombardiashopping.it\/blog\/eventi-cultura\/festa-della-donna-bergamo\/#primaryimage"},"thumbnailUrl":"https:\/\/lombardiashopping.it\/blog\/wp-content\/uploads\/2025\/03\/festa-della-donna-bergamo.webp","articleSection":["Eventi e Cultura","Sagre e Festivit\u00e0"],"inLanguage":"it-IT"},{"@type":"WebPage","@id":"https:\/\/lombardiashopping.it\/blog\/eventi-cultura\/festa-della-donna-bergamo\/","url":"https:\/\/lombardiashopping.it\/blog\/eventi-cultura\/festa-della-donna-bergamo\/","name":"Festa della Donna 2025 a Bergamo: eventi, idee e suggerimenti","isPartOf":{"@id":"https:\/\/lombardiashopping.it\/blog\/#website"},"primaryImageOfPage":{"@id":"https:\/\/lombardiashopping.it\/blog\/eventi-cultura\/festa-della-donna-bergamo\/#primaryimage"},"image":{"@id":"https:\/\/lombardiashopping.it\/blog\/eventi-cultura\/festa-della-donna-bergamo\/#primaryimage"},"thumbnailUrl":"https:\/\/lombardiashopping.it\/blog\/wp-content\/uploads\/2025\/03\/festa-della-donna-bergamo.webp","datePublished":"2025-03-03T09:05:27+00:00","dateModified":"2025-03-05T08:43:13+00:00","description":"Nell'articolo vedremo gli eventi pi\u00f9 interessanti in citt\u00e0, le attivit\u00e0 da non perdere e i migliori locali dove festeggiare.","breadcrumb":{"@id":"https:\/\/lombardiashopping.it\/blog\/eventi-cultura\/festa-della-donna-bergamo\/#breadcrumb"},"inLanguage":"it-IT","potentialAction":[{"@type":"ReadAction","target":["https:\/\/lombardiashopping.it\/blog\/eventi-cultura\/festa-della-donna-bergamo\/"]}]},{"@type":"ImageObject","inLanguage":"it-IT","@id":"https:\/\/lombardiashopping.it\/blog\/eventi-cultura\/festa-della-donna-bergamo\/#primaryimage","url":"https:\/\/lombardiashopping.it\/blog\/wp-content\/uploads\/2025\/03\/festa-della-donna-bergamo.webp","contentUrl":"https:\/\/lombardiashopping.it\/blog\/wp-content\/uploads\/2025\/03\/festa-della-donna-bergamo.webp","width":900,"height":600,"caption":"festa della donna bergamo"},{"@type":"BreadcrumbList","@id":"https:\/\/lombardiashopping.it\/blog\/eventi-cultura\/festa-della-donna-bergamo\/#breadcrumb","itemListElement":[{"@type":"ListItem","position":1,"name":"Lombardiablog","item":"https:\/\/lombardiashopping.it\/blog\/"},{"@type":"ListItem","position":2,"name":"Eventi e Cultura","item":"https:\/\/lombardiashopping.it\/blog\/eventi-cultura\/"},{"@type":"ListItem","position":3,"name":"Festa della Donna 2025 a Bergamo: eventi, idee e suggerimenti per una giornata speciale"}]},{"@type":"WebSite","@id":"https:\/\/lombardiashopping.it\/blog\/#website","url":"https:\/\/lombardiashopping.it\/blog\/","name":"Lombardia Blog","description":"","publisher":{"@id":"https:\/\/lombardiashopping.it\/blog\/#organization"},"potentialAction":[{"@type":"SearchAction","target":{"@type":"EntryPoint","urlTemplate":"https:\/\/lombardiashopping.it\/blog\/?s={search_term_string}"},"query-input":{"@type":"PropertyValueSpecification","valueRequired":true,"valueName":"search_term_string"}}],"inLanguage":"it-IT"},{"@type":"Organization","@id":"https:\/\/lombardiashopping.it\/blog\/#organization","name":"USB","alternateName":"Ledblog Lombardia","url":"https:\/\/lombardiashopping.it\/blog\/","logo":{"@type":"ImageObject","inLanguage":"it-IT","@id":"https:\/\/lombardiashopping.it\/blog\/#\/schema\/logo\/image\/","url":"","contentUrl":"","caption":"USB"},"image":{"@id":"https:\/\/lombardiashopping.it\/blog\/#\/schema\/logo\/image\/"},"description":"Ledblog Lombardia ha lo scopo di realizzare articoli che possano mettere in risalto luoghi ed eventi di tutta la lombardia."},{"@type":"Person","@id":"https:\/\/lombardiashopping.it\/blog\/#\/schema\/person\/361b68d1f526eecec4ce01db966a79c2","name":"Mario Chirico","image":{"@type":"ImageObject","inLanguage":"it-IT","@id":"https:\/\/secure.gravatar.com\/avatar\/cebbe5fdadbd866e7a3b8531022b95bc58c735316c117136d6bf67024df1188a?s=96&d=mm&r=g","url":"https:\/\/secure.gravatar.com\/avatar\/cebbe5fdadbd866e7a3b8531022b95bc58c735316c117136d6bf67024df1188a?s=96&d=mm&r=g","contentUrl":"https:\/\/secure.gravatar.com\/avatar\/cebbe5fdadbd866e7a3b8531022b95bc58c735316c117136d6bf67024df1188a?s=96&d=mm&r=g","caption":"Mario Chirico"},"description":"Mario Chirico, classe 1999, \u00e8 dottore in Culture digitali e della comunicazione presso l'Universit\u00e0 degli Studi di Napoli \"Federico II\". Si dedica ogni giorno alla scoperta di qualcosa di nuovo da poter condividere. Insegue il sogno di visitare il mondo e di scoprirne tutto il fascino. Nel tempo libero si dedica allo sport come il calcio e la palestra."}]}},"acf":[],"_links":{"self":[{"href":"https:\/\/lombardiashopping.it\/blog\/wp-json\/wp\/v2\/posts\/5644","targetHints":{"allow":["GET"]}}],"collection":[{"href":"https:\/\/lombardiashopping.it\/blog\/wp-json\/wp\/v2\/posts"}],"about":[{"href":"https:\/\/lombardiashopping.it\/blog\/wp-json\/wp\/v2\/types\/post"}],"author":[{"embeddable":true,"href":"https:\/\/lombardiashopping.it\/blog\/wp-json\/wp\/v2\/users\/3"}],"replies":[{"embeddable":true,"href":"https:\/\/lombardiashopping.it\/blog\/wp-json\/wp\/v2\/comments?post=5644"}],"version-history":[{"count":10,"href":"https:\/\/lombardiashopping.it\/blog\/wp-json\/wp\/v2\/posts\/5644\/revisions"}],"predecessor-version":[{"id":5709,"href":"https:\/\/lombardiashopping.it\/blog\/wp-json\/wp\/v2\/posts\/5644\/revisions\/5709"}],"wp:featuredmedia":[{"embeddable":true,"href":"https:\/\/lombardiashopping.it\/blog\/wp-json\/wp\/v2\/media\/5647"}],"wp:attachment":[{"href":"https:\/\/lombardiashopping.it\/blog\/wp-json\/wp\/v2\/media?parent=5644"}],"wp:term":[{"taxonomy":"category","embeddable":true,"href":"https:\/\/lombardiashopping.it\/blog\/wp-json\/wp\/v2\/categories?post=5644"},{"taxonomy":"post_tag","embeddable":true,"href":"https:\/\/lombardiashopping.it\/blog\/wp-json\/wp\/v2\/tags?post=5644"}],"curies":[{"name":"wp","href":"https:\/\/api.w.org\/{rel}","templated":true}]}}