{"id":5908,"date":"2025-03-17T14:56:10","date_gmt":"2025-03-17T13:56:10","guid":{"rendered":"https:\/\/lombardiashopping.it\/blog\/?p=5908"},"modified":"2025-03-17T15:00:45","modified_gmt":"2025-03-17T14:00:45","slug":"milano-torino-2025","status":"publish","type":"post","link":"https:\/\/lombardiashopping.it\/blog\/notizie-attualita\/milano-torino-2025\/","title":{"rendered":"Milano-Torino 2025: percorso, tappe, programma"},"content":{"rendered":"\t\t<div data-elementor-type=\"wp-post\" data-elementor-id=\"5908\" class=\"elementor elementor-5908\" data-elementor-post-type=\"post\">\n\t\t\t\t<div class=\"elementor-element elementor-element-98ddbd6 e-flex e-con-boxed wpr-particle-no wpr-jarallax-no wpr-parallax-no wpr-sticky-section-no wpr-equal-height-no e-con e-parent\" data-id=\"98ddbd6\" data-element_type=\"container\" data-e-type=\"container\">\n\t\t\t\t\t<div class=\"e-con-inner\">\n\t\t\t\t<div class=\"elementor-element elementor-element-a9523fb elementor-widget elementor-widget-text-editor\" data-id=\"a9523fb\" data-element_type=\"widget\" data-e-type=\"widget\" data-widget_type=\"text-editor.default\">\n\t\t\t\t<div class=\"elementor-widget-container\">\n\t\t\t\t\t\t\t\t\t<p>\u200bLa <strong data-start=\"86\" data-end=\"108\">Milano-Torino 2025<\/strong>, la corsa ciclistica pi\u00f9 antica al mondo, \u00e8 pronta a regalare emozioni con il suo percorso spettacolare e il ritorno sulla storica salita della Basilica di Superga. Il <strong>19 marzo<\/strong>, i migliori ciclisti del panorama internazionale si sfideranno su un tracciato che promette velocit\u00e0, strategia e un finale mozzafiato.<\/p>\t\t\t\t\t\t\t\t<\/div>\n\t\t\t\t<\/div>\n\t\t\t\t<div class=\"elementor-element elementor-element-87aa192 elementor-widget elementor-widget-heading\" data-id=\"87aa192\" data-element_type=\"widget\" data-e-type=\"widget\" data-widget_type=\"heading.default\">\n\t\t\t\t<div class=\"elementor-widget-container\">\n\t\t\t\t\t<h2 class=\"elementor-heading-title elementor-size-default\">Percorso della Milano-Torino 2025: pianura, velocit\u00e0 e una salita leggendaria<\/h2>\t\t\t\t<\/div>\n\t\t\t\t<\/div>\n\t\t\t\t<div class=\"elementor-element elementor-element-baf51e7 elementor-widget elementor-widget-text-editor\" data-id=\"baf51e7\" data-element_type=\"widget\" data-e-type=\"widget\" data-widget_type=\"text-editor.default\">\n\t\t\t\t<div class=\"elementor-widget-container\">\n\t\t\t\t\t\t\t\t\t<p data-start=\"89\" data-end=\"448\">La <strong data-start=\"92\" data-end=\"114\">Milano-Torino 2025<\/strong> si svilupper\u00e0 lungo un tracciato di <strong data-start=\"151\" data-end=\"161\">174 km<\/strong>, con partenza da <strong data-start=\"179\" data-end=\"186\">Rho<\/strong> e arrivo sulla mitica salita della <strong data-start=\"222\" data-end=\"245\">Basilica di Superga<\/strong>. Il percorso \u00e8 suddiviso in due sezioni ben distinte: una prima parte pianeggiante, ideale per le fughe e le alte velocit\u00e0, seguita da un finale che metter\u00e0 alla prova anche gli scalatori pi\u00f9 esperti.<\/p><p data-start=\"450\" data-end=\"736\">Dopo la partenza da <strong data-start=\"470\" data-end=\"498\">Piazza San Vittore a Rho<\/strong>, il gruppo attraverser\u00e0 la <strong data-start=\"526\" data-end=\"544\">pianura padana<\/strong>, passando per localit\u00e0 storiche come <strong data-start=\"582\" data-end=\"612\">Magenta, Novara e Vercelli<\/strong>. Qui la gara sar\u00e0 dominata dalle squadre dei velocisti, pronte a controllare il ritmo e neutralizzare eventuali attacchi.<\/p><p data-start=\"738\" data-end=\"985\">Ma la vera battaglia inizier\u00e0 negli ultimi chilometri: il <strong data-start=\"796\" data-end=\"840\">doppio passaggio sulla salita di Superga<\/strong>, con pendenze che sfiorano il <strong data-start=\"871\" data-end=\"878\">10%<\/strong>, selezioner\u00e0 i campioni in grado di imporsi su un finale che ha scritto pagine leggendarie del ciclismo.<\/p>\t\t\t\t\t\t\t\t<\/div>\n\t\t\t\t<\/div>\n\t\t\t\t<div class=\"elementor-element elementor-element-e78c4f0 elementor-widget elementor-widget-heading\" data-id=\"e78c4f0\" data-element_type=\"widget\" data-e-type=\"widget\" data-widget_type=\"heading.default\">\n\t\t\t\t<div class=\"elementor-widget-container\">\n\t\t\t\t\t<h2 class=\"elementor-heading-title elementor-size-default\">Le tappe chiave: dove si decider\u00e0 la Milano-Torino 2025<\/h2>\t\t\t\t<\/div>\n\t\t\t\t<\/div>\n\t\t\t\t<div class=\"elementor-element elementor-element-5a9db74 elementor-widget elementor-widget-text-editor\" data-id=\"5a9db74\" data-element_type=\"widget\" data-e-type=\"widget\" data-widget_type=\"text-editor.default\">\n\t\t\t\t<div class=\"elementor-widget-container\">\n\t\t\t\t\t\t\t\t\t<p data-start=\"67\" data-end=\"263\">Se la prima parte del percorso sar\u00e0 il regno dei velocisti e degli attacchi da lontano, il vero spettacolo inizier\u00e0 negli ultimi chilometri, quando la strada inizier\u00e0 a salire verso <strong data-start=\"249\" data-end=\"260\">Superga<\/strong>.<\/p><p data-start=\"265\" data-end=\"461\"><strong data-start=\"268\" data-end=\"296\">Partenza da Rho (Milano)<\/strong> \u2013 La corsa prender\u00e0 il via alle <strong data-start=\"329\" data-end=\"338\">11:35<\/strong> da <strong data-start=\"342\" data-end=\"364\">Piazza San Vittore<\/strong>, nel cuore di Rho. Qui i tifosi potranno vedere da vicino i campioni pronti a darsi battaglia.<\/p><p data-start=\"463\" data-end=\"760\"><strong data-start=\"466\" data-end=\"506\">Attraversamento della Pianura Padana<\/strong> \u2013 Dopo la partenza, il gruppo affronter\u00e0 <strong data-start=\"548\" data-end=\"578\">strade rettilinee e veloci<\/strong>, attraversando le campagne del Novarese e del Vercellese. \u00c8 il tratto ideale per le fughe da lontano, ma le squadre dei favoriti lavoreranno per mantenere il controllo della gara.<\/p><p data-start=\"762\" data-end=\"1071\"><strong data-start=\"765\" data-end=\"801\">Arrivo sulla Basilica di Superga<\/strong> \u2013 Il momento decisivo della corsa. I ciclisti dovranno affrontare <strong data-start=\"868\" data-end=\"906\">due scalate alla salita di Superga<\/strong>, con tratti che raggiungono <strong data-start=\"935\" data-end=\"964\">pendenze superiori al 10%<\/strong>. Qui, gli scalatori e i cacciatori di classiche daranno il tutto per tutto per conquistare il traguardo.<\/p><p data-start=\"1073\" data-end=\"1297\"><span data-start=\"1076\" data-end=\"1141\">Superga \u00e8 il palcoscenico perfetto per un finale spettacolare<\/span>: nel 2021, <b><span data-start=\"1153\" data-end=\"1170\">Primo\u017e Rogli\u010d<\/span> e <span data-start=\"1173\" data-end=\"1187\">Adam Yates<\/span><\/b> si giocarono la vittoria in un testa a testa entusiasmante. Quest&#8217;anno, chi sar\u00e0 il re della Milano-Torino?<\/p>\t\t\t\t\t\t\t\t<\/div>\n\t\t\t\t<\/div>\n\t\t\t\t<div class=\"elementor-element elementor-element-da3cec8 elementor-widget elementor-widget-heading\" data-id=\"da3cec8\" data-element_type=\"widget\" data-e-type=\"widget\" data-widget_type=\"heading.default\">\n\t\t\t\t<div class=\"elementor-widget-container\">\n\t\t\t\t\t<h2 class=\"elementor-heading-title elementor-size-default\">Programma ufficiale della Milano-Torino 2025: orari e dettagli per i tifosi<\/h2>\t\t\t\t<\/div>\n\t\t\t\t<\/div>\n\t\t\t\t<div class=\"elementor-element elementor-element-c7c2013 elementor-widget elementor-widget-text-editor\" data-id=\"c7c2013\" data-element_type=\"widget\" data-e-type=\"widget\" data-widget_type=\"text-editor.default\">\n\t\t\t\t<div class=\"elementor-widget-container\">\n\t\t\t\t\t\t\t\t\t<p data-start=\"87\" data-end=\"440\">La <strong data-start=\"90\" data-end=\"112\">Milano-Torino 2025<\/strong> \u00e8 un appuntamento imperdibile per gli appassionati di ciclismo, con un programma ricco di eventi e momenti chiave da non perdere. Dalla <strong data-start=\"249\" data-end=\"267\">partenza a Rho<\/strong> fino al <strong data-start=\"276\" data-end=\"301\">gran finale a Superga<\/strong>, ogni fase della corsa sar\u00e0 un\u2019opportunit\u00e0 per vivere l\u2019emozione di una delle classiche pi\u00f9 antiche e prestigiose del ciclismo mondiale.<\/p><p data-start=\"442\" data-end=\"478\"><span data-start=\"444\" data-end=\"476\">Orari principali della gara:<\/span><\/p><ul data-start=\"480\" data-end=\"1128\"><li data-start=\"480\" data-end=\"643\"><strong data-start=\"482\" data-end=\"537\">Ore 9:00 \u2013 Apertura del Villaggio di Partenza a Rho<\/strong>: i tifosi potranno avvicinarsi ai corridori, osservare da vicino le bici e vivere l\u2019atmosfera pre-gara.<\/li><li data-start=\"644\" data-end=\"760\"><strong data-start=\"646\" data-end=\"707\">Ore 11:35 \u2013 Partenza ufficiale da Piazza San Vittore, Rho<\/strong>: il via alla corsa tra il tifo degli appassionati.<\/li><li data-start=\"761\" data-end=\"879\"><strong data-start=\"763\" data-end=\"834\">Ore 14:00 \u2013 Passaggio sul tratto di pianura tra Vercelli e Chivasso<\/strong>: possibile occasione per fughe da lontano.<\/li><li data-start=\"880\" data-end=\"999\"><strong data-start=\"882\" data-end=\"921\">Ore 15:30 \u2013 Prima scalata a Superga<\/strong>: qui il gruppo inizier\u00e0 a frazionarsi e i favoriti si metteranno in azione.<\/li><li data-start=\"1000\" data-end=\"1128\"><strong data-start=\"1002\" data-end=\"1067\">Ore 16:00 \u2013 Seconda scalata e arrivo alla Basilica di Superga<\/strong>: il momento decisivo in cui verr\u00e0 incoronato il vincitore.<\/li><\/ul>\t\t\t\t\t\t\t\t<\/div>\n\t\t\t\t<\/div>\n\t\t\t\t<div class=\"elementor-element elementor-element-9355b58 elementor-widget elementor-widget-heading\" data-id=\"9355b58\" data-element_type=\"widget\" data-e-type=\"widget\" data-widget_type=\"heading.default\">\n\t\t\t\t<div class=\"elementor-widget-container\">\n\t\t\t\t\t<h3 class=\"elementor-heading-title elementor-size-default\">Dove seguire la gara<\/h3>\t\t\t\t<\/div>\n\t\t\t\t<\/div>\n\t\t\t\t<div class=\"elementor-element elementor-element-ffe1671 elementor-widget elementor-widget-text-editor\" data-id=\"ffe1671\" data-element_type=\"widget\" data-e-type=\"widget\" data-widget_type=\"text-editor.default\">\n\t\t\t\t<div class=\"elementor-widget-container\">\n\t\t\t\t\t\t\t\t\t<p>I tifosi potranno seguire la <strong data-start=\"1190\" data-end=\"1212\">Milano-Torino 2025<\/strong> lungo il percorso, soprattutto nei punti strategici come la <strong data-start=\"1273\" data-end=\"1291\">partenza a Rho<\/strong> e il <strong data-start=\"1297\" data-end=\"1317\">finale a Superga<\/strong>, dove l\u2019atmosfera sar\u00e0 elettrizzante. Per chi non potr\u00e0 essere presente, la corsa sar\u00e0 trasmessa in <strong data-start=\"1418\" data-end=\"1444\">diretta TV e streaming<\/strong>, con copertura sui canali Rai Sport ed Eurosport.<\/p>\t\t\t\t\t\t\t\t<\/div>\n\t\t\t\t<\/div>\n\t\t\t\t\t<\/div>\n\t\t\t\t<\/div>\n\t\t\t\t<\/div>\n\t\t","protected":false},"excerpt":{"rendered":"<p>In questo articolo scopriremo il percorso dettagliato, le tappe pi\u00f9 importanti, gli orari e tutto ci\u00f2 che c\u2019\u00e8 da sapere su questa edizione della Milano-Torino.<\/p>\n","protected":false},"author":3,"featured_media":5910,"comment_status":"closed","ping_status":"open","sticky":false,"template":"","format":"standard","meta":{"footnotes":""},"categories":[2],"tags":[],"class_list":["post-5908","post","type-post","status-publish","format-standard","has-post-thumbnail","hentry","category-notizie-attualita"],"yoast_head":"<!-- This site is optimized with the Yoast SEO Premium plugin v27.4 (Yoast SEO v27.5) - https:\/\/yoast.com\/product\/yoast-seo-premium-wordpress\/ -->\n<title>Milano-Torino 2025: percorso, tappe, programma<\/title>\n<meta name=\"description\" content=\"Questa 106\u00aa edizione prevede un percorso di 174 chilometri con partenza da Rho e arrivo alla storica salita della Basilica di Superga.\" \/>\n<meta name=\"robots\" content=\"index, follow, max-snippet:-1, max-image-preview:large, max-video-preview:-1\" \/>\n<link rel=\"canonical\" href=\"https:\/\/lombardiashopping.it\/blog\/notizie-attualita\/milano-torino-2025\/\" \/>\n<meta property=\"og:locale\" content=\"it_IT\" \/>\n<meta property=\"og:type\" content=\"article\" \/>\n<meta property=\"og:title\" content=\"Milano-Torino 2025: percorso, tappe, programma\" \/>\n<meta property=\"og:description\" content=\"Questa 106\u00aa edizione prevede un percorso di 174 chilometri con partenza da Rho e arrivo alla storica salita della Basilica di Superga.\" \/>\n<meta property=\"og:url\" content=\"https:\/\/lombardiashopping.it\/blog\/notizie-attualita\/milano-torino-2025\/\" \/>\n<meta property=\"og:site_name\" content=\"Blog Lombardia\" \/>\n<meta property=\"article:published_time\" content=\"2025-03-17T13:56:10+00:00\" \/>\n<meta property=\"article:modified_time\" content=\"2025-03-17T14:00:45+00:00\" \/>\n<meta property=\"og:image\" content=\"https:\/\/lombardiashopping.it\/blog\/wp-content\/uploads\/2025\/03\/milano-torino-orari-date-e-programma.webp\" \/>\n\t<meta property=\"og:image:width\" content=\"768\" \/>\n\t<meta property=\"og:image:height\" content=\"600\" \/>\n\t<meta property=\"og:image:type\" content=\"image\/webp\" \/>\n<meta name=\"author\" content=\"Mario Chirico\" \/>\n<meta name=\"twitter:card\" content=\"summary_large_image\" \/>\n<meta name=\"twitter:label1\" content=\"Scritto da\" \/>\n\t<meta name=\"twitter:data1\" content=\"Mario Chirico\" \/>\n\t<meta name=\"twitter:label2\" content=\"Tempo di lettura stimato\" \/>\n\t<meta name=\"twitter:data2\" content=\"4 minuti\" \/>\n<script type=\"application\/ld+json\" class=\"yoast-schema-graph\">{\"@context\":\"https:\\\/\\\/schema.org\",\"@graph\":[{\"@type\":\"NewsArticle\",\"@id\":\"https:\\\/\\\/lombardiashopping.it\\\/blog\\\/notizie-attualita\\\/milano-torino-2025\\\/#article\",\"isPartOf\":{\"@id\":\"https:\\\/\\\/lombardiashopping.it\\\/blog\\\/notizie-attualita\\\/milano-torino-2025\\\/\"},\"author\":{\"name\":\"Mario Chirico\",\"@id\":\"https:\\\/\\\/lombardiashopping.it\\\/blog\\\/#\\\/schema\\\/person\\\/361b68d1f526eecec4ce01db966a79c2\"},\"headline\":\"Milano-Torino 2025: percorso, tappe, programma\",\"datePublished\":\"2025-03-17T13:56:10+00:00\",\"dateModified\":\"2025-03-17T14:00:45+00:00\",\"mainEntityOfPage\":{\"@id\":\"https:\\\/\\\/lombardiashopping.it\\\/blog\\\/notizie-attualita\\\/milano-torino-2025\\\/\"},\"wordCount\":600,\"publisher\":{\"@id\":\"https:\\\/\\\/lombardiashopping.it\\\/blog\\\/#organization\"},\"image\":{\"@id\":\"https:\\\/\\\/lombardiashopping.it\\\/blog\\\/notizie-attualita\\\/milano-torino-2025\\\/#primaryimage\"},\"thumbnailUrl\":\"https:\\\/\\\/lombardiashopping.it\\\/blog\\\/wp-content\\\/uploads\\\/2025\\\/03\\\/milano-torino-orari-date-e-programma.webp\",\"articleSection\":[\"Notizie ed attualit\u00e0\"],\"inLanguage\":\"it-IT\"},{\"@type\":\"WebPage\",\"@id\":\"https:\\\/\\\/lombardiashopping.it\\\/blog\\\/notizie-attualita\\\/milano-torino-2025\\\/\",\"url\":\"https:\\\/\\\/lombardiashopping.it\\\/blog\\\/notizie-attualita\\\/milano-torino-2025\\\/\",\"name\":\"Milano-Torino 2025: percorso, tappe, programma\",\"isPartOf\":{\"@id\":\"https:\\\/\\\/lombardiashopping.it\\\/blog\\\/#website\"},\"primaryImageOfPage\":{\"@id\":\"https:\\\/\\\/lombardiashopping.it\\\/blog\\\/notizie-attualita\\\/milano-torino-2025\\\/#primaryimage\"},\"image\":{\"@id\":\"https:\\\/\\\/lombardiashopping.it\\\/blog\\\/notizie-attualita\\\/milano-torino-2025\\\/#primaryimage\"},\"thumbnailUrl\":\"https:\\\/\\\/lombardiashopping.it\\\/blog\\\/wp-content\\\/uploads\\\/2025\\\/03\\\/milano-torino-orari-date-e-programma.webp\",\"datePublished\":\"2025-03-17T13:56:10+00:00\",\"dateModified\":\"2025-03-17T14:00:45+00:00\",\"description\":\"Questa 106\u00aa edizione prevede un percorso di 174 chilometri con partenza da Rho e arrivo alla storica salita della Basilica di Superga.\",\"breadcrumb\":{\"@id\":\"https:\\\/\\\/lombardiashopping.it\\\/blog\\\/notizie-attualita\\\/milano-torino-2025\\\/#breadcrumb\"},\"inLanguage\":\"it-IT\",\"potentialAction\":[{\"@type\":\"ReadAction\",\"target\":[\"https:\\\/\\\/lombardiashopping.it\\\/blog\\\/notizie-attualita\\\/milano-torino-2025\\\/\"]}]},{\"@type\":\"ImageObject\",\"inLanguage\":\"it-IT\",\"@id\":\"https:\\\/\\\/lombardiashopping.it\\\/blog\\\/notizie-attualita\\\/milano-torino-2025\\\/#primaryimage\",\"url\":\"https:\\\/\\\/lombardiashopping.it\\\/blog\\\/wp-content\\\/uploads\\\/2025\\\/03\\\/milano-torino-orari-date-e-programma.webp\",\"contentUrl\":\"https:\\\/\\\/lombardiashopping.it\\\/blog\\\/wp-content\\\/uploads\\\/2025\\\/03\\\/milano-torino-orari-date-e-programma.webp\",\"width\":768,\"height\":600,\"caption\":\"milano-torino orari, date e programma\"},{\"@type\":\"BreadcrumbList\",\"@id\":\"https:\\\/\\\/lombardiashopping.it\\\/blog\\\/notizie-attualita\\\/milano-torino-2025\\\/#breadcrumb\",\"itemListElement\":[{\"@type\":\"ListItem\",\"position\":1,\"name\":\"Lombardiablog\",\"item\":\"https:\\\/\\\/lombardiashopping.it\\\/blog\\\/\"},{\"@type\":\"ListItem\",\"position\":2,\"name\":\"Notizie ed attualit\u00e0\",\"item\":\"https:\\\/\\\/lombardiashopping.it\\\/blog\\\/notizie-attualita\\\/\"},{\"@type\":\"ListItem\",\"position\":3,\"name\":\"Milano-Torino 2025: percorso, tappe, programma\"}]},{\"@type\":\"WebSite\",\"@id\":\"https:\\\/\\\/lombardiashopping.it\\\/blog\\\/#website\",\"url\":\"https:\\\/\\\/lombardiashopping.it\\\/blog\\\/\",\"name\":\"Lombardia Blog\",\"description\":\"\",\"publisher\":{\"@id\":\"https:\\\/\\\/lombardiashopping.it\\\/blog\\\/#organization\"},\"potentialAction\":[{\"@type\":\"SearchAction\",\"target\":{\"@type\":\"EntryPoint\",\"urlTemplate\":\"https:\\\/\\\/lombardiashopping.it\\\/blog\\\/?s={search_term_string}\"},\"query-input\":{\"@type\":\"PropertyValueSpecification\",\"valueRequired\":true,\"valueName\":\"search_term_string\"}}],\"inLanguage\":\"it-IT\"},{\"@type\":\"Organization\",\"@id\":\"https:\\\/\\\/lombardiashopping.it\\\/blog\\\/#organization\",\"name\":\"USB\",\"alternateName\":\"Ledblog Lombardia\",\"url\":\"https:\\\/\\\/lombardiashopping.it\\\/blog\\\/\",\"logo\":{\"@type\":\"ImageObject\",\"inLanguage\":\"it-IT\",\"@id\":\"https:\\\/\\\/lombardiashopping.it\\\/blog\\\/#\\\/schema\\\/logo\\\/image\\\/\",\"url\":\"\",\"contentUrl\":\"\",\"caption\":\"USB\"},\"image\":{\"@id\":\"https:\\\/\\\/lombardiashopping.it\\\/blog\\\/#\\\/schema\\\/logo\\\/image\\\/\"},\"description\":\"Ledblog Lombardia ha lo scopo di realizzare articoli che possano mettere in risalto luoghi ed eventi di tutta la lombardia.\"},{\"@type\":\"Person\",\"@id\":\"https:\\\/\\\/lombardiashopping.it\\\/blog\\\/#\\\/schema\\\/person\\\/361b68d1f526eecec4ce01db966a79c2\",\"name\":\"Mario Chirico\",\"image\":{\"@type\":\"ImageObject\",\"inLanguage\":\"it-IT\",\"@id\":\"https:\\\/\\\/secure.gravatar.com\\\/avatar\\\/cebbe5fdadbd866e7a3b8531022b95bc58c735316c117136d6bf67024df1188a?s=96&d=mm&r=g\",\"url\":\"https:\\\/\\\/secure.gravatar.com\\\/avatar\\\/cebbe5fdadbd866e7a3b8531022b95bc58c735316c117136d6bf67024df1188a?s=96&d=mm&r=g\",\"contentUrl\":\"https:\\\/\\\/secure.gravatar.com\\\/avatar\\\/cebbe5fdadbd866e7a3b8531022b95bc58c735316c117136d6bf67024df1188a?s=96&d=mm&r=g\",\"caption\":\"Mario Chirico\"},\"description\":\"Mario Chirico, classe 1999, \u00e8 dottore in Culture digitali e della comunicazione presso l'Universit\u00e0 degli Studi di Napoli \\\"Federico II\\\". Si dedica ogni giorno alla scoperta di qualcosa di nuovo da poter condividere. Insegue il sogno di visitare il mondo e di scoprirne tutto il fascino. Nel tempo libero si dedica allo sport come il calcio e la palestra.\"}]}<\/script>\n<!-- \/ Yoast SEO Premium plugin. -->","yoast_head_json":{"title":"Milano-Torino 2025: percorso, tappe, programma","description":"Questa 106\u00aa edizione prevede un percorso di 174 chilometri con partenza da Rho e arrivo alla storica salita della Basilica di Superga.","robots":{"index":"index","follow":"follow","max-snippet":"max-snippet:-1","max-image-preview":"max-image-preview:large","max-video-preview":"max-video-preview:-1"},"canonical":"https:\/\/lombardiashopping.it\/blog\/notizie-attualita\/milano-torino-2025\/","og_locale":"it_IT","og_type":"article","og_title":"Milano-Torino 2025: percorso, tappe, programma","og_description":"Questa 106\u00aa edizione prevede un percorso di 174 chilometri con partenza da Rho e arrivo alla storica salita della Basilica di Superga.","og_url":"https:\/\/lombardiashopping.it\/blog\/notizie-attualita\/milano-torino-2025\/","og_site_name":"Blog Lombardia","article_published_time":"2025-03-17T13:56:10+00:00","article_modified_time":"2025-03-17T14:00:45+00:00","og_image":[{"width":768,"height":600,"url":"https:\/\/lombardiashopping.it\/blog\/wp-content\/uploads\/2025\/03\/milano-torino-orari-date-e-programma.webp","type":"image\/webp"}],"author":"Mario Chirico","twitter_card":"summary_large_image","twitter_misc":{"Scritto da":"Mario Chirico","Tempo di lettura stimato":"4 minuti"},"schema":{"@context":"https:\/\/schema.org","@graph":[{"@type":"NewsArticle","@id":"https:\/\/lombardiashopping.it\/blog\/notizie-attualita\/milano-torino-2025\/#article","isPartOf":{"@id":"https:\/\/lombardiashopping.it\/blog\/notizie-attualita\/milano-torino-2025\/"},"author":{"name":"Mario Chirico","@id":"https:\/\/lombardiashopping.it\/blog\/#\/schema\/person\/361b68d1f526eecec4ce01db966a79c2"},"headline":"Milano-Torino 2025: percorso, tappe, programma","datePublished":"2025-03-17T13:56:10+00:00","dateModified":"2025-03-17T14:00:45+00:00","mainEntityOfPage":{"@id":"https:\/\/lombardiashopping.it\/blog\/notizie-attualita\/milano-torino-2025\/"},"wordCount":600,"publisher":{"@id":"https:\/\/lombardiashopping.it\/blog\/#organization"},"image":{"@id":"https:\/\/lombardiashopping.it\/blog\/notizie-attualita\/milano-torino-2025\/#primaryimage"},"thumbnailUrl":"https:\/\/lombardiashopping.it\/blog\/wp-content\/uploads\/2025\/03\/milano-torino-orari-date-e-programma.webp","articleSection":["Notizie ed attualit\u00e0"],"inLanguage":"it-IT"},{"@type":"WebPage","@id":"https:\/\/lombardiashopping.it\/blog\/notizie-attualita\/milano-torino-2025\/","url":"https:\/\/lombardiashopping.it\/blog\/notizie-attualita\/milano-torino-2025\/","name":"Milano-Torino 2025: percorso, tappe, programma","isPartOf":{"@id":"https:\/\/lombardiashopping.it\/blog\/#website"},"primaryImageOfPage":{"@id":"https:\/\/lombardiashopping.it\/blog\/notizie-attualita\/milano-torino-2025\/#primaryimage"},"image":{"@id":"https:\/\/lombardiashopping.it\/blog\/notizie-attualita\/milano-torino-2025\/#primaryimage"},"thumbnailUrl":"https:\/\/lombardiashopping.it\/blog\/wp-content\/uploads\/2025\/03\/milano-torino-orari-date-e-programma.webp","datePublished":"2025-03-17T13:56:10+00:00","dateModified":"2025-03-17T14:00:45+00:00","description":"Questa 106\u00aa edizione prevede un percorso di 174 chilometri con partenza da Rho e arrivo alla storica salita della Basilica di Superga.","breadcrumb":{"@id":"https:\/\/lombardiashopping.it\/blog\/notizie-attualita\/milano-torino-2025\/#breadcrumb"},"inLanguage":"it-IT","potentialAction":[{"@type":"ReadAction","target":["https:\/\/lombardiashopping.it\/blog\/notizie-attualita\/milano-torino-2025\/"]}]},{"@type":"ImageObject","inLanguage":"it-IT","@id":"https:\/\/lombardiashopping.it\/blog\/notizie-attualita\/milano-torino-2025\/#primaryimage","url":"https:\/\/lombardiashopping.it\/blog\/wp-content\/uploads\/2025\/03\/milano-torino-orari-date-e-programma.webp","contentUrl":"https:\/\/lombardiashopping.it\/blog\/wp-content\/uploads\/2025\/03\/milano-torino-orari-date-e-programma.webp","width":768,"height":600,"caption":"milano-torino orari, date e programma"},{"@type":"BreadcrumbList","@id":"https:\/\/lombardiashopping.it\/blog\/notizie-attualita\/milano-torino-2025\/#breadcrumb","itemListElement":[{"@type":"ListItem","position":1,"name":"Lombardiablog","item":"https:\/\/lombardiashopping.it\/blog\/"},{"@type":"ListItem","position":2,"name":"Notizie ed attualit\u00e0","item":"https:\/\/lombardiashopping.it\/blog\/notizie-attualita\/"},{"@type":"ListItem","position":3,"name":"Milano-Torino 2025: percorso, tappe, programma"}]},{"@type":"WebSite","@id":"https:\/\/lombardiashopping.it\/blog\/#website","url":"https:\/\/lombardiashopping.it\/blog\/","name":"Lombardia Blog","description":"","publisher":{"@id":"https:\/\/lombardiashopping.it\/blog\/#organization"},"potentialAction":[{"@type":"SearchAction","target":{"@type":"EntryPoint","urlTemplate":"https:\/\/lombardiashopping.it\/blog\/?s={search_term_string}"},"query-input":{"@type":"PropertyValueSpecification","valueRequired":true,"valueName":"search_term_string"}}],"inLanguage":"it-IT"},{"@type":"Organization","@id":"https:\/\/lombardiashopping.it\/blog\/#organization","name":"USB","alternateName":"Ledblog Lombardia","url":"https:\/\/lombardiashopping.it\/blog\/","logo":{"@type":"ImageObject","inLanguage":"it-IT","@id":"https:\/\/lombardiashopping.it\/blog\/#\/schema\/logo\/image\/","url":"","contentUrl":"","caption":"USB"},"image":{"@id":"https:\/\/lombardiashopping.it\/blog\/#\/schema\/logo\/image\/"},"description":"Ledblog Lombardia ha lo scopo di realizzare articoli che possano mettere in risalto luoghi ed eventi di tutta la lombardia."},{"@type":"Person","@id":"https:\/\/lombardiashopping.it\/blog\/#\/schema\/person\/361b68d1f526eecec4ce01db966a79c2","name":"Mario Chirico","image":{"@type":"ImageObject","inLanguage":"it-IT","@id":"https:\/\/secure.gravatar.com\/avatar\/cebbe5fdadbd866e7a3b8531022b95bc58c735316c117136d6bf67024df1188a?s=96&d=mm&r=g","url":"https:\/\/secure.gravatar.com\/avatar\/cebbe5fdadbd866e7a3b8531022b95bc58c735316c117136d6bf67024df1188a?s=96&d=mm&r=g","contentUrl":"https:\/\/secure.gravatar.com\/avatar\/cebbe5fdadbd866e7a3b8531022b95bc58c735316c117136d6bf67024df1188a?s=96&d=mm&r=g","caption":"Mario Chirico"},"description":"Mario Chirico, classe 1999, \u00e8 dottore in Culture digitali e della comunicazione presso l'Universit\u00e0 degli Studi di Napoli \"Federico II\". Si dedica ogni giorno alla scoperta di qualcosa di nuovo da poter condividere. Insegue il sogno di visitare il mondo e di scoprirne tutto il fascino. Nel tempo libero si dedica allo sport come il calcio e la palestra."}]}},"acf":[],"_links":{"self":[{"href":"https:\/\/lombardiashopping.it\/blog\/wp-json\/wp\/v2\/posts\/5908","targetHints":{"allow":["GET"]}}],"collection":[{"href":"https:\/\/lombardiashopping.it\/blog\/wp-json\/wp\/v2\/posts"}],"about":[{"href":"https:\/\/lombardiashopping.it\/blog\/wp-json\/wp\/v2\/types\/post"}],"author":[{"embeddable":true,"href":"https:\/\/lombardiashopping.it\/blog\/wp-json\/wp\/v2\/users\/3"}],"replies":[{"embeddable":true,"href":"https:\/\/lombardiashopping.it\/blog\/wp-json\/wp\/v2\/comments?post=5908"}],"version-history":[{"count":4,"href":"https:\/\/lombardiashopping.it\/blog\/wp-json\/wp\/v2\/posts\/5908\/revisions"}],"predecessor-version":[{"id":5913,"href":"https:\/\/lombardiashopping.it\/blog\/wp-json\/wp\/v2\/posts\/5908\/revisions\/5913"}],"wp:featuredmedia":[{"embeddable":true,"href":"https:\/\/lombardiashopping.it\/blog\/wp-json\/wp\/v2\/media\/5910"}],"wp:attachment":[{"href":"https:\/\/lombardiashopping.it\/blog\/wp-json\/wp\/v2\/media?parent=5908"}],"wp:term":[{"taxonomy":"category","embeddable":true,"href":"https:\/\/lombardiashopping.it\/blog\/wp-json\/wp\/v2\/categories?post=5908"},{"taxonomy":"post_tag","embeddable":true,"href":"https:\/\/lombardiashopping.it\/blog\/wp-json\/wp\/v2\/tags?post=5908"}],"curies":[{"name":"wp","href":"https:\/\/api.w.org\/{rel}","templated":true}]}}