{"id":6578,"date":"2025-05-15T14:23:38","date_gmt":"2025-05-15T12:23:38","guid":{"rendered":"https:\/\/lombardiashopping.it\/blog\/?p=6578"},"modified":"2025-05-15T14:23:40","modified_gmt":"2025-05-15T12:23:40","slug":"parchi-bergamo","status":"publish","type":"post","link":"https:\/\/lombardiashopping.it\/blog\/itinerari-esperienze\/parchi-bergamo\/","title":{"rendered":"Quali sono i parchi di Bergamo pi\u00f9 belli? Scopriamo i migliori per picnic, per bambini anche in provincia"},"content":{"rendered":"\t\t<div data-elementor-type=\"wp-post\" data-elementor-id=\"6578\" class=\"elementor elementor-6578\" data-elementor-post-type=\"post\">\n\t\t\t\t<div class=\"elementor-element elementor-element-75f9fe3 e-con-full e-flex wpr-particle-no wpr-jarallax-no wpr-parallax-no wpr-sticky-section-no wpr-equal-height-no e-con e-parent\" data-id=\"75f9fe3\" data-element_type=\"container\" data-e-type=\"container\">\n\t\t\t\t<div class=\"elementor-element elementor-element-9549b3a elementor-widget elementor-widget-text-editor\" data-id=\"9549b3a\" data-element_type=\"widget\" data-e-type=\"widget\" data-widget_type=\"text-editor.default\">\n\t\t\t\t<div class=\"elementor-widget-container\">\n\t\t\t\t\t\t\t\t\t<p class=\"\" data-start=\"194\" data-end=\"521\">Le giornate soleggiate sono un invito irresistibile a uscire di casa e godersi un po\u2019 di tempo all\u2019aria aperta. Che si tratti di una semplice passeggiata, di un pomeriggio di <strong>giochi con i bambini o di un picnic in compagnia<\/strong>, trascorrere qualche ora immersi nel verde non \u00e8 solo piacevole: fa bene al corpo e alla mente.<\/p><p class=\"\" data-start=\"523\" data-end=\"986\">A <a href=\"https:\/\/lombardiashopping.it\/blog\/luoghi-scoprire\/citta\/cosa-fare-bergamo\/\" target=\"_blank\" rel=\"noopener\"><strong>Bergamo<\/strong> <\/a>non mancano certo le occasioni per rigenerarsi nella natura. Dai grandi parchi cittadini alle aree pi\u00f9 tranquille ai piedi delle colline, ogni spazio verde offre l\u2019opportunit\u00e0 di respirare aria pulita, rallentare i ritmi e vivere una giornata diversa. Sia nella parte <a href=\"https:\/\/lombardiashopping.it\/blog\/luoghi-scoprire\/cosa-vedere-bergamo-alta\/\" target=\"_blank\" rel=\"noopener\">alta<\/a> che <a href=\"https:\/\/lombardiashopping.it\/blog\/luoghi-scoprire\/bergamo-bassa\/\" target=\"_blank\" rel=\"noopener\">bassa<\/a> ci sono parchi con aree gioco, zone ombreggiate ideali per stendere una coperta, spazi per chi fa sport, percorsi ciclabili e addirittura angoli perfetti per una merenda o un pranzo all\u2019aperto.<\/p>\t\t\t\t\t\t\t\t<\/div>\n\t\t\t\t<\/div>\n\t\t\t\t<div class=\"elementor-element elementor-element-990251b elementor-widget elementor-widget-heading\" data-id=\"990251b\" data-element_type=\"widget\" data-e-type=\"widget\" data-widget_type=\"heading.default\">\n\t\t\t\t<div class=\"elementor-widget-container\">\n\t\t\t\t\t<h2 class=\"elementor-heading-title elementor-size-default\">I migliori parchi di Bergamo\n<\/h2>\t\t\t\t<\/div>\n\t\t\t\t<\/div>\n\t\t\t\t<div class=\"elementor-element elementor-element-51e94cf elementor-widget elementor-widget-text-editor\" data-id=\"51e94cf\" data-element_type=\"widget\" data-e-type=\"widget\" data-widget_type=\"text-editor.default\">\n\t\t\t\t<div class=\"elementor-widget-container\">\n\t\t\t\t\t\t\t\t\t<p class=\"\" data-start=\"190\" data-end=\"549\"><strong>Bergamo<\/strong> offre diversi <strong>parchi pubblici<\/strong> adatti a chi vuole passare del tempo all\u2019aperto senza allontanarsi dalla citt\u00e0. Alcuni <strong>parchi<\/strong> sono dotati di aree gioco per <strong>bambini<\/strong>, altri dispongono di percorsi pedonali o ciclabili adatti a passeggiate e attivit\u00e0 fisica. Non mancano spazi ombreggiati dove poter organizzare un <strong>picnic, leggere o semplicemente riposarsi<\/strong>.<\/p><p class=\"\" data-start=\"551\" data-end=\"845\">In molti parchi sono presenti panchine, fontanelle, punti ristoro e servizi igienici. Alcuni offrono anche eventi stagionali, attivit\u00e0 per famiglie o percorsi naturalistici. Alcune aree verdi si trovano vicino a fermate dei mezzi pubblici, altre richiedono l\u2019uso dell\u2019auto per essere raggiunte.<\/p><p class=\"\" data-start=\"847\" data-end=\"1003\">Nella sezione che segue, vedremo quali sono i <strong>principali parchi di Bergamo<\/strong>, cosa si pu\u00f2 fare al loro interno, come raggiungerli e quali servizi offrono.<\/p>\t\t\t\t\t\t\t\t<\/div>\n\t\t\t\t<\/div>\n\t\t\t\t<div class=\"elementor-element elementor-element-8bc4b40 elementor-widget elementor-widget-heading\" data-id=\"8bc4b40\" data-element_type=\"widget\" data-e-type=\"widget\" data-widget_type=\"heading.default\">\n\t\t\t\t<div class=\"elementor-widget-container\">\n\t\t\t\t\t<h3 class=\"elementor-heading-title elementor-size-default\">Parco dei Colli di Bergamo\n<\/h3>\t\t\t\t<\/div>\n\t\t\t\t<\/div>\n\t\t\t\t<div class=\"elementor-element elementor-element-afcb062 elementor-widget elementor-widget-text-editor\" data-id=\"afcb062\" data-element_type=\"widget\" data-e-type=\"widget\" data-widget_type=\"text-editor.default\">\n\t\t\t\t<div class=\"elementor-widget-container\">\n\t\t\t\t\t\t\t\t\t<p class=\"\" data-start=\"120\" data-end=\"389\"><span class=\"relative -mx-px my-[-0.2rem] rounded px-px py-[0.2rem] transition-colors duration-100 ease-in-out\">Il <strong data-start=\"3\" data-end=\"33\">Parco dei Colli di Bergamo<\/strong> \u00e8 un&#8217;area naturale protetta istituita nel 1977, che si estende su circa 4.700 ettari tra i 244 e i 1.146 metri di altitudine.<\/span> <span class=\"relative -mx-px my-[-0.2rem] rounded px-px py-[0.2rem] transition-colors duration-100 ease-in-out\">Comprende la zona storica di Citt\u00e0 Alta e le colline circostanti, coinvolgendo dieci comuni: <em>Alm\u00e9, Bergamo, Mozzo, Paladina, Ponteranica, Ranica, Sorisole, Torre Boldone, Valbrembo e Villa d&#8217;Alm\u00e9<\/em><\/span>.<\/p><h4 data-start=\"314\" data-end=\"332\"><strong data-start=\"319\" data-end=\"332\">Cosa fare<\/strong><\/h4><ul data-start=\"334\" data-end=\"835\"><li class=\"\" data-start=\"334\" data-end=\"485\"><p class=\"\" data-start=\"336\" data-end=\"485\"><strong data-start=\"336\" data-end=\"364\">Escursioni e passeggiate<\/strong>: <span class=\"relative -mx-px my-[-0.2rem] rounded px-px py-[0.2rem] transition-colors duration-100 ease-in-out\">il parco offre una rete di oltre 75 km di sentieri, scalette e antiche mulattiere, ideali per camminate e trekking.<\/span><\/p><\/li><li class=\"\" data-start=\"487\" data-end=\"581\"><p class=\"\" data-start=\"489\" data-end=\"581\"><strong data-start=\"489\" data-end=\"501\">Ciclismo<\/strong>: <span class=\"relative -mx-px my-[-0.2rem] rounded px-px py-[0.2rem] transition-colors duration-100 ease-in-out\">presenti percorsi adatti a biciclette e mountain bike.<\/span><\/p><\/li><li class=\"\" data-start=\"583\" data-end=\"726\"><p class=\"\" data-start=\"585\" data-end=\"726\"><strong data-start=\"585\" data-end=\"605\">Visite culturali<\/strong>: <span class=\"relative -mx-px my-[-0.2rem] rounded px-px py-[0.2rem] transition-colors duration-100 ease-in-out\">all&#8217;interno del parco si trovano siti di interesse storico e architettonico, come l&#8217;ex monastero di Astino e la zona di Citt\u00e0 Alta.<\/span><\/p><\/li><li class=\"\" data-start=\"728\" data-end=\"835\"><p class=\"\" data-start=\"730\" data-end=\"835\"><strong data-start=\"730\" data-end=\"755\">Educazione ambientale<\/strong>: <span class=\"relative -mx-px my-[-0.2rem] rounded px-px py-[0.2rem] transition-colors duration-100 ease-in-out\">il Centro Parco Ca&#8217; Matta organizza attivit\u00e0 didattiche e laboratori per scuole e famiglie.<\/span><\/p><\/li><\/ul><h4 data-start=\"837\" data-end=\"865\"><strong data-start=\"842\" data-end=\"865\">Servizi disponibili<\/strong><\/h4><ul data-start=\"867\" data-end=\"1420\"><li class=\"\" data-start=\"867\" data-end=\"970\"><p class=\"\" data-start=\"869\" data-end=\"970\"><strong data-start=\"869\" data-end=\"890\">Centro visitatori<\/strong>: <span class=\"relative -mx-px my-[-0.2rem] rounded px-px py-[0.2rem] transition-colors duration-100 ease-in-out\">sede del parco presso l&#8217;ex convento di Santa Maria in Valmarina, Via Valmarina 25, Bergamo.\u00a0<\/span><\/p><\/li><li class=\"\" data-start=\"972\" data-end=\"1108\"><p class=\"\" data-start=\"974\" data-end=\"1108\"><strong data-start=\"974\" data-end=\"987\">Parcheggi<\/strong>: <span class=\"relative -mx-px my-[-0.2rem] rounded px-px py-[0.2rem] transition-colors duration-100 ease-in-out\">disponibili in diverse zone del parco, con accesso libero negli orari di apertura.<\/span><\/p><\/li><li class=\"\" data-start=\"1110\" data-end=\"1207\"><p class=\"\" data-start=\"1112\" data-end=\"1207\"><strong data-start=\"1112\" data-end=\"1127\">Aree picnic<\/strong>: <span class=\"relative -mx-px my-[-0.2rem] rounded px-px py-[0.2rem] transition-colors duration-100 ease-in-out\">presenti in vari punti del parco.<\/span><\/p><\/li><li class=\"\" data-start=\"1209\" data-end=\"1305\"><p class=\"\" data-start=\"1211\" data-end=\"1305\"><strong data-start=\"1211\" data-end=\"1225\">Fontanelle<\/strong>: <span class=\"relative -mx-px my-[-0.2rem] rounded px-px py-[0.2rem] transition-colors duration-100 ease-in-out\">disponibili lungo i principali percorsi.<\/span><\/p><\/li><li class=\"\" data-start=\"1307\" data-end=\"1420\"><p class=\"\" data-start=\"1309\" data-end=\"1420\"><strong data-start=\"1309\" data-end=\"1340\">Agriturismi e punti ristoro<\/strong>: <span class=\"relative -mx-px my-[-0.2rem] rounded px-px py-[0.2rem] transition-colors duration-100 ease-in-out\">situati in prossimit\u00e0 dei sentieri principali.<\/span><\/p><\/li><\/ul><h4 data-start=\"1422\" data-end=\"1448\"><strong data-start=\"1427\" data-end=\"1448\">Orari di apertura<\/strong><\/h4><p class=\"\" data-start=\"1450\" data-end=\"1609\"><span class=\"relative -mx-px my-[-0.2rem] rounded px-px py-[0.2rem] transition-colors duration-100 ease-in-out\">Il parco \u00e8 accessibile tutti i giorni, 24 ore su 24.<\/span> <span class=\"relative -mx-px my-[-0.2rem] rounded px-px py-[0.2rem] transition-colors duration-100 ease-in-out\">Gli uffici del Consorzio Parco dei Colli di Bergamo sono aperti dal luned\u00ec al gioved\u00ec, dalle 9:00 alle 13:00<\/span> .<\/p>\t\t\t\t\t\t\t\t<\/div>\n\t\t\t\t<\/div>\n\t\t\t\t<div class=\"elementor-element elementor-element-1d1987c elementor-widget elementor-widget-heading\" data-id=\"1d1987c\" data-element_type=\"widget\" data-e-type=\"widget\" data-widget_type=\"heading.default\">\n\t\t\t\t<div class=\"elementor-widget-container\">\n\t\t\t\t\t<h3 class=\"elementor-heading-title elementor-size-default\">Parco Suardi\n<\/h3>\t\t\t\t<\/div>\n\t\t\t\t<\/div>\n\t\t\t\t<div class=\"elementor-element elementor-element-4396289 elementor-widget elementor-widget-text-editor\" data-id=\"4396289\" data-element_type=\"widget\" data-e-type=\"widget\" data-widget_type=\"text-editor.default\">\n\t\t\t\t<div class=\"elementor-widget-container\">\n\t\t\t\t\t\t\t\t\t<p class=\"\" data-start=\"97\" data-end=\"367\">Il <strong data-start=\"133\" data-end=\"149\">Parco Suardi<\/strong> si trova in centro a Bergamo, tra via San Giovanni e via Cesare Battisti. \u00c8 un parco pubblico frequentato soprattutto da famiglie con bambini grazie alla presenza di ampie aree gioco e spazi attrezzati. La superficie complessiva \u00e8 di circa <strong data-start=\"390\" data-end=\"403\">23.000 m\u00b2<\/strong>.<\/p><h4 data-start=\"406\" data-end=\"430\"><strong data-start=\"410\" data-end=\"430\">Cosa si pu\u00f2 fare<\/strong><\/h4><p class=\"\" data-start=\"432\" data-end=\"725\">All\u2019interno del parco si trovano numerose <strong data-start=\"474\" data-end=\"499\">giostrine per bambini<\/strong>, sia gratuite che a pagamento. Sono presenti <strong data-start=\"545\" data-end=\"558\">28 giochi<\/strong> suddivisi per fasce d\u2019et\u00e0 e due giostrine a gettoni (0,50 \u20ac a gettone oppure 9 \u20ac per 20 gettoni). Le strutture includono anche giochi adatti a bambini con disabilit\u00e0.<\/p><p class=\"\" data-start=\"727\" data-end=\"990\">Ci sono <strong data-start=\"735\" data-end=\"766\">panchine, tavoli per picnic<\/strong>, ampie zone d\u2019erba, <strong data-start=\"787\" data-end=\"822\">fontanelle per l\u2019acqua potabile<\/strong> e un\u2019illuminazione adeguata per l\u2019uso serale. Il parco \u00e8 pianeggiante e dotato di <strong data-start=\"905\" data-end=\"929\">percorsi accessibili<\/strong>, adatti anche a passeggini e persone con difficolt\u00e0 motorie.<\/p><h4 data-start=\"992\" data-end=\"1016\"><strong data-start=\"996\" data-end=\"1016\">Servizi presenti<\/strong><\/h4><ul data-start=\"1018\" data-end=\"1184\"><li class=\"\" data-start=\"1018\" data-end=\"1054\"><p class=\"\" data-start=\"1020\" data-end=\"1054\">49 panchine e 2 tavoli da picnic<\/p><\/li><li class=\"\" data-start=\"1055\" data-end=\"1077\"><p class=\"\" data-start=\"1057\" data-end=\"1077\">2 servizi igienici<\/p><\/li><li class=\"\" data-start=\"1078\" data-end=\"1094\"><p class=\"\" data-start=\"1080\" data-end=\"1094\">2 fontanelle<\/p><\/li><li class=\"\" data-start=\"1095\" data-end=\"1128\"><p class=\"\" data-start=\"1097\" data-end=\"1128\">Illuminazione con 35 lampioni<\/p><\/li><li class=\"\" data-start=\"1129\" data-end=\"1184\"><p class=\"\" data-start=\"1131\" data-end=\"1184\">Ingressi accessibili e vialetti adatti a carrozzine<\/p><\/li><\/ul><h4 data-start=\"1186\" data-end=\"1211\"><strong data-start=\"1190\" data-end=\"1211\">Orari di apertura<\/strong><\/h4><ul data-start=\"1213\" data-end=\"1366\"><li class=\"\" data-start=\"1213\" data-end=\"1262\"><p class=\"\" data-start=\"1215\" data-end=\"1262\"><strong data-start=\"1215\" data-end=\"1246\">Dal 1\u00b0 aprile al 31 ottobre<\/strong>: 7:00 \u2013 22:00<\/p><\/li><li class=\"\" data-start=\"1263\" data-end=\"1312\"><p class=\"\" data-start=\"1265\" data-end=\"1312\"><strong data-start=\"1265\" data-end=\"1296\">Dal 1\u00b0 novembre al 31 marzo<\/strong>: 7:00 \u2013 19:00<\/p><\/li><li class=\"\" data-start=\"1313\" data-end=\"1366\"><p class=\"\" data-start=\"1315\" data-end=\"1366\"><strong data-start=\"1315\" data-end=\"1325\">Chiuso<\/strong> il 1\u00b0 gennaio, a Pasqua e il 25 dicembre<\/p><\/li><\/ul><h4 data-start=\"1368\" data-end=\"1394\"><strong data-start=\"1372\" data-end=\"1394\">Altre informazioni utili<\/strong><\/h4><ul data-start=\"1396\" data-end=\"1545\"><li class=\"\" data-start=\"1396\" data-end=\"1446\"><p class=\"\" data-start=\"1398\" data-end=\"1446\"><strong data-start=\"1398\" data-end=\"1411\">Indirizzo<\/strong>: Via San Giovanni, 24121 Bergamo<\/p><\/li><li class=\"\" data-start=\"1447\" data-end=\"1475\"><p class=\"\" data-start=\"1449\" data-end=\"1475\"><strong data-start=\"1449\" data-end=\"1461\">Telefono<\/strong>: 035 399788<\/p><\/li><li class=\"\" data-start=\"1476\" data-end=\"1545\"><p class=\"\" data-start=\"1478\" data-end=\"1545\"><strong data-start=\"1478\" data-end=\"1490\">Ingresso<\/strong>: libero, ad eccezione di alcune attrazioni a pagamento<\/p><\/li><\/ul><p class=\"\" data-start=\"1547\" data-end=\"1640\">Il parco \u00e8 ben servito dai mezzi pubblici e nei dintorni sono presenti parcheggi a pagamento.<\/p>\t\t\t\t\t\t\t\t<\/div>\n\t\t\t\t<\/div>\n\t\t\t\t<div class=\"elementor-element elementor-element-946ff7b elementor-widget elementor-widget-heading\" data-id=\"946ff7b\" data-element_type=\"widget\" data-e-type=\"widget\" data-widget_type=\"heading.default\">\n\t\t\t\t<div class=\"elementor-widget-container\">\n\t\t\t\t\t<h3 class=\"elementor-heading-title elementor-size-default\">Parco della Trucca\n<\/h3>\t\t\t\t<\/div>\n\t\t\t\t<\/div>\n\t\t\t\t<div class=\"elementor-element elementor-element-8837e07 elementor-widget elementor-widget-text-editor\" data-id=\"8837e07\" data-element_type=\"widget\" data-e-type=\"widget\" data-widget_type=\"text-editor.default\">\n\t\t\t\t<div class=\"elementor-widget-container\">\n\t\t\t\t\t\t\t\t\t<p class=\"\" data-start=\"175\" data-end=\"459\">Il <strong data-start=\"178\" data-end=\"200\">Parco della Trucca<\/strong> si trova nella zona ovest di Bergamo, nei pressi dell\u2019Ospedale Papa Giovanni XXIII. Con una superficie di circa <strong data-start=\"313\" data-end=\"339\">193.000 metri quadrati<\/strong>, \u00e8 il <strong data-start=\"346\" data-end=\"387\">pi\u00f9 grande parco pubblico della citt\u00e0<\/strong>. \u00c8 facilmente raggiungibile anche in bicicletta o con i mezzi pubblici.<\/p><h4 data-start=\"461\" data-end=\"485\"><strong data-start=\"465\" data-end=\"485\">Cosa si pu\u00f2 fare<\/strong><\/h4><p class=\"\" data-start=\"487\" data-end=\"535\">Il parco \u00e8 adatto a diverse attivit\u00e0 all\u2019aperto:<\/p><ul data-start=\"537\" data-end=\"1280\"><li class=\"\" data-start=\"537\" data-end=\"661\"><p class=\"\" data-start=\"539\" data-end=\"661\"><strong data-start=\"539\" data-end=\"560\">Camminate e corsa<\/strong>: \u00e8 presente un <strong data-start=\"576\" data-end=\"607\">anello pedonale e ciclabile<\/strong> di circa 2 km, usato anche per allenamento e jogging.<\/p><\/li><li class=\"\" data-start=\"662\" data-end=\"759\"><p class=\"\" data-start=\"664\" data-end=\"759\"><strong data-start=\"664\" data-end=\"685\">Gioco per bambini<\/strong>: ci sono <strong data-start=\"695\" data-end=\"729\">due aree attrezzate con giochi<\/strong> adatti a diverse fasce d\u2019et\u00e0.<\/p><\/li><li class=\"\" data-start=\"760\" data-end=\"894\"><p class=\"\" data-start=\"762\" data-end=\"894\"><strong data-start=\"762\" data-end=\"780\">Picnic e relax<\/strong>: sono disponibili <strong data-start=\"799\" data-end=\"839\">tavoli, panchine e ampie aree d\u2019erba<\/strong> ideali per pranzare all\u2019aperto o stendere una coperta.<\/p><\/li><li class=\"\" data-start=\"895\" data-end=\"998\"><p class=\"\" data-start=\"897\" data-end=\"998\"><strong data-start=\"897\" data-end=\"918\">Attivit\u00e0 sportive<\/strong>: lungo il percorso ci sono <strong data-start=\"946\" data-end=\"982\">attrezzature per esercizi fisici<\/strong> a corpo libero.<\/p><\/li><li class=\"\" data-start=\"999\" data-end=\"1071\"><p class=\"\" data-start=\"1001\" data-end=\"1071\"><strong data-start=\"1001\" data-end=\"1014\">Area cani<\/strong>: presente una zona dedicata ai cani, recintata e sicura.<\/p><\/li><li class=\"\" data-start=\"1072\" data-end=\"1166\"><p class=\"\" data-start=\"1074\" data-end=\"1166\"><strong data-start=\"1074\" data-end=\"1095\">Laghi artificiali<\/strong>: nel parco ci sono <strong data-start=\"1115\" data-end=\"1131\">tre laghetti<\/strong> abitati da fauna acquatica locale.<\/p><\/li><li class=\"\" data-start=\"1167\" data-end=\"1280\"><p class=\"\" data-start=\"1169\" data-end=\"1280\"><strong data-start=\"1169\" data-end=\"1179\">Eventi<\/strong>: in estate vengono organizzati concerti, mercatini, proiezioni all\u2019aperto e iniziative per famiglie.<\/p><\/li><\/ul><h4 data-start=\"1282\" data-end=\"1306\"><strong data-start=\"1286\" data-end=\"1306\">Servizi presenti<\/strong><\/h4><ul data-start=\"1308\" data-end=\"1463\"><li class=\"\" data-start=\"1308\" data-end=\"1334\"><p class=\"\" data-start=\"1310\" data-end=\"1334\">Percorsi ciclopedonali<\/p><\/li><li class=\"\" data-start=\"1335\" data-end=\"1349\"><p class=\"\" data-start=\"1337\" data-end=\"1349\">Aree gioco<\/p><\/li><li class=\"\" data-start=\"1350\" data-end=\"1370\"><p class=\"\" data-start=\"1352\" data-end=\"1370\">Tavoli da picnic<\/p><\/li><li class=\"\" data-start=\"1371\" data-end=\"1385\"><p class=\"\" data-start=\"1373\" data-end=\"1385\">Fontanelle<\/p><\/li><li class=\"\" data-start=\"1386\" data-end=\"1399\"><p class=\"\" data-start=\"1388\" data-end=\"1399\">Area cani<\/p><\/li><li class=\"\" data-start=\"1400\" data-end=\"1434\"><p class=\"\" data-start=\"1402\" data-end=\"1434\">Bagni (in occasione di eventi)<\/p><\/li><li class=\"\" data-start=\"1435\" data-end=\"1463\"><p class=\"\" data-start=\"1437\" data-end=\"1463\">Ampio parcheggio adiacente<\/p><\/li><\/ul><h4 data-start=\"1465\" data-end=\"1488\"><strong data-start=\"1469\" data-end=\"1488\">Accesso e orari<\/strong><\/h4><ul data-start=\"1490\" data-end=\"1676\"><li class=\"\" data-start=\"1490\" data-end=\"1540\"><p class=\"\" data-start=\"1492\" data-end=\"1540\"><strong data-start=\"1492\" data-end=\"1505\">Indirizzo<\/strong>: Via Martin Luther King, Bergamo<\/p><\/li><li class=\"\" data-start=\"1541\" data-end=\"1610\"><p class=\"\" data-start=\"1543\" data-end=\"1610\"><strong data-start=\"1543\" data-end=\"1552\">Orari<\/strong>: accesso libero, <strong data-start=\"1570\" data-end=\"1608\">aperto tutti i giorni 24 ore su 24<\/strong><\/p><\/li><li class=\"\" data-start=\"1611\" data-end=\"1676\"><p class=\"\" data-start=\"1613\" data-end=\"1676\">Il parco \u00e8 <strong data-start=\"1624\" data-end=\"1676\">accessibile anche a persone con mobilit\u00e0 ridotta<\/strong><\/p><\/li><\/ul>\t\t\t\t\t\t\t\t<\/div>\n\t\t\t\t<\/div>\n\t\t\t\t<div class=\"elementor-element elementor-element-d530b5c elementor-widget elementor-widget-heading\" data-id=\"d530b5c\" data-element_type=\"widget\" data-e-type=\"widget\" data-widget_type=\"heading.default\">\n\t\t\t\t<div class=\"elementor-widget-container\">\n\t\t\t\t\t<h3 class=\"elementor-heading-title elementor-size-default\">Parco della Rocca e Castello di San Vigilio\n<\/h3>\t\t\t\t<\/div>\n\t\t\t\t<\/div>\n\t\t\t\t<div class=\"elementor-element elementor-element-dad5b3e elementor-widget elementor-widget-text-editor\" data-id=\"dad5b3e\" data-element_type=\"widget\" data-e-type=\"widget\" data-widget_type=\"text-editor.default\">\n\t\t\t\t<div class=\"elementor-widget-container\">\n\t\t\t\t\t\t\t\t\t<p class=\"\" data-start=\"184\" data-end=\"509\">Il <strong data-start=\"187\" data-end=\"214\">Castello di San Vigilio<\/strong> si trova sulla cima dell\u2019omonimo colle, a circa <strong data-start=\"263\" data-end=\"290\">496 metri di altitudine<\/strong>, e domina tutta la <strong data-start=\"310\" data-end=\"335\">Citt\u00e0 Alta di Bergamo<\/strong>. \u00c8 un sito di interesse storico e paesaggistico, circondato da un parco pubblico che offre percorsi panoramici e punti di osservazione sulla citt\u00e0 e sulle valli circostanti.<\/p><h4 data-start=\"511\" data-end=\"535\"><strong data-start=\"515\" data-end=\"535\">Cosa si pu\u00f2 fare<\/strong><\/h4><ul data-start=\"537\" data-end=\"1052\"><li class=\"\" data-start=\"537\" data-end=\"722\"><p class=\"\" data-start=\"539\" data-end=\"722\"><strong data-start=\"539\" data-end=\"563\">Visitare il castello<\/strong>: si possono esplorare i resti della fortificazione, i torrioni e i camminamenti interni. Alcuni <strong data-start=\"660\" data-end=\"684\">passaggi sotterranei<\/strong> sono visitabili solo su prenotazione.<\/p><\/li><li class=\"\" data-start=\"723\" data-end=\"844\"><p class=\"\" data-start=\"725\" data-end=\"844\"><strong data-start=\"725\" data-end=\"752\">Passeggiate panoramiche<\/strong>: il parco offre sentieri brevi ma suggestivi, con numerose <strong data-start=\"812\" data-end=\"843\">panchine e punti panoramici<\/strong>.<\/p><\/li><li class=\"\" data-start=\"845\" data-end=\"929\"><p class=\"\" data-start=\"847\" data-end=\"929\"><strong data-start=\"847\" data-end=\"865\">Picnic e relax<\/strong>: ci sono aree verdi ideali per una sosta tranquilla all\u2019aperto.<\/p><\/li><li class=\"\" data-start=\"930\" data-end=\"1052\"><p class=\"\" data-start=\"932\" data-end=\"1052\"><strong data-start=\"932\" data-end=\"946\">Fotografia<\/strong>: i belvedere offrono <strong data-start=\"968\" data-end=\"984\">viste a 360\u00b0<\/strong> sulla pianura lombarda, le Prealpi Orobiche e la citt\u00e0 sottostante.<\/p><\/li><\/ul><h4 data-start=\"1054\" data-end=\"1075\"><strong data-start=\"1058\" data-end=\"1075\">Come arrivare<\/strong><\/h4><ul data-start=\"1077\" data-end=\"1315\"><li class=\"\" data-start=\"1077\" data-end=\"1157\"><p class=\"\" data-start=\"1079\" data-end=\"1157\"><strong data-start=\"1079\" data-end=\"1108\">Funicolare di San Vigilio<\/strong>: collega la Citt\u00e0 Alta al colle in pochi minuti.<\/p><\/li><li class=\"\" data-start=\"1158\" data-end=\"1242\"><p class=\"\" data-start=\"1160\" data-end=\"1242\"><strong data-start=\"1160\" data-end=\"1171\">A piedi<\/strong>: si pu\u00f2 salire da via San Vigilio con un percorso pedonale panoramico.<\/p><\/li><li class=\"\" data-start=\"1243\" data-end=\"1315\"><p class=\"\" data-start=\"1245\" data-end=\"1315\"><strong data-start=\"1245\" data-end=\"1256\">In auto<\/strong>: sono disponibili alcuni <strong data-start=\"1282\" data-end=\"1295\">parcheggi<\/strong> vicino al castello.<\/p><\/li><\/ul><h4 data-start=\"1317\" data-end=\"1340\"><strong data-start=\"1321\" data-end=\"1340\">Orari e accesso<\/strong><\/h4><ul data-start=\"1342\" data-end=\"1497\"><li class=\"\" data-start=\"1342\" data-end=\"1407\"><p class=\"\" data-start=\"1344\" data-end=\"1407\"><strong data-start=\"1344\" data-end=\"1375\">Dal 1\u00b0 aprile al 31 ottobre<\/strong>: aperto dalle 7:00 alle 21:00<\/p><\/li><li class=\"\" data-start=\"1408\" data-end=\"1473\"><p class=\"\" data-start=\"1410\" data-end=\"1473\"><strong data-start=\"1410\" data-end=\"1441\">Dal 1\u00b0 novembre al 31 marzo<\/strong>: aperto dalle 8:00 alle 17:00<\/p><\/li><li class=\"\" data-start=\"1474\" data-end=\"1497\"><p class=\"\" data-start=\"1476\" data-end=\"1497\"><strong data-start=\"1476\" data-end=\"1497\">Ingresso gratuito<\/strong><\/p><\/li><\/ul><h4 data-start=\"1499\" data-end=\"1523\"><strong data-start=\"1503\" data-end=\"1523\">Servizi presenti<\/strong><\/h4><ul data-start=\"1525\" data-end=\"1664\"><li class=\"\" data-start=\"1525\" data-end=\"1560\"><p class=\"\" data-start=\"1527\" data-end=\"1560\">Sentieri e terrazze panoramiche<\/p><\/li><li class=\"\" data-start=\"1561\" data-end=\"1588\"><p class=\"\" data-start=\"1563\" data-end=\"1588\">Aree verdi con panchine<\/p><\/li><li class=\"\" data-start=\"1589\" data-end=\"1626\"><p class=\"\" data-start=\"1591\" data-end=\"1626\">Informazioni storiche su pannelli<\/p><\/li><li class=\"\" data-start=\"1627\" data-end=\"1664\"><p class=\"\" data-start=\"1629\" data-end=\"1664\">Locali e bar nei pressi del parco<\/p><\/li><\/ul>\t\t\t\t\t\t\t\t<\/div>\n\t\t\t\t<\/div>\n\t\t\t\t<div class=\"elementor-element elementor-element-d4b67af elementor-widget elementor-widget-heading\" data-id=\"d4b67af\" data-element_type=\"widget\" data-e-type=\"widget\" data-widget_type=\"heading.default\">\n\t\t\t\t<div class=\"elementor-widget-container\">\n\t\t\t\t\t<h3 class=\"elementor-heading-title elementor-size-default\">Parco Baden Powell\n<\/h3>\t\t\t\t<\/div>\n\t\t\t\t<\/div>\n\t\t\t\t<div class=\"elementor-element elementor-element-bc7252a elementor-widget elementor-widget-text-editor\" data-id=\"bc7252a\" data-element_type=\"widget\" data-e-type=\"widget\" data-widget_type=\"text-editor.default\">\n\t\t\t\t<div class=\"elementor-widget-container\">\n\t\t\t\t\t\t\t\t\t<p class=\"\" data-start=\"200\" data-end=\"423\">Il <strong data-start=\"203\" data-end=\"225\">Parco Baden Powell<\/strong> si trova nel quartiere Celadina, tra via Don Mansueto Zambetti e via Borgo Palazzo. \u00c8 stato rinnovato nel 2022 e oggi rappresenta uno degli spazi verdi urbani pi\u00f9 completi e accessibili di Bergamo.<\/p><h4 data-start=\"425\" data-end=\"449\"><strong data-start=\"429\" data-end=\"449\">Cosa si pu\u00f2 fare<\/strong><\/h4><p class=\"\" data-start=\"451\" data-end=\"516\">Il parco \u00e8 adatto a famiglie, sportivi e residenti del quartiere:<\/p><ul data-start=\"518\" data-end=\"960\"><li class=\"\" data-start=\"518\" data-end=\"619\"><p class=\"\" data-start=\"520\" data-end=\"619\"><strong data-start=\"520\" data-end=\"545\">Area giochi inclusiva<\/strong>: giochi progettati anche per bambini con disabilit\u00e0 motorie o sensoriali.<\/p><\/li><li class=\"\" data-start=\"620\" data-end=\"703\"><p class=\"\" data-start=\"622\" data-end=\"703\"><strong data-start=\"622\" data-end=\"641\">Tavolini liberi<\/strong>: ideali per picnic, merende o attivit\u00e0 didattiche all\u2019aperto.<\/p><\/li><li class=\"\" data-start=\"704\" data-end=\"792\"><p class=\"\" data-start=\"706\" data-end=\"792\"><strong data-start=\"706\" data-end=\"730\">Attrezzi da palestra<\/strong>: postazioni per esercizi a corpo libero, accessibili a tutti.<\/p><\/li><li class=\"\" data-start=\"793\" data-end=\"868\"><p class=\"\" data-start=\"795\" data-end=\"868\"><strong data-start=\"795\" data-end=\"810\">Spazio cani<\/strong>: area recintata dove i cani possono muoversi liberamente.<\/p><\/li><li class=\"\" data-start=\"869\" data-end=\"960\"><p class=\"\" data-start=\"871\" data-end=\"960\"><strong data-start=\"871\" data-end=\"894\">Passeggiate e relax<\/strong>: vialetti adatti a camminate, bambini in bici o attivit\u00e0 leggere.<\/p><\/li><\/ul><h4 data-start=\"962\" data-end=\"986\"><strong data-start=\"966\" data-end=\"986\">Servizi presenti<\/strong><\/h4><ul data-start=\"988\" data-end=\"1239\"><li class=\"\" data-start=\"988\" data-end=\"1002\"><p class=\"\" data-start=\"990\" data-end=\"1002\">Fontanelle<\/p><\/li><li class=\"\" data-start=\"1003\" data-end=\"1030\"><p class=\"\" data-start=\"1005\" data-end=\"1030\">Panchine e tavoli fissi<\/p><\/li><li class=\"\" data-start=\"1031\" data-end=\"1063\"><p class=\"\" data-start=\"1033\" data-end=\"1063\">Servizi igienici accessibili<\/p><\/li><li class=\"\" data-start=\"1064\" data-end=\"1089\"><p class=\"\" data-start=\"1066\" data-end=\"1089\">Area giochi inclusiva<\/p><\/li><li class=\"\" data-start=\"1090\" data-end=\"1114\"><p class=\"\" data-start=\"1092\" data-end=\"1114\">Spazio cani separato<\/p><\/li><li class=\"\" data-start=\"1115\" data-end=\"1139\"><p class=\"\" data-start=\"1117\" data-end=\"1139\">Attrezzature fitness<\/p><\/li><li class=\"\" data-start=\"1140\" data-end=\"1198\"><p class=\"\" data-start=\"1142\" data-end=\"1198\"><strong data-start=\"1142\" data-end=\"1174\">Parcheggi gratuiti adiacenti<\/strong> su pi\u00f9 lati del parco<\/p><\/li><li class=\"\" data-start=\"1199\" data-end=\"1239\"><p class=\"\" data-start=\"1201\" data-end=\"1239\">Guardiania in fasce orarie giornaliere<\/p><\/li><\/ul><h4 data-start=\"1241\" data-end=\"1266\"><strong data-start=\"1245\" data-end=\"1266\">Orari di apertura<\/strong><\/h4><ul data-start=\"1268\" data-end=\"1342\"><li class=\"\" data-start=\"1268\" data-end=\"1342\"><p class=\"\" data-start=\"1270\" data-end=\"1342\"><strong data-start=\"1270\" data-end=\"1288\">Tutti i giorni<\/strong>: 8:00 \u2013 18:00 (possibili estensioni orarie in estate)<\/p><\/li><\/ul><p data-start=\"1370\" data-end=\"1732\">\u00a0<\/p><p class=\"\" data-start=\"1370\" data-end=\"1732\">Il <strong data-start=\"1373\" data-end=\"1395\">Parco Baden Powell<\/strong> \u00e8 uno spazio pubblico progettato con attenzione all\u2019accessibilit\u00e0 e alla funzionalit\u00e0. \u00c8 ideale per passare del tempo all\u2019aperto con i bambini, fare sport, rilassarsi o far correre il cane in libert\u00e0. La presenza di tavoli, fontanelle, attrezzi e parcheggi gratuiti lo rende pratico anche per una sosta veloce o una giornata all\u2019aperto.<\/p>\t\t\t\t\t\t\t\t<\/div>\n\t\t\t\t<\/div>\n\t\t\t\t<\/div>\n\t\t\t\t<\/div>\n\t\t","protected":false},"excerpt":{"rendered":"<p>Nell\u2019articolo vedremo quali sono i migliori parchi di Bergamo: luoghi perfetti per grandi e piccoli, dove natura e citt\u00e0 si incontrano in un equilibrio ideale.<\/p>\n","protected":false},"author":3,"featured_media":6600,"comment_status":"closed","ping_status":"closed","sticky":false,"template":"","format":"standard","meta":{"footnotes":""},"categories":[162,5],"tags":[170],"class_list":["post-6578","post","type-post","status-publish","format-standard","has-post-thumbnail","hentry","category-gite-fuori-porta-lombardia","category-itinerari-esperienze","tag-cosa-vedere"],"yoast_head":"<!-- This site is optimized with the Yoast SEO Premium plugin v27.4 (Yoast SEO v27.5) - https:\/\/yoast.com\/product\/yoast-seo-premium-wordpress\/ -->\n<title>Quali sono i parchi di Bergamo pi\u00f9 belli? Scopriamo i migliori<\/title>\n<meta name=\"description\" content=\"Nell\u2019articolo vedremo quali sono i migliori parchi di Bergamo: luoghi perfetti per grandi e piccoli, dove natura e citt\u00e0 si incontrano.\" \/>\n<meta name=\"robots\" content=\"index, follow, max-snippet:-1, max-image-preview:large, max-video-preview:-1\" \/>\n<link rel=\"canonical\" href=\"https:\/\/lombardiashopping.it\/blog\/itinerari-esperienze\/parchi-bergamo\/\" \/>\n<meta property=\"og:locale\" content=\"it_IT\" \/>\n<meta property=\"og:type\" content=\"article\" \/>\n<meta property=\"og:title\" content=\"Quali sono i parchi di Bergamo pi\u00f9 belli? Scopriamo i migliori per picnic, per bambini anche in provincia\" \/>\n<meta property=\"og:description\" content=\"Nell\u2019articolo vedremo quali sono i migliori parchi di Bergamo: luoghi perfetti per grandi e piccoli, dove natura e citt\u00e0 si incontrano.\" \/>\n<meta property=\"og:url\" content=\"https:\/\/lombardiashopping.it\/blog\/itinerari-esperienze\/parchi-bergamo\/\" \/>\n<meta property=\"og:site_name\" content=\"Blog Lombardia\" \/>\n<meta property=\"article:published_time\" content=\"2025-05-15T12:23:38+00:00\" \/>\n<meta property=\"article:modified_time\" content=\"2025-05-15T12:23:40+00:00\" \/>\n<meta property=\"og:image\" content=\"https:\/\/lombardiashopping.it\/blog\/wp-content\/uploads\/2025\/05\/parchi-di-bergamo.webp\" \/>\n\t<meta property=\"og:image:width\" content=\"768\" \/>\n\t<meta property=\"og:image:height\" content=\"600\" \/>\n\t<meta property=\"og:image:type\" content=\"image\/webp\" \/>\n<meta name=\"author\" content=\"Mario Chirico\" \/>\n<meta name=\"twitter:card\" content=\"summary_large_image\" \/>\n<meta name=\"twitter:label1\" content=\"Scritto da\" \/>\n\t<meta name=\"twitter:data1\" content=\"Mario Chirico\" \/>\n\t<meta name=\"twitter:label2\" content=\"Tempo di lettura stimato\" \/>\n\t<meta name=\"twitter:data2\" content=\"8 minuti\" \/>\n<script type=\"application\/ld+json\" class=\"yoast-schema-graph\">{\"@context\":\"https:\\\/\\\/schema.org\",\"@graph\":[{\"@type\":[\"Article\",\"BlogPosting\"],\"@id\":\"https:\\\/\\\/lombardiashopping.it\\\/blog\\\/itinerari-esperienze\\\/parchi-bergamo\\\/#article\",\"isPartOf\":{\"@id\":\"https:\\\/\\\/lombardiashopping.it\\\/blog\\\/itinerari-esperienze\\\/parchi-bergamo\\\/\"},\"author\":{\"name\":\"Mario Chirico\",\"@id\":\"https:\\\/\\\/lombardiashopping.it\\\/blog\\\/#\\\/schema\\\/person\\\/361b68d1f526eecec4ce01db966a79c2\"},\"headline\":\"Quali sono i parchi di Bergamo pi\u00f9 belli? Scopriamo i migliori per picnic, per bambini anche in provincia\",\"datePublished\":\"2025-05-15T12:23:38+00:00\",\"dateModified\":\"2025-05-15T12:23:40+00:00\",\"mainEntityOfPage\":{\"@id\":\"https:\\\/\\\/lombardiashopping.it\\\/blog\\\/itinerari-esperienze\\\/parchi-bergamo\\\/\"},\"wordCount\":1332,\"publisher\":{\"@id\":\"https:\\\/\\\/lombardiashopping.it\\\/blog\\\/#organization\"},\"image\":{\"@id\":\"https:\\\/\\\/lombardiashopping.it\\\/blog\\\/itinerari-esperienze\\\/parchi-bergamo\\\/#primaryimage\"},\"thumbnailUrl\":\"https:\\\/\\\/lombardiashopping.it\\\/blog\\\/wp-content\\\/uploads\\\/2025\\\/05\\\/parchi-di-bergamo.webp\",\"keywords\":[\"Cosa vedere in Lombardia\"],\"articleSection\":[\"Gite fuori porta\",\"Itinerari ed esperienze\"],\"inLanguage\":\"it-IT\"},{\"@type\":\"WebPage\",\"@id\":\"https:\\\/\\\/lombardiashopping.it\\\/blog\\\/itinerari-esperienze\\\/parchi-bergamo\\\/\",\"url\":\"https:\\\/\\\/lombardiashopping.it\\\/blog\\\/itinerari-esperienze\\\/parchi-bergamo\\\/\",\"name\":\"Quali sono i parchi di Bergamo pi\u00f9 belli? Scopriamo i migliori\",\"isPartOf\":{\"@id\":\"https:\\\/\\\/lombardiashopping.it\\\/blog\\\/#website\"},\"primaryImageOfPage\":{\"@id\":\"https:\\\/\\\/lombardiashopping.it\\\/blog\\\/itinerari-esperienze\\\/parchi-bergamo\\\/#primaryimage\"},\"image\":{\"@id\":\"https:\\\/\\\/lombardiashopping.it\\\/blog\\\/itinerari-esperienze\\\/parchi-bergamo\\\/#primaryimage\"},\"thumbnailUrl\":\"https:\\\/\\\/lombardiashopping.it\\\/blog\\\/wp-content\\\/uploads\\\/2025\\\/05\\\/parchi-di-bergamo.webp\",\"datePublished\":\"2025-05-15T12:23:38+00:00\",\"dateModified\":\"2025-05-15T12:23:40+00:00\",\"description\":\"Nell\u2019articolo vedremo quali sono i migliori parchi di Bergamo: luoghi perfetti per grandi e piccoli, dove natura e citt\u00e0 si incontrano.\",\"breadcrumb\":{\"@id\":\"https:\\\/\\\/lombardiashopping.it\\\/blog\\\/itinerari-esperienze\\\/parchi-bergamo\\\/#breadcrumb\"},\"inLanguage\":\"it-IT\",\"potentialAction\":[{\"@type\":\"ReadAction\",\"target\":[\"https:\\\/\\\/lombardiashopping.it\\\/blog\\\/itinerari-esperienze\\\/parchi-bergamo\\\/\"]}]},{\"@type\":\"ImageObject\",\"inLanguage\":\"it-IT\",\"@id\":\"https:\\\/\\\/lombardiashopping.it\\\/blog\\\/itinerari-esperienze\\\/parchi-bergamo\\\/#primaryimage\",\"url\":\"https:\\\/\\\/lombardiashopping.it\\\/blog\\\/wp-content\\\/uploads\\\/2025\\\/05\\\/parchi-di-bergamo.webp\",\"contentUrl\":\"https:\\\/\\\/lombardiashopping.it\\\/blog\\\/wp-content\\\/uploads\\\/2025\\\/05\\\/parchi-di-bergamo.webp\",\"width\":768,\"height\":600,\"caption\":\"parchi di bergamo\"},{\"@type\":\"BreadcrumbList\",\"@id\":\"https:\\\/\\\/lombardiashopping.it\\\/blog\\\/itinerari-esperienze\\\/parchi-bergamo\\\/#breadcrumb\",\"itemListElement\":[{\"@type\":\"ListItem\",\"position\":1,\"name\":\"Lombardiablog\",\"item\":\"https:\\\/\\\/lombardiashopping.it\\\/blog\\\/\"},{\"@type\":\"ListItem\",\"position\":2,\"name\":\"Itinerari ed esperienze\",\"item\":\"https:\\\/\\\/lombardiashopping.it\\\/blog\\\/itinerari-esperienze\\\/\"},{\"@type\":\"ListItem\",\"position\":3,\"name\":\"Quali sono i parchi di Bergamo pi\u00f9 belli? Scopriamo i migliori per picnic, per bambini anche in provincia\"}]},{\"@type\":\"WebSite\",\"@id\":\"https:\\\/\\\/lombardiashopping.it\\\/blog\\\/#website\",\"url\":\"https:\\\/\\\/lombardiashopping.it\\\/blog\\\/\",\"name\":\"Lombardia Blog\",\"description\":\"\",\"publisher\":{\"@id\":\"https:\\\/\\\/lombardiashopping.it\\\/blog\\\/#organization\"},\"potentialAction\":[{\"@type\":\"SearchAction\",\"target\":{\"@type\":\"EntryPoint\",\"urlTemplate\":\"https:\\\/\\\/lombardiashopping.it\\\/blog\\\/?s={search_term_string}\"},\"query-input\":{\"@type\":\"PropertyValueSpecification\",\"valueRequired\":true,\"valueName\":\"search_term_string\"}}],\"inLanguage\":\"it-IT\"},{\"@type\":\"Organization\",\"@id\":\"https:\\\/\\\/lombardiashopping.it\\\/blog\\\/#organization\",\"name\":\"USB\",\"alternateName\":\"Ledblog Lombardia\",\"url\":\"https:\\\/\\\/lombardiashopping.it\\\/blog\\\/\",\"logo\":{\"@type\":\"ImageObject\",\"inLanguage\":\"it-IT\",\"@id\":\"https:\\\/\\\/lombardiashopping.it\\\/blog\\\/#\\\/schema\\\/logo\\\/image\\\/\",\"url\":\"\",\"contentUrl\":\"\",\"caption\":\"USB\"},\"image\":{\"@id\":\"https:\\\/\\\/lombardiashopping.it\\\/blog\\\/#\\\/schema\\\/logo\\\/image\\\/\"},\"description\":\"Ledblog Lombardia ha lo scopo di realizzare articoli che possano mettere in risalto luoghi ed eventi di tutta la lombardia.\"},{\"@type\":\"Person\",\"@id\":\"https:\\\/\\\/lombardiashopping.it\\\/blog\\\/#\\\/schema\\\/person\\\/361b68d1f526eecec4ce01db966a79c2\",\"name\":\"Mario Chirico\",\"image\":{\"@type\":\"ImageObject\",\"inLanguage\":\"it-IT\",\"@id\":\"https:\\\/\\\/secure.gravatar.com\\\/avatar\\\/cebbe5fdadbd866e7a3b8531022b95bc58c735316c117136d6bf67024df1188a?s=96&d=mm&r=g\",\"url\":\"https:\\\/\\\/secure.gravatar.com\\\/avatar\\\/cebbe5fdadbd866e7a3b8531022b95bc58c735316c117136d6bf67024df1188a?s=96&d=mm&r=g\",\"contentUrl\":\"https:\\\/\\\/secure.gravatar.com\\\/avatar\\\/cebbe5fdadbd866e7a3b8531022b95bc58c735316c117136d6bf67024df1188a?s=96&d=mm&r=g\",\"caption\":\"Mario Chirico\"},\"description\":\"Mario Chirico, classe 1999, \u00e8 dottore in Culture digitali e della comunicazione presso l'Universit\u00e0 degli Studi di Napoli \\\"Federico II\\\". Si dedica ogni giorno alla scoperta di qualcosa di nuovo da poter condividere. Insegue il sogno di visitare il mondo e di scoprirne tutto il fascino. Nel tempo libero si dedica allo sport come il calcio e la palestra.\"}]}<\/script>\n<!-- \/ Yoast SEO Premium plugin. -->","yoast_head_json":{"title":"Quali sono i parchi di Bergamo pi\u00f9 belli? Scopriamo i migliori","description":"Nell\u2019articolo vedremo quali sono i migliori parchi di Bergamo: luoghi perfetti per grandi e piccoli, dove natura e citt\u00e0 si incontrano.","robots":{"index":"index","follow":"follow","max-snippet":"max-snippet:-1","max-image-preview":"max-image-preview:large","max-video-preview":"max-video-preview:-1"},"canonical":"https:\/\/lombardiashopping.it\/blog\/itinerari-esperienze\/parchi-bergamo\/","og_locale":"it_IT","og_type":"article","og_title":"Quali sono i parchi di Bergamo pi\u00f9 belli? Scopriamo i migliori per picnic, per bambini anche in provincia","og_description":"Nell\u2019articolo vedremo quali sono i migliori parchi di Bergamo: luoghi perfetti per grandi e piccoli, dove natura e citt\u00e0 si incontrano.","og_url":"https:\/\/lombardiashopping.it\/blog\/itinerari-esperienze\/parchi-bergamo\/","og_site_name":"Blog Lombardia","article_published_time":"2025-05-15T12:23:38+00:00","article_modified_time":"2025-05-15T12:23:40+00:00","og_image":[{"width":768,"height":600,"url":"https:\/\/lombardiashopping.it\/blog\/wp-content\/uploads\/2025\/05\/parchi-di-bergamo.webp","type":"image\/webp"}],"author":"Mario Chirico","twitter_card":"summary_large_image","twitter_misc":{"Scritto da":"Mario Chirico","Tempo di lettura stimato":"8 minuti"},"schema":{"@context":"https:\/\/schema.org","@graph":[{"@type":["Article","BlogPosting"],"@id":"https:\/\/lombardiashopping.it\/blog\/itinerari-esperienze\/parchi-bergamo\/#article","isPartOf":{"@id":"https:\/\/lombardiashopping.it\/blog\/itinerari-esperienze\/parchi-bergamo\/"},"author":{"name":"Mario Chirico","@id":"https:\/\/lombardiashopping.it\/blog\/#\/schema\/person\/361b68d1f526eecec4ce01db966a79c2"},"headline":"Quali sono i parchi di Bergamo pi\u00f9 belli? Scopriamo i migliori per picnic, per bambini anche in provincia","datePublished":"2025-05-15T12:23:38+00:00","dateModified":"2025-05-15T12:23:40+00:00","mainEntityOfPage":{"@id":"https:\/\/lombardiashopping.it\/blog\/itinerari-esperienze\/parchi-bergamo\/"},"wordCount":1332,"publisher":{"@id":"https:\/\/lombardiashopping.it\/blog\/#organization"},"image":{"@id":"https:\/\/lombardiashopping.it\/blog\/itinerari-esperienze\/parchi-bergamo\/#primaryimage"},"thumbnailUrl":"https:\/\/lombardiashopping.it\/blog\/wp-content\/uploads\/2025\/05\/parchi-di-bergamo.webp","keywords":["Cosa vedere in Lombardia"],"articleSection":["Gite fuori porta","Itinerari ed esperienze"],"inLanguage":"it-IT"},{"@type":"WebPage","@id":"https:\/\/lombardiashopping.it\/blog\/itinerari-esperienze\/parchi-bergamo\/","url":"https:\/\/lombardiashopping.it\/blog\/itinerari-esperienze\/parchi-bergamo\/","name":"Quali sono i parchi di Bergamo pi\u00f9 belli? Scopriamo i migliori","isPartOf":{"@id":"https:\/\/lombardiashopping.it\/blog\/#website"},"primaryImageOfPage":{"@id":"https:\/\/lombardiashopping.it\/blog\/itinerari-esperienze\/parchi-bergamo\/#primaryimage"},"image":{"@id":"https:\/\/lombardiashopping.it\/blog\/itinerari-esperienze\/parchi-bergamo\/#primaryimage"},"thumbnailUrl":"https:\/\/lombardiashopping.it\/blog\/wp-content\/uploads\/2025\/05\/parchi-di-bergamo.webp","datePublished":"2025-05-15T12:23:38+00:00","dateModified":"2025-05-15T12:23:40+00:00","description":"Nell\u2019articolo vedremo quali sono i migliori parchi di Bergamo: luoghi perfetti per grandi e piccoli, dove natura e citt\u00e0 si incontrano.","breadcrumb":{"@id":"https:\/\/lombardiashopping.it\/blog\/itinerari-esperienze\/parchi-bergamo\/#breadcrumb"},"inLanguage":"it-IT","potentialAction":[{"@type":"ReadAction","target":["https:\/\/lombardiashopping.it\/blog\/itinerari-esperienze\/parchi-bergamo\/"]}]},{"@type":"ImageObject","inLanguage":"it-IT","@id":"https:\/\/lombardiashopping.it\/blog\/itinerari-esperienze\/parchi-bergamo\/#primaryimage","url":"https:\/\/lombardiashopping.it\/blog\/wp-content\/uploads\/2025\/05\/parchi-di-bergamo.webp","contentUrl":"https:\/\/lombardiashopping.it\/blog\/wp-content\/uploads\/2025\/05\/parchi-di-bergamo.webp","width":768,"height":600,"caption":"parchi di bergamo"},{"@type":"BreadcrumbList","@id":"https:\/\/lombardiashopping.it\/blog\/itinerari-esperienze\/parchi-bergamo\/#breadcrumb","itemListElement":[{"@type":"ListItem","position":1,"name":"Lombardiablog","item":"https:\/\/lombardiashopping.it\/blog\/"},{"@type":"ListItem","position":2,"name":"Itinerari ed esperienze","item":"https:\/\/lombardiashopping.it\/blog\/itinerari-esperienze\/"},{"@type":"ListItem","position":3,"name":"Quali sono i parchi di Bergamo pi\u00f9 belli? Scopriamo i migliori per picnic, per bambini anche in provincia"}]},{"@type":"WebSite","@id":"https:\/\/lombardiashopping.it\/blog\/#website","url":"https:\/\/lombardiashopping.it\/blog\/","name":"Lombardia Blog","description":"","publisher":{"@id":"https:\/\/lombardiashopping.it\/blog\/#organization"},"potentialAction":[{"@type":"SearchAction","target":{"@type":"EntryPoint","urlTemplate":"https:\/\/lombardiashopping.it\/blog\/?s={search_term_string}"},"query-input":{"@type":"PropertyValueSpecification","valueRequired":true,"valueName":"search_term_string"}}],"inLanguage":"it-IT"},{"@type":"Organization","@id":"https:\/\/lombardiashopping.it\/blog\/#organization","name":"USB","alternateName":"Ledblog Lombardia","url":"https:\/\/lombardiashopping.it\/blog\/","logo":{"@type":"ImageObject","inLanguage":"it-IT","@id":"https:\/\/lombardiashopping.it\/blog\/#\/schema\/logo\/image\/","url":"","contentUrl":"","caption":"USB"},"image":{"@id":"https:\/\/lombardiashopping.it\/blog\/#\/schema\/logo\/image\/"},"description":"Ledblog Lombardia ha lo scopo di realizzare articoli che possano mettere in risalto luoghi ed eventi di tutta la lombardia."},{"@type":"Person","@id":"https:\/\/lombardiashopping.it\/blog\/#\/schema\/person\/361b68d1f526eecec4ce01db966a79c2","name":"Mario Chirico","image":{"@type":"ImageObject","inLanguage":"it-IT","@id":"https:\/\/secure.gravatar.com\/avatar\/cebbe5fdadbd866e7a3b8531022b95bc58c735316c117136d6bf67024df1188a?s=96&d=mm&r=g","url":"https:\/\/secure.gravatar.com\/avatar\/cebbe5fdadbd866e7a3b8531022b95bc58c735316c117136d6bf67024df1188a?s=96&d=mm&r=g","contentUrl":"https:\/\/secure.gravatar.com\/avatar\/cebbe5fdadbd866e7a3b8531022b95bc58c735316c117136d6bf67024df1188a?s=96&d=mm&r=g","caption":"Mario Chirico"},"description":"Mario Chirico, classe 1999, \u00e8 dottore in Culture digitali e della comunicazione presso l'Universit\u00e0 degli Studi di Napoli \"Federico II\". Si dedica ogni giorno alla scoperta di qualcosa di nuovo da poter condividere. Insegue il sogno di visitare il mondo e di scoprirne tutto il fascino. Nel tempo libero si dedica allo sport come il calcio e la palestra."}]}},"acf":[],"_links":{"self":[{"href":"https:\/\/lombardiashopping.it\/blog\/wp-json\/wp\/v2\/posts\/6578","targetHints":{"allow":["GET"]}}],"collection":[{"href":"https:\/\/lombardiashopping.it\/blog\/wp-json\/wp\/v2\/posts"}],"about":[{"href":"https:\/\/lombardiashopping.it\/blog\/wp-json\/wp\/v2\/types\/post"}],"author":[{"embeddable":true,"href":"https:\/\/lombardiashopping.it\/blog\/wp-json\/wp\/v2\/users\/3"}],"replies":[{"embeddable":true,"href":"https:\/\/lombardiashopping.it\/blog\/wp-json\/wp\/v2\/comments?post=6578"}],"version-history":[{"count":8,"href":"https:\/\/lombardiashopping.it\/blog\/wp-json\/wp\/v2\/posts\/6578\/revisions"}],"predecessor-version":[{"id":6610,"href":"https:\/\/lombardiashopping.it\/blog\/wp-json\/wp\/v2\/posts\/6578\/revisions\/6610"}],"wp:featuredmedia":[{"embeddable":true,"href":"https:\/\/lombardiashopping.it\/blog\/wp-json\/wp\/v2\/media\/6600"}],"wp:attachment":[{"href":"https:\/\/lombardiashopping.it\/blog\/wp-json\/wp\/v2\/media?parent=6578"}],"wp:term":[{"taxonomy":"category","embeddable":true,"href":"https:\/\/lombardiashopping.it\/blog\/wp-json\/wp\/v2\/categories?post=6578"},{"taxonomy":"post_tag","embeddable":true,"href":"https:\/\/lombardiashopping.it\/blog\/wp-json\/wp\/v2\/tags?post=6578"}],"curies":[{"name":"wp","href":"https:\/\/api.w.org\/{rel}","templated":true}]}}