{"id":7829,"date":"2025-10-15T12:55:12","date_gmt":"2025-10-15T10:55:12","guid":{"rendered":"https:\/\/lombardiashopping.it\/blog\/?p=7829"},"modified":"2025-11-13T11:06:21","modified_gmt":"2025-11-13T10:06:21","slug":"como-citta-balocchi","status":"publish","type":"post","link":"https:\/\/lombardiashopping.it\/blog\/eventi-cultura\/como-citta-balocchi\/","title":{"rendered":"Como Citt\u00e0 dei Balocchi 2025\/2026: date, programma, come arrivare e parcheggiare"},"content":{"rendered":"\t\t<div data-elementor-type=\"wp-post\" data-elementor-id=\"7829\" class=\"elementor elementor-7829\" data-elementor-post-type=\"post\">\n\t\t\t\t<div class=\"elementor-element elementor-element-98ddbd6 e-flex e-con-boxed wpr-particle-no wpr-jarallax-no wpr-parallax-no wpr-sticky-section-no wpr-equal-height-no e-con e-parent\" data-id=\"98ddbd6\" data-element_type=\"container\" data-e-type=\"container\">\n\t\t\t\t\t<div class=\"e-con-inner\">\n\t\t\t\t<div class=\"elementor-element elementor-element-a9523fb elementor-widget elementor-widget-text-editor\" data-id=\"a9523fb\" data-element_type=\"widget\" data-e-type=\"widget\" data-widget_type=\"text-editor.default\">\n\t\t\t\t<div class=\"elementor-widget-container\">\n\t\t\t\t\t\t\t\t\t<p data-start=\"211\" data-end=\"455\">La <strong data-start=\"214\" data-end=\"244\">Citt\u00e0 dei Balocchi di Como<\/strong> \u00e8 uno degli eventi natalizi pi\u00f9 attesi tra i <a href=\"https:\/\/lombardiashopping.it\/blog\/eventi-cultura\/mercatini-natale-lombardia-2025\" target=\"_blank\" rel=\"noopener\">mercatini di Natale in Lombardia nel 2025<\/a>. Ogni anno, il centro storico e il lungolago si trasformano in un grande villaggio dedicato al Natale, con luci, mercatini e spettacoli per tutte le et\u00e0.<\/p><p data-start=\"457\" data-end=\"802\">L\u2019edizione <strong data-start=\"468\" data-end=\"476\">2025<\/strong> promette di confermare il successo delle passate stagioni, mantenendo i punti di forza che hanno reso l\u2019evento un riferimento turistico per la Lombardia e non solo. Tra le iniziative previste ci saranno il <strong data-start=\"683\" data-end=\"707\">Magic Light Festival<\/strong>, i <strong data-start=\"711\" data-end=\"734\">mercatini di Natale<\/strong>, la <strong data-start=\"739\" data-end=\"763\">pista di pattinaggio<\/strong>, concerti e animazioni per famiglie.<\/p><p data-start=\"804\" data-end=\"1116\">L\u2019evento \u00e8 organizzato dal <strong data-start=\"831\" data-end=\"859\">Consorzio Como Turistica<\/strong> con il sostegno del <strong data-start=\"880\" data-end=\"898\">Comune di Como<\/strong> e si svolger\u00e0 tra <strong data-start=\"917\" data-end=\"961\">fine novembre 2025 e inizio gennaio 2026<\/strong>. In attesa del programma ufficiale, sono gi\u00e0 confermate le aree principali e le attivit\u00e0 tradizionali che rendono unica questa manifestazione natalizia.<\/p>\t\t\t\t\t\t\t\t<\/div>\n\t\t\t\t<\/div>\n\t\t\t\t<div class=\"elementor-element elementor-element-87aa192 elementor-widget elementor-widget-heading\" data-id=\"87aa192\" data-element_type=\"widget\" data-e-type=\"widget\" data-widget_type=\"heading.default\">\n\t\t\t\t<div class=\"elementor-widget-container\">\n\t\t\t\t\t<h2 class=\"elementor-heading-title elementor-size-default\">Cos\u2019\u00e8 la Citt\u00e0 dei Balocchi e come nasce l\u2019evento<\/h2>\t\t\t\t<\/div>\n\t\t\t\t<\/div>\n\t\t\t\t<div class=\"elementor-element elementor-element-baf51e7 elementor-widget elementor-widget-text-editor\" data-id=\"baf51e7\" data-element_type=\"widget\" data-e-type=\"widget\" data-widget_type=\"text-editor.default\">\n\t\t\t\t<div class=\"elementor-widget-container\">\n\t\t\t\t\t\t\t\t\t<p data-start=\"45\" data-end=\"381\">La <strong data-start=\"48\" data-end=\"70\">Citt\u00e0 dei Balocchi<\/strong> \u00e8 il principale evento natalizio di <strong data-start=\"107\" data-end=\"115\">Como<\/strong>, nato oltre trent\u2019anni fa con l\u2019obiettivo di unire la tradizione del Natale alla promozione del territorio. Ogni edizione coinvolge le <b>piazze<\/b>, il <b>lungolago <\/b>e gli <b>edifici <\/b>storici della citt\u00e0, trasformandoli in spazi dedicati a luci, musica e attivit\u00e0 per famiglie.<\/p>\n<p data-start=\"383\" data-end=\"655\">Il progetto include diverse aree tematiche: <i>mercatini di Natale, proiezioni luminose<\/i>, <i>mostre, pista di pattinaggio e momenti musicali<\/i>. Al centro resta per\u00f2 l\u2019idea di un <strong data-start=\"826\" data-end=\"846\">Natale condiviso<\/strong>, aperto a residenti e turisti, dove il centro cittadino diventa il cuore delle festivit\u00e0.<\/p>\t\t\t\t\t\t\t\t<\/div>\n\t\t\t\t<\/div>\n\t\t\t\t<div class=\"elementor-element elementor-element-b49b670 elementor-widget elementor-widget-heading\" data-id=\"b49b670\" data-element_type=\"widget\" data-e-type=\"widget\" data-widget_type=\"heading.default\">\n\t\t\t\t<div class=\"elementor-widget-container\">\n\t\t\t\t\t<h2 class=\"elementor-heading-title elementor-size-default\">Programma Citt\u00e0 dei Balocchi Como 2025-2026<\/h2>\t\t\t\t<\/div>\n\t\t\t\t<\/div>\n\t\t\t\t<div class=\"elementor-element elementor-element-be6ab14 elementor-widget elementor-widget-image\" data-id=\"be6ab14\" data-element_type=\"widget\" data-e-type=\"widget\" data-widget_type=\"image.default\">\n\t\t\t\t<div class=\"elementor-widget-container\">\n\t\t\t\t\t\t\t\t\t\t\t\t\t\t\t<img fetchpriority=\"high\" decoding=\"async\" width=\"960\" height=\"640\" src=\"https:\/\/lombardiashopping.it\/blog\/wp-content\/uploads\/2025\/10\/albero-Citta-dei-Balocchi-2025.webp\" class=\"attachment-large size-large wp-image-7832\" alt=\"albero Citt\u00e0 dei Balocchi 2025\" srcset=\"https:\/\/lombardiashopping.it\/blog\/wp-content\/uploads\/2025\/10\/albero-Citta-dei-Balocchi-2025.webp 1000w, https:\/\/lombardiashopping.it\/blog\/wp-content\/uploads\/2025\/10\/albero-Citta-dei-Balocchi-2025-300x200.webp 300w, https:\/\/lombardiashopping.it\/blog\/wp-content\/uploads\/2025\/10\/albero-Citta-dei-Balocchi-2025-768x512.webp 768w\" sizes=\"(max-width: 960px) 100vw, 960px\" \/>\t\t\t\t\t\t\t\t\t\t\t\t\t\t\t<\/div>\n\t\t\t\t<\/div>\n\t\t\t\t<div class=\"elementor-element elementor-element-2d01647 elementor-widget elementor-widget-text-editor\" data-id=\"2d01647\" data-element_type=\"widget\" data-e-type=\"widget\" data-widget_type=\"text-editor.default\">\n\t\t\t\t<div class=\"elementor-widget-container\">\n\t\t\t\t\t\t\t\t\t<p data-start=\"291\" data-end=\"587\">La <strong data-start=\"294\" data-end=\"334\">Citt\u00e0 dei Balocchi di Como 2025-2026<\/strong> si svolger\u00e0 tra <strong data-start=\"351\" data-end=\"393\">fine novembre 2025 e il 6 gennaio 2026<\/strong>, con un calendario ricco di appuntamenti.\u00a0<\/p>\n<p data-start=\"589\" data-end=\"616\"><strong data-start=\"593\" data-end=\"616\">Attivit\u00e0 principali<\/strong><\/p>\n<p data-start=\"618\" data-end=\"991\">I <strong data-start=\"620\" data-end=\"643\">mercatini di Natale<\/strong> torneranno in <strong data-start=\"658\" data-end=\"677\">Piazza Perretta<\/strong>, dove saranno allestite le casette in legno dedicate ad artigianato, gastronomia e prodotti locali. Le <strong data-start=\"781\" data-end=\"808\">illuminazioni natalizie<\/strong> e il <strong data-start=\"814\" data-end=\"838\">Magic Light Festival<\/strong> animeranno le facciate di edifici storici come il <strong data-start=\"889\" data-end=\"901\">Broletto<\/strong>, <strong data-start=\"903\" data-end=\"918\">Porta Torre<\/strong> e <strong data-start=\"921\" data-end=\"942\">Piazza San Fedele<\/strong>, con proiezioni artistiche visibili ogni sera.<\/p>\n<p data-start=\"993\" data-end=\"1294\">L\u2019<strong data-start=\"995\" data-end=\"1031\">accensione dell\u2019albero di Natale<\/strong> \u00e8 prevista per il <strong data-start=\"1050\" data-end=\"1070\">1\u00b0 dicembre 2025<\/strong>, con cerimonia pubblica in <strong data-start=\"1098\" data-end=\"1114\">Piazza Duomo<\/strong>. Sar\u00e0 attiva anche la <strong data-start=\"1137\" data-end=\"1173\">pista di pattinaggio su ghiaccio<\/strong>, collocata in prossimit\u00e0 del lungolago, aperta tutti i giorni con orari prolungati nei weekend e durante le festivit\u00e0.<\/p>\n<p data-start=\"1296\" data-end=\"1472\"><strong data-start=\"1478\" data-end=\"1512\">Eventi e appuntamenti speciali<\/strong><\/p>\n<p data-start=\"1514\" data-end=\"1787\">Nel corso delle settimane sono previste <strong data-start=\"1554\" data-end=\"1580\">animazioni per bambini<\/strong>, laboratori creativi e spettacoli di magia. Torneranno anche le iniziative del progetto <strong data-start=\"1669\" data-end=\"1691\">\u201cNatale in Divisa\u201d<\/strong>, con la partecipazione di Polizia e Vigili del Fuoco in attivit\u00e0 educative per i pi\u00f9 piccoli.<\/p>\n<p data-start=\"1789\" data-end=\"2006\">Il <strong data-start=\"1792\" data-end=\"1814\">Concerto di Natale<\/strong> in Duomo e il <strong data-start=\"1829\" data-end=\"1851\">Capodanno sul lago<\/strong> rappresentano due dei momenti pi\u00f9 attesi: il primo dedicato alla musica corale e classica, il secondo con spettacolo pirotecnico e musica sul lungolago.<\/p>\n<p data-start=\"2008\" data-end=\"2194\">Non mancheranno gli incontri con <strong data-start=\"2041\" data-end=\"2057\">Babbo Natale<\/strong> (24 dicembre) e con la <strong data-start=\"2081\" data-end=\"2091\">Befana<\/strong> (6 gennaio), oltre a una <strong data-start=\"2117\" data-end=\"2148\">mostra di presepi artistici<\/strong> allestita negli spazi del centro cittadino.<\/p>\t\t\t\t\t\t\t\t<\/div>\n\t\t\t\t<\/div>\n\t\t\t\t\t<\/div>\n\t\t\t\t<\/div>\n\t\t<div class=\"elementor-element elementor-element-187287b e-flex e-con-boxed wpr-particle-no wpr-jarallax-no wpr-parallax-no wpr-sticky-section-no wpr-equal-height-no e-con e-parent\" data-id=\"187287b\" data-element_type=\"container\" data-e-type=\"container\">\n\t\t\t\t\t<div class=\"e-con-inner\">\n\t\t\t\t<div class=\"elementor-element elementor-element-5fc5878 elementor-widget elementor-widget-heading\" data-id=\"5fc5878\" data-element_type=\"widget\" data-e-type=\"widget\" data-widget_type=\"heading.default\">\n\t\t\t\t<div class=\"elementor-widget-container\">\n\t\t\t\t\t<h3 class=\"elementor-heading-title elementor-size-default\">Come arrivare e dove parcheggiare a Como durante la Citt\u00e0 dei Balocchi<\/h3>\t\t\t\t<\/div>\n\t\t\t\t<\/div>\n\t\t\t\t<div class=\"elementor-element elementor-element-4896cf4 elementor-widget elementor-widget-text-editor\" data-id=\"4896cf4\" data-element_type=\"widget\" data-e-type=\"widget\" data-widget_type=\"text-editor.default\">\n\t\t\t\t<div class=\"elementor-widget-container\">\n\t\t\t\t\t\t\t\t\t<p data-start=\"219\" data-end=\"388\">Chi proviene da Milano pu\u00f2 percorrere l\u2019<strong data-start=\"786\" data-end=\"818\">autostrada A9 Milano-Chiasso<\/strong> con uscita <strong data-start=\"830\" data-end=\"845\">Como Centro<\/strong> o <strong data-start=\"848\" data-end=\"864\">Lago di Como<\/strong>. Dalla Svizzera, l\u2019ingresso consigliato \u00e8 quello di Chiasso-Brogeda. Durante il periodo natalizio, il traffico in citt\u00e0 pu\u00f2 essere intenso: \u00e8 quindi consigliato utilizzare i <strong data-start=\"1039\" data-end=\"1068\">parcheggi di interscambio<\/strong> o i <strong data-start=\"1073\" data-end=\"1098\">mezzi pubblici locali<\/strong>.<\/p>\n<p data-start=\"481\" data-end=\"728\">Per chi preferisce il <strong>treno<\/strong>, Como \u00e8 servita da due stazioni principali: <strong data-start=\"524\" data-end=\"545\">Como San Giovanni<\/strong>, collegata a Milano Centrale e Lugano, e <strong data-start=\"587\" data-end=\"600\">Como Lago<\/strong>, terminale della linea FNM da Milano Cadorna. Entrambe si trovano a pochi minuti a piedi dal centro e dalle aree dell\u2019evento.<\/p>\n<h4 data-start=\"1103\" data-end=\"1128\"><strong data-start=\"1107\" data-end=\"1128\">Dove parcheggiare<\/strong><\/h4>\n<p data-start=\"1129\" data-end=\"1270\">Sono disponibili diversi <strong data-start=\"1154\" data-end=\"1179\">parcheggi a pagamento<\/strong> vicino al centro e aree gratuite pi\u00f9 esterne servite da bus urbani.<br data-start=\"1247\" data-end=\"1250\" \/>Ecco i principali:<\/p>\n<ul data-start=\"1272\" data-end=\"1834\">\n<li data-start=\"1272\" data-end=\"1378\">\n<p data-start=\"1274\" data-end=\"1378\"><strong data-start=\"1274\" data-end=\"1296\">Autosilo Valmulini<\/strong> (via Valmulini): ampio parcheggio coperto con collegamento bus verso il centro.<\/p>\n<\/li>\n<li data-start=\"1379\" data-end=\"1523\">\n<p data-start=\"1381\" data-end=\"1523\"><strong data-start=\"1381\" data-end=\"1409\">Parcheggio Sant\u2019Abbondio<\/strong> (via Regina Teodolinda): vicino alla stazione Como Borghi, comodo per accedere a piedi alla zona dei mercatini.<\/p>\n<\/li>\n<li data-start=\"1524\" data-end=\"1611\">\n<p data-start=\"1526\" data-end=\"1611\"><strong data-start=\"1526\" data-end=\"1552\">Parcheggio Centro Lago<\/strong> (Viale Lecco): a pochi minuti dal Duomo e dal lungolago.<\/p>\n<\/li>\n<li data-start=\"1612\" data-end=\"1708\">\n<p data-start=\"1614\" data-end=\"1708\"><strong data-start=\"1614\" data-end=\"1638\">Parcheggio Ex Ticosa<\/strong> (via Grandi): area temporanea attiva durante gli eventi principali.<\/p>\n<\/li>\n<li data-start=\"1709\" data-end=\"1834\">\n<p data-start=\"1711\" data-end=\"1834\"><strong data-start=\"1711\" data-end=\"1736\">Parcheggio Villa Olmo<\/strong>: utile per chi arriva dal confine svizzero o desidera passeggiare lungo il lago fino al centro.<\/p>\n<\/li>\n<\/ul>\n<p data-start=\"1836\" data-end=\"2135\">Durante la manifestazione, il Comune di Como attiva spesso <strong data-start=\"1895\" data-end=\"1923\">servizi navetta dedicati<\/strong> dai parcheggi pi\u00f9 grandi e potenzia le corse festive delle linee urbane.<\/p>\n<p data-start=\"1836\" data-end=\"2135\"><em>Attenzione alle strade chiuse o eccessivamente trafficate nelle zone del centro storico.\u00a0<\/em><\/p>\t\t\t\t\t\t\t\t<\/div>\n\t\t\t\t<\/div>\n\t\t\t\t\t<\/div>\n\t\t\t\t<\/div>\n\t\t\t\t<\/div>\n\t\t","protected":false},"excerpt":{"rendered":"<p>Nell\u2019articolo vedremo cos\u2019\u00e8 la Citt\u00e0 dei Balocchi di Como, le date e le novit\u00e0 dell\u2019edizione 2025-2026, il programma completo e tutte le informazioni utili su come arrivare e dove parcheggiare per visitare l\u2019evento.<\/p>\n","protected":false},"author":3,"featured_media":7831,"comment_status":"closed","ping_status":"open","sticky":false,"template":"","format":"standard","meta":{"footnotes":""},"categories":[3],"tags":[171],"class_list":["post-7829","post","type-post","status-publish","format-standard","has-post-thumbnail","hentry","category-eventi-cultura","tag-natale"],"yoast_head":"<!-- This site is optimized with the Yoast SEO Premium plugin v27.4 (Yoast SEO v27.4) - https:\/\/yoast.com\/product\/yoast-seo-premium-wordpress\/ -->\n<title>Como Citt\u00e0 dei Balocchi 2025: date, programma ed informazioni<\/title>\n<meta name=\"description\" content=\"La Citt\u00e0 dei Balocchi di Como \u00e8 uno degli eventi natalizi pi\u00f9 attesi del Nord Italia. Aprir\u00e0 dal 23 novembre 2025 in piazza Perretta.\" \/>\n<meta name=\"robots\" content=\"index, follow, max-snippet:-1, max-image-preview:large, max-video-preview:-1\" \/>\n<link rel=\"canonical\" href=\"https:\/\/lombardiashopping.it\/blog\/eventi-cultura\/como-citta-balocchi\/\" \/>\n<meta property=\"og:locale\" content=\"it_IT\" \/>\n<meta property=\"og:type\" content=\"article\" \/>\n<meta property=\"og:title\" content=\"Como Citt\u00e0 dei Balocchi 2025\/2026: date, programma, come arrivare e parcheggiare\" \/>\n<meta property=\"og:description\" content=\"La Citt\u00e0 dei Balocchi di Como \u00e8 uno degli eventi natalizi pi\u00f9 attesi del Nord Italia. Aprir\u00e0 dal 23 novembre 2025 in piazza Perretta.\" \/>\n<meta property=\"og:url\" content=\"https:\/\/lombardiashopping.it\/blog\/eventi-cultura\/como-citta-balocchi\/\" \/>\n<meta property=\"og:site_name\" content=\"Blog Lombardia\" \/>\n<meta property=\"article:published_time\" content=\"2025-10-15T10:55:12+00:00\" \/>\n<meta property=\"article:modified_time\" content=\"2025-11-13T10:06:21+00:00\" \/>\n<meta property=\"og:image\" content=\"https:\/\/lombardiashopping.it\/blog\/wp-content\/uploads\/2025\/10\/Como-Citta-dei-Balocchi-2025.webp\" \/>\n\t<meta property=\"og:image:width\" content=\"1000\" \/>\n\t<meta property=\"og:image:height\" content=\"667\" \/>\n\t<meta property=\"og:image:type\" content=\"image\/webp\" \/>\n<meta name=\"author\" content=\"Mario Chirico\" \/>\n<meta name=\"twitter:card\" content=\"summary_large_image\" \/>\n<meta name=\"twitter:label1\" content=\"Scritto da\" \/>\n\t<meta name=\"twitter:data1\" content=\"Mario Chirico\" \/>\n\t<meta name=\"twitter:label2\" content=\"Tempo di lettura stimato\" \/>\n\t<meta name=\"twitter:data2\" content=\"5 minuti\" \/>\n<script type=\"application\/ld+json\" class=\"yoast-schema-graph\">{\"@context\":\"https:\\\/\\\/schema.org\",\"@graph\":[{\"@type\":\"NewsArticle\",\"@id\":\"https:\\\/\\\/lombardiashopping.it\\\/blog\\\/eventi-cultura\\\/como-citta-balocchi\\\/#article\",\"isPartOf\":{\"@id\":\"https:\\\/\\\/lombardiashopping.it\\\/blog\\\/eventi-cultura\\\/como-citta-balocchi\\\/\"},\"author\":{\"name\":\"Mario Chirico\",\"@id\":\"https:\\\/\\\/lombardiashopping.it\\\/blog\\\/#\\\/schema\\\/person\\\/361b68d1f526eecec4ce01db966a79c2\"},\"headline\":\"Como Citt\u00e0 dei Balocchi 2025\\\/2026: date, programma, come arrivare e parcheggiare\",\"datePublished\":\"2025-10-15T10:55:12+00:00\",\"dateModified\":\"2025-11-13T10:06:21+00:00\",\"mainEntityOfPage\":{\"@id\":\"https:\\\/\\\/lombardiashopping.it\\\/blog\\\/eventi-cultura\\\/como-citta-balocchi\\\/\"},\"wordCount\":725,\"publisher\":{\"@id\":\"https:\\\/\\\/lombardiashopping.it\\\/blog\\\/#organization\"},\"image\":{\"@id\":\"https:\\\/\\\/lombardiashopping.it\\\/blog\\\/eventi-cultura\\\/como-citta-balocchi\\\/#primaryimage\"},\"thumbnailUrl\":\"https:\\\/\\\/lombardiashopping.it\\\/blog\\\/wp-content\\\/uploads\\\/2025\\\/10\\\/Como-Citta-dei-Balocchi-2025.webp\",\"keywords\":[\"Natale in Lombardia\"],\"articleSection\":[\"Eventi e Cultura\"],\"inLanguage\":\"it-IT\"},{\"@type\":\"WebPage\",\"@id\":\"https:\\\/\\\/lombardiashopping.it\\\/blog\\\/eventi-cultura\\\/como-citta-balocchi\\\/\",\"url\":\"https:\\\/\\\/lombardiashopping.it\\\/blog\\\/eventi-cultura\\\/como-citta-balocchi\\\/\",\"name\":\"Como Citt\u00e0 dei Balocchi 2025: date, programma ed informazioni\",\"isPartOf\":{\"@id\":\"https:\\\/\\\/lombardiashopping.it\\\/blog\\\/#website\"},\"primaryImageOfPage\":{\"@id\":\"https:\\\/\\\/lombardiashopping.it\\\/blog\\\/eventi-cultura\\\/como-citta-balocchi\\\/#primaryimage\"},\"image\":{\"@id\":\"https:\\\/\\\/lombardiashopping.it\\\/blog\\\/eventi-cultura\\\/como-citta-balocchi\\\/#primaryimage\"},\"thumbnailUrl\":\"https:\\\/\\\/lombardiashopping.it\\\/blog\\\/wp-content\\\/uploads\\\/2025\\\/10\\\/Como-Citta-dei-Balocchi-2025.webp\",\"datePublished\":\"2025-10-15T10:55:12+00:00\",\"dateModified\":\"2025-11-13T10:06:21+00:00\",\"description\":\"La Citt\u00e0 dei Balocchi di Como \u00e8 uno degli eventi natalizi pi\u00f9 attesi del Nord Italia. Aprir\u00e0 dal 23 novembre 2025 in piazza Perretta.\",\"breadcrumb\":{\"@id\":\"https:\\\/\\\/lombardiashopping.it\\\/blog\\\/eventi-cultura\\\/como-citta-balocchi\\\/#breadcrumb\"},\"inLanguage\":\"it-IT\",\"potentialAction\":[{\"@type\":\"ReadAction\",\"target\":[\"https:\\\/\\\/lombardiashopping.it\\\/blog\\\/eventi-cultura\\\/como-citta-balocchi\\\/\"]}]},{\"@type\":\"ImageObject\",\"inLanguage\":\"it-IT\",\"@id\":\"https:\\\/\\\/lombardiashopping.it\\\/blog\\\/eventi-cultura\\\/como-citta-balocchi\\\/#primaryimage\",\"url\":\"https:\\\/\\\/lombardiashopping.it\\\/blog\\\/wp-content\\\/uploads\\\/2025\\\/10\\\/Como-Citta-dei-Balocchi-2025.webp\",\"contentUrl\":\"https:\\\/\\\/lombardiashopping.it\\\/blog\\\/wp-content\\\/uploads\\\/2025\\\/10\\\/Como-Citta-dei-Balocchi-2025.webp\",\"width\":1000,\"height\":667,\"caption\":\"Como Citt\u00e0 dei Balocchi 2025\"},{\"@type\":\"BreadcrumbList\",\"@id\":\"https:\\\/\\\/lombardiashopping.it\\\/blog\\\/eventi-cultura\\\/como-citta-balocchi\\\/#breadcrumb\",\"itemListElement\":[{\"@type\":\"ListItem\",\"position\":1,\"name\":\"Lombardiablog\",\"item\":\"https:\\\/\\\/lombardiashopping.it\\\/blog\\\/\"},{\"@type\":\"ListItem\",\"position\":2,\"name\":\"Eventi e Cultura\",\"item\":\"https:\\\/\\\/lombardiashopping.it\\\/blog\\\/eventi-cultura\\\/\"},{\"@type\":\"ListItem\",\"position\":3,\"name\":\"Como Citt\u00e0 dei Balocchi 2025\\\/2026: date, programma, come arrivare e parcheggiare\"}]},{\"@type\":\"WebSite\",\"@id\":\"https:\\\/\\\/lombardiashopping.it\\\/blog\\\/#website\",\"url\":\"https:\\\/\\\/lombardiashopping.it\\\/blog\\\/\",\"name\":\"Lombardia Blog\",\"description\":\"\",\"publisher\":{\"@id\":\"https:\\\/\\\/lombardiashopping.it\\\/blog\\\/#organization\"},\"potentialAction\":[{\"@type\":\"SearchAction\",\"target\":{\"@type\":\"EntryPoint\",\"urlTemplate\":\"https:\\\/\\\/lombardiashopping.it\\\/blog\\\/?s={search_term_string}\"},\"query-input\":{\"@type\":\"PropertyValueSpecification\",\"valueRequired\":true,\"valueName\":\"search_term_string\"}}],\"inLanguage\":\"it-IT\"},{\"@type\":\"Organization\",\"@id\":\"https:\\\/\\\/lombardiashopping.it\\\/blog\\\/#organization\",\"name\":\"USB\",\"alternateName\":\"Ledblog Lombardia\",\"url\":\"https:\\\/\\\/lombardiashopping.it\\\/blog\\\/\",\"logo\":{\"@type\":\"ImageObject\",\"inLanguage\":\"it-IT\",\"@id\":\"https:\\\/\\\/lombardiashopping.it\\\/blog\\\/#\\\/schema\\\/logo\\\/image\\\/\",\"url\":\"\",\"contentUrl\":\"\",\"caption\":\"USB\"},\"image\":{\"@id\":\"https:\\\/\\\/lombardiashopping.it\\\/blog\\\/#\\\/schema\\\/logo\\\/image\\\/\"},\"description\":\"Ledblog Lombardia ha lo scopo di realizzare articoli che possano mettere in risalto luoghi ed eventi di tutta la lombardia.\"},{\"@type\":\"Person\",\"@id\":\"https:\\\/\\\/lombardiashopping.it\\\/blog\\\/#\\\/schema\\\/person\\\/361b68d1f526eecec4ce01db966a79c2\",\"name\":\"Mario Chirico\",\"image\":{\"@type\":\"ImageObject\",\"inLanguage\":\"it-IT\",\"@id\":\"https:\\\/\\\/secure.gravatar.com\\\/avatar\\\/cebbe5fdadbd866e7a3b8531022b95bc58c735316c117136d6bf67024df1188a?s=96&d=mm&r=g\",\"url\":\"https:\\\/\\\/secure.gravatar.com\\\/avatar\\\/cebbe5fdadbd866e7a3b8531022b95bc58c735316c117136d6bf67024df1188a?s=96&d=mm&r=g\",\"contentUrl\":\"https:\\\/\\\/secure.gravatar.com\\\/avatar\\\/cebbe5fdadbd866e7a3b8531022b95bc58c735316c117136d6bf67024df1188a?s=96&d=mm&r=g\",\"caption\":\"Mario Chirico\"},\"description\":\"Mario Chirico, classe 1999, \u00e8 dottore in Culture digitali e della comunicazione presso l'Universit\u00e0 degli Studi di Napoli \\\"Federico II\\\". Si dedica ogni giorno alla scoperta di qualcosa di nuovo da poter condividere. Insegue il sogno di visitare il mondo e di scoprirne tutto il fascino. Nel tempo libero si dedica allo sport come il calcio e la palestra.\"}]}<\/script>\n<!-- \/ Yoast SEO Premium plugin. -->","yoast_head_json":{"title":"Como Citt\u00e0 dei Balocchi 2025: date, programma ed informazioni","description":"La Citt\u00e0 dei Balocchi di Como \u00e8 uno degli eventi natalizi pi\u00f9 attesi del Nord Italia. Aprir\u00e0 dal 23 novembre 2025 in piazza Perretta.","robots":{"index":"index","follow":"follow","max-snippet":"max-snippet:-1","max-image-preview":"max-image-preview:large","max-video-preview":"max-video-preview:-1"},"canonical":"https:\/\/lombardiashopping.it\/blog\/eventi-cultura\/como-citta-balocchi\/","og_locale":"it_IT","og_type":"article","og_title":"Como Citt\u00e0 dei Balocchi 2025\/2026: date, programma, come arrivare e parcheggiare","og_description":"La Citt\u00e0 dei Balocchi di Como \u00e8 uno degli eventi natalizi pi\u00f9 attesi del Nord Italia. Aprir\u00e0 dal 23 novembre 2025 in piazza Perretta.","og_url":"https:\/\/lombardiashopping.it\/blog\/eventi-cultura\/como-citta-balocchi\/","og_site_name":"Blog Lombardia","article_published_time":"2025-10-15T10:55:12+00:00","article_modified_time":"2025-11-13T10:06:21+00:00","og_image":[{"width":1000,"height":667,"url":"https:\/\/lombardiashopping.it\/blog\/wp-content\/uploads\/2025\/10\/Como-Citta-dei-Balocchi-2025.webp","type":"image\/webp"}],"author":"Mario Chirico","twitter_card":"summary_large_image","twitter_misc":{"Scritto da":"Mario Chirico","Tempo di lettura stimato":"5 minuti"},"schema":{"@context":"https:\/\/schema.org","@graph":[{"@type":"NewsArticle","@id":"https:\/\/lombardiashopping.it\/blog\/eventi-cultura\/como-citta-balocchi\/#article","isPartOf":{"@id":"https:\/\/lombardiashopping.it\/blog\/eventi-cultura\/como-citta-balocchi\/"},"author":{"name":"Mario Chirico","@id":"https:\/\/lombardiashopping.it\/blog\/#\/schema\/person\/361b68d1f526eecec4ce01db966a79c2"},"headline":"Como Citt\u00e0 dei Balocchi 2025\/2026: date, programma, come arrivare e parcheggiare","datePublished":"2025-10-15T10:55:12+00:00","dateModified":"2025-11-13T10:06:21+00:00","mainEntityOfPage":{"@id":"https:\/\/lombardiashopping.it\/blog\/eventi-cultura\/como-citta-balocchi\/"},"wordCount":725,"publisher":{"@id":"https:\/\/lombardiashopping.it\/blog\/#organization"},"image":{"@id":"https:\/\/lombardiashopping.it\/blog\/eventi-cultura\/como-citta-balocchi\/#primaryimage"},"thumbnailUrl":"https:\/\/lombardiashopping.it\/blog\/wp-content\/uploads\/2025\/10\/Como-Citta-dei-Balocchi-2025.webp","keywords":["Natale in Lombardia"],"articleSection":["Eventi e Cultura"],"inLanguage":"it-IT"},{"@type":"WebPage","@id":"https:\/\/lombardiashopping.it\/blog\/eventi-cultura\/como-citta-balocchi\/","url":"https:\/\/lombardiashopping.it\/blog\/eventi-cultura\/como-citta-balocchi\/","name":"Como Citt\u00e0 dei Balocchi 2025: date, programma ed informazioni","isPartOf":{"@id":"https:\/\/lombardiashopping.it\/blog\/#website"},"primaryImageOfPage":{"@id":"https:\/\/lombardiashopping.it\/blog\/eventi-cultura\/como-citta-balocchi\/#primaryimage"},"image":{"@id":"https:\/\/lombardiashopping.it\/blog\/eventi-cultura\/como-citta-balocchi\/#primaryimage"},"thumbnailUrl":"https:\/\/lombardiashopping.it\/blog\/wp-content\/uploads\/2025\/10\/Como-Citta-dei-Balocchi-2025.webp","datePublished":"2025-10-15T10:55:12+00:00","dateModified":"2025-11-13T10:06:21+00:00","description":"La Citt\u00e0 dei Balocchi di Como \u00e8 uno degli eventi natalizi pi\u00f9 attesi del Nord Italia. Aprir\u00e0 dal 23 novembre 2025 in piazza Perretta.","breadcrumb":{"@id":"https:\/\/lombardiashopping.it\/blog\/eventi-cultura\/como-citta-balocchi\/#breadcrumb"},"inLanguage":"it-IT","potentialAction":[{"@type":"ReadAction","target":["https:\/\/lombardiashopping.it\/blog\/eventi-cultura\/como-citta-balocchi\/"]}]},{"@type":"ImageObject","inLanguage":"it-IT","@id":"https:\/\/lombardiashopping.it\/blog\/eventi-cultura\/como-citta-balocchi\/#primaryimage","url":"https:\/\/lombardiashopping.it\/blog\/wp-content\/uploads\/2025\/10\/Como-Citta-dei-Balocchi-2025.webp","contentUrl":"https:\/\/lombardiashopping.it\/blog\/wp-content\/uploads\/2025\/10\/Como-Citta-dei-Balocchi-2025.webp","width":1000,"height":667,"caption":"Como Citt\u00e0 dei Balocchi 2025"},{"@type":"BreadcrumbList","@id":"https:\/\/lombardiashopping.it\/blog\/eventi-cultura\/como-citta-balocchi\/#breadcrumb","itemListElement":[{"@type":"ListItem","position":1,"name":"Lombardiablog","item":"https:\/\/lombardiashopping.it\/blog\/"},{"@type":"ListItem","position":2,"name":"Eventi e Cultura","item":"https:\/\/lombardiashopping.it\/blog\/eventi-cultura\/"},{"@type":"ListItem","position":3,"name":"Como Citt\u00e0 dei Balocchi 2025\/2026: date, programma, come arrivare e parcheggiare"}]},{"@type":"WebSite","@id":"https:\/\/lombardiashopping.it\/blog\/#website","url":"https:\/\/lombardiashopping.it\/blog\/","name":"Lombardia Blog","description":"","publisher":{"@id":"https:\/\/lombardiashopping.it\/blog\/#organization"},"potentialAction":[{"@type":"SearchAction","target":{"@type":"EntryPoint","urlTemplate":"https:\/\/lombardiashopping.it\/blog\/?s={search_term_string}"},"query-input":{"@type":"PropertyValueSpecification","valueRequired":true,"valueName":"search_term_string"}}],"inLanguage":"it-IT"},{"@type":"Organization","@id":"https:\/\/lombardiashopping.it\/blog\/#organization","name":"USB","alternateName":"Ledblog Lombardia","url":"https:\/\/lombardiashopping.it\/blog\/","logo":{"@type":"ImageObject","inLanguage":"it-IT","@id":"https:\/\/lombardiashopping.it\/blog\/#\/schema\/logo\/image\/","url":"","contentUrl":"","caption":"USB"},"image":{"@id":"https:\/\/lombardiashopping.it\/blog\/#\/schema\/logo\/image\/"},"description":"Ledblog Lombardia ha lo scopo di realizzare articoli che possano mettere in risalto luoghi ed eventi di tutta la lombardia."},{"@type":"Person","@id":"https:\/\/lombardiashopping.it\/blog\/#\/schema\/person\/361b68d1f526eecec4ce01db966a79c2","name":"Mario Chirico","image":{"@type":"ImageObject","inLanguage":"it-IT","@id":"https:\/\/secure.gravatar.com\/avatar\/cebbe5fdadbd866e7a3b8531022b95bc58c735316c117136d6bf67024df1188a?s=96&d=mm&r=g","url":"https:\/\/secure.gravatar.com\/avatar\/cebbe5fdadbd866e7a3b8531022b95bc58c735316c117136d6bf67024df1188a?s=96&d=mm&r=g","contentUrl":"https:\/\/secure.gravatar.com\/avatar\/cebbe5fdadbd866e7a3b8531022b95bc58c735316c117136d6bf67024df1188a?s=96&d=mm&r=g","caption":"Mario Chirico"},"description":"Mario Chirico, classe 1999, \u00e8 dottore in Culture digitali e della comunicazione presso l'Universit\u00e0 degli Studi di Napoli \"Federico II\". Si dedica ogni giorno alla scoperta di qualcosa di nuovo da poter condividere. Insegue il sogno di visitare il mondo e di scoprirne tutto il fascino. Nel tempo libero si dedica allo sport come il calcio e la palestra."}]}},"acf":[],"_links":{"self":[{"href":"https:\/\/lombardiashopping.it\/blog\/wp-json\/wp\/v2\/posts\/7829","targetHints":{"allow":["GET"]}}],"collection":[{"href":"https:\/\/lombardiashopping.it\/blog\/wp-json\/wp\/v2\/posts"}],"about":[{"href":"https:\/\/lombardiashopping.it\/blog\/wp-json\/wp\/v2\/types\/post"}],"author":[{"embeddable":true,"href":"https:\/\/lombardiashopping.it\/blog\/wp-json\/wp\/v2\/users\/3"}],"replies":[{"embeddable":true,"href":"https:\/\/lombardiashopping.it\/blog\/wp-json\/wp\/v2\/comments?post=7829"}],"version-history":[{"count":13,"href":"https:\/\/lombardiashopping.it\/blog\/wp-json\/wp\/v2\/posts\/7829\/revisions"}],"predecessor-version":[{"id":8065,"href":"https:\/\/lombardiashopping.it\/blog\/wp-json\/wp\/v2\/posts\/7829\/revisions\/8065"}],"wp:featuredmedia":[{"embeddable":true,"href":"https:\/\/lombardiashopping.it\/blog\/wp-json\/wp\/v2\/media\/7831"}],"wp:attachment":[{"href":"https:\/\/lombardiashopping.it\/blog\/wp-json\/wp\/v2\/media?parent=7829"}],"wp:term":[{"taxonomy":"category","embeddable":true,"href":"https:\/\/lombardiashopping.it\/blog\/wp-json\/wp\/v2\/categories?post=7829"},{"taxonomy":"post_tag","embeddable":true,"href":"https:\/\/lombardiashopping.it\/blog\/wp-json\/wp\/v2\/tags?post=7829"}],"curies":[{"name":"wp","href":"https:\/\/api.w.org\/{rel}","templated":true}]}}