{"id":7968,"date":"2025-11-06T11:06:40","date_gmt":"2025-11-06T10:06:40","guid":{"rendered":"https:\/\/lombardiashopping.it\/blog\/?p=7968"},"modified":"2025-11-13T11:03:23","modified_gmt":"2025-11-13T10:03:23","slug":"mercatini-natale-bergamo","status":"publish","type":"post","link":"https:\/\/lombardiashopping.it\/blog\/eventi-cultura\/mercatini-natale-bergamo\/","title":{"rendered":"Natale a Bergamo e provincia 2025\/2026: mercatini, luminarie ed eventi"},"content":{"rendered":"\t\t<div data-elementor-type=\"wp-post\" data-elementor-id=\"7968\" class=\"elementor elementor-7968\" data-elementor-post-type=\"post\">\n\t\t\t\t<div class=\"elementor-element elementor-element-98ddbd6 e-flex e-con-boxed wpr-particle-no wpr-jarallax-no wpr-parallax-no wpr-sticky-section-no wpr-equal-height-no e-con e-parent\" data-id=\"98ddbd6\" data-element_type=\"container\" data-e-type=\"container\">\n\t\t\t\t\t<div class=\"e-con-inner\">\n\t\t\t\t<div class=\"elementor-element elementor-element-a9523fb elementor-widget elementor-widget-text-editor\" data-id=\"a9523fb\" data-element_type=\"widget\" data-e-type=\"widget\" data-widget_type=\"text-editor.default\">\n\t\t\t\t<div class=\"elementor-widget-container\">\n\t\t\t\t\t\t\t\t\t<p data-start=\"340\" data-end=\"913\">Il <strong>Natale 2025 a Bergamo<\/strong> propone un calendario ricco di iniziative che coinvolgono la citt\u00e0 e l\u2019intera provincia. Dai mercatini in centro alle luminarie artistiche, fino ai borghi di montagna con presepi e fiere tradizionali, il territorio bergamasco offre numerose opportunit\u00e0 per vivere l\u2019atmosfera natalizia.<\/p><p data-start=\"340\" data-end=\"913\">In citt\u00e0, <em>l\u2019accensione delle luci e del grande albero in Piazza Vecchia<\/em> segna l\u2019inizio delle feste. I mercatini di Piazzale degli Alpini e Piazza Matteotti accolgono visitatori ogni giorno con prodotti artigianali, specialit\u00e0 locali e attivit\u00e0 per famiglie.<\/p><p data-start=\"915\" data-end=\"1262\">Anche la provincia partecipa con eventi diffusi: <i>Castione della Presolana, Clusone, Lovere e Sarnico<\/i> organizzano i propri <b>villaggi di Natale<\/b> e manifestazioni tematiche tra lago e montagne. L\u2019offerta si completa con mostre, concerti, presepi viventi e itinerari culturali per scoprire la citt\u00e0 e i suoi borghi in un periodo di grande suggestione.<\/p>\t\t\t\t\t\t\t\t<\/div>\n\t\t\t\t<\/div>\n\t\t\t\t<div class=\"elementor-element elementor-element-87aa192 elementor-widget elementor-widget-heading\" data-id=\"87aa192\" data-element_type=\"widget\" data-e-type=\"widget\" data-widget_type=\"heading.default\">\n\t\t\t\t<div class=\"elementor-widget-container\">\n\t\t\t\t\t<h2 class=\"elementor-heading-title elementor-size-default\">Luci d\u2019autore e atmosfera natalizia a Bergamo<\/h2>\t\t\t\t<\/div>\n\t\t\t\t<\/div>\n\t\t\t\t<div class=\"elementor-element elementor-element-baf51e7 elementor-widget elementor-widget-text-editor\" data-id=\"baf51e7\" data-element_type=\"widget\" data-e-type=\"widget\" data-widget_type=\"text-editor.default\">\n\t\t\t\t<div class=\"elementor-widget-container\">\n\t\t\t\t\t\t\t\t\t<p data-start=\"226\" data-end=\"696\">Durante il Natale 2025, Bergamo propone un itinerario urbano dedicato alle <strong data-start=\"301\" data-end=\"318\">luci d\u2019autore<\/strong> e alle installazioni luminose che collegano la citt\u00e0 bassa con la citt\u00e0 alta.<br data-start=\"396\" data-end=\"399\" \/>L\u2019<strong data-start=\"401\" data-end=\"441\">accensione ufficiale delle luminarie<\/strong> \u00e8 prevista nell\u2019ultimo fine settimana di novembre, quando vengono illuminati circa dieci chilometri di vie e piazze. Le principali zone interessate sono <strong data-start=\"595\" data-end=\"615\">Via XX Settembre<\/strong>, <strong data-start=\"617\" data-end=\"641\">Borgo Santa Caterina<\/strong>, <strong data-start=\"643\" data-end=\"660\">Borgo Palazzo<\/strong>, <strong data-start=\"662\" data-end=\"676\">Sentierone<\/strong> e <strong data-start=\"679\" data-end=\"693\" data-is-only-node=\"\">Citt\u00e0 Alta<\/strong>.<\/p><p data-start=\"698\" data-end=\"1083\">In <strong data-start=\"701\" data-end=\"719\">Piazza Vecchia<\/strong> viene installato il <strong data-start=\"740\" data-end=\"767\">grande albero di Natale<\/strong>, accompagnato da un breve evento di apertura con cori e musica. L\u2019allestimento delle luci a tema \u201csoffioni\u201d LED, introdotto negli anni scorsi, potrebbe essere confermato anche per il 2025. L\u2019iniziativa valorizza gli spazi storici con illuminazioni tridimensionali a basso consumo, visibili fino al 6 gennaio 2026.<\/p><p data-start=\"1085\" data-end=\"1515\">A pochi passi, in <strong data-start=\"1103\" data-end=\"1129\">Piazza Vittorio Veneto<\/strong>, viene ricreato il <strong data-start=\"1149\" data-end=\"1168\">Bosco di Natale<\/strong>, un\u2019area scenografica con abeti e betulle dove si trova la <strong data-start=\"1228\" data-end=\"1252\">Casa di Babbo Natale<\/strong>, aperta ai bambini fino alla vigilia.\u00a0<\/p><p data-start=\"1085\" data-end=\"1515\">Un altro punto di richiamo \u00e8 la <strong data-start=\"1325\" data-end=\"1345\">Ruota Panoramica<\/strong> di <strong data-start=\"1349\" data-end=\"1369\">Piazza Matteotti<\/strong>, alta 32 metri, attiva dal 16 novembre 2025 al 12 gennaio 2026. Dalla sommit\u00e0 si pu\u00f2 osservare la citt\u00e0 illuminata a festa e le Mura Veneziane.<\/p><p data-start=\"1517\" data-end=\"1935\">Il percorso natalizio si completa con <strong data-start=\"1555\" data-end=\"1575\">Christmas Design<\/strong>, la mostra diffusa di installazioni luminose d\u2019autore. Dal 22 novembre 2025 al 6 gennaio 2026 saranno visibili circa quattordici opere lungo un itinerario che collega <strong data-start=\"1743\" data-end=\"1758\">via Mazzini<\/strong> a <strong data-start=\"1761\" data-end=\"1788\">Piazza della Cittadella<\/strong>. L\u2019esposizione, gratuita e all\u2019aperto, unisce arte contemporanea e tradizione natalizia, offrendo un\u2019esperienza suggestiva anche nelle ore serali.<\/p>\t\t\t\t\t\t\t\t<\/div>\n\t\t\t\t<\/div>\n\t\t\t\t<div class=\"elementor-element elementor-element-b49b670 elementor-widget elementor-widget-heading\" data-id=\"b49b670\" data-element_type=\"widget\" data-e-type=\"widget\" data-widget_type=\"heading.default\">\n\t\t\t\t<div class=\"elementor-widget-container\">\n\t\t\t\t\t<h2 class=\"elementor-heading-title elementor-size-default\">Mercatini di Natale a Bergamo<\/h2>\t\t\t\t<\/div>\n\t\t\t\t<\/div>\n\t\t\t\t<div class=\"elementor-element elementor-element-fdf6a85 elementor-widget elementor-widget-text-editor\" data-id=\"fdf6a85\" data-element_type=\"widget\" data-e-type=\"widget\" data-widget_type=\"text-editor.default\">\n\t\t\t\t<div class=\"elementor-widget-container\">\n\t\t\t\t\t\t\t\t\t<p data-start=\"250\" data-end=\"584\">Durante il <strong>periodo natalizio, Bergamo<\/strong> ospita diversi mercatini diffusi tra il centro citt\u00e0 e i borghi storici. Le aree principali sono Piazzale degli Alpini, Piazza Matteotti e Piazza Vittorio Veneto. Gli allestimenti restano aperti dal <b>22 novembre 2025 al 6 gennaio 2026<\/b>, con orari prolungati nei fine settimana e nei giorni festivi.<\/p><h3 data-start=\"586\" data-end=\"638\"><strong data-start=\"590\" data-end=\"638\">Villaggio di Natale in Piazzale degli Alpini<\/strong><\/h3><p data-start=\"640\" data-end=\"1137\">Il <i>Villaggio di Natale in Piazzale degli Alpini <\/i>si trova di fronte alla stazione ferroviaria. Le casette in legno propongono prodotti artigianali, decorazioni e specialit\u00e0 locali come formaggi, miele e vin brul\u00e9.<\/p><p data-start=\"640\" data-end=\"1137\">Il mercatino \u00e8 aperto <b>tutti i giorni dalle 9:30 alle 19:30, con chiusura il 25 dicembre<\/b>. L\u2019area include punti ristoro e spazi dedicati ai bambini, con la visita di Santa Lucia e Babbo Natale nei weekend di dicembre. \u00c8 una delle tappe pi\u00f9 comode per chi arriva in treno o in autobus.<\/p><h3 data-start=\"1139\" data-end=\"1183\"><strong data-start=\"1143\" data-end=\"1183\">Christmas Market in Piazza Matteotti<\/strong><\/h3><p data-start=\"1185\" data-end=\"1703\">Il mercatino di Piazza Matteotti si svolge nel cuore del centro, a pochi passi dal Sentierone. Le 17 casette in legno offrono dolci tradizionali, addobbi e oggetti regalo.<\/p><p data-start=\"1185\" data-end=\"1703\">Gli orari variano tra settimana e weekend: da luned\u00ec a mercoled\u00ec 9:00-20:00, da gioved\u00ec a domenica 9:00-22:30. In serata, la piazza \u00e8 animata da musica natalizia e spettacoli itineranti.<\/p><p data-start=\"1185\" data-end=\"1703\">Accanto al mercatino si trova la <strong data-start=\"1581\" data-end=\"1601\">Ruota Panoramica<\/strong>, attiva dal 16 novembre 2025 al 12 gennaio 2026, che offre una vista completa sulla citt\u00e0 illuminata.<\/p><h3 data-start=\"1705\" data-end=\"1751\"><strong data-start=\"1709\" data-end=\"1751\">Bosco di Natale e Casa di Babbo Natale<\/strong><\/h3><p data-start=\"1753\" data-end=\"2209\">In Piazza Vittorio Veneto viene allestito il <strong data-start=\"1798\" data-end=\"1817\">Bosco di Natale<\/strong>, un\u2019area verde con abeti e decorazioni a tema. Qui \u00e8 collocata la <strong data-start=\"1884\" data-end=\"1908\">Casa di Babbo Natale<\/strong>, aperta ogni giorno dal 24 novembre alla vigilia, con orario 10:00-13:00 e 15:00-19:00.<\/p><p data-start=\"1753\" data-end=\"2209\">L\u2019ingresso \u00e8 gratuito e pensato per famiglie con bambini. I pi\u00f9 piccoli possono consegnare la letterina e <b>scattare una foto con Babbo Natale<\/b>. L\u2019allestimento \u00e8 al coperto e accessibile anche in caso di maltempo.<\/p><h3 data-start=\"2211\" data-end=\"2261\"><strong data-start=\"2215\" data-end=\"2261\">Mostra Christmas Design e Ruota Panoramica<\/strong><\/h3><p data-start=\"2263\" data-end=\"2821\">La mostra <strong data-start=\"2273\" data-end=\"2293\">Christmas Design<\/strong> collega idealmente i mercatini di Bergamo con un percorso artistico. Dal 22 novembre 2025 al 6 gennaio 2026, quattordici installazioni luminose saranno disposte lungo via Mazzini fino a Piazza della Cittadella.<\/p><p data-start=\"2263\" data-end=\"2821\">L\u2019iniziativa unisce arte e design, offrendo un itinerario gratuito e accessibile anche in orario serale. A completare l\u2019esperienza, la <strong data-start=\"2644\" data-end=\"2664\">Ruota Panoramica<\/strong> di Piazza Matteotti rester\u00e0 in funzione ogni giorno dalle 10:00 alle 23:45, con cabine accessibili e una cabina VIP prenotabile per giri panoramici privati.<\/p><p data-start=\"2263\" data-end=\"2821\">Scopri tutti gli altri <a href=\"https:\/\/lombardiashopping.it\/blog\/eventi-cultura\/mercatini-natale-lombardia-2025\" target=\"_blank\" rel=\"noopener\">mercatini di Natale in Lombardia<\/a>.\u00a0<\/p>\t\t\t\t\t\t\t\t<\/div>\n\t\t\t\t<\/div>\n\t\t\t\t\t<\/div>\n\t\t\t\t<\/div>\n\t\t<div class=\"elementor-element elementor-element-187287b e-flex e-con-boxed wpr-particle-no wpr-jarallax-no wpr-parallax-no wpr-sticky-section-no wpr-equal-height-no e-con e-parent\" data-id=\"187287b\" data-element_type=\"container\" data-e-type=\"container\">\n\t\t\t\t\t<div class=\"e-con-inner\">\n\t\t\t\t<div class=\"elementor-element elementor-element-d19e56a elementor-widget elementor-widget-heading\" data-id=\"d19e56a\" data-element_type=\"widget\" data-e-type=\"widget\" data-widget_type=\"heading.default\">\n\t\t\t\t<div class=\"elementor-widget-container\">\n\t\t\t\t\t<h2 class=\"elementor-heading-title elementor-size-default\">Mercatini di Natale ed eventi in provincia di Bergamo<\/h2>\t\t\t\t<\/div>\n\t\t\t\t<\/div>\n\t\t\t\t<div class=\"elementor-element elementor-element-c80cc77 elementor-widget elementor-widget-text-editor\" data-id=\"c80cc77\" data-element_type=\"widget\" data-e-type=\"widget\" data-widget_type=\"text-editor.default\">\n\t\t\t\t<div class=\"elementor-widget-container\">\n\t\t\t\t\t\t\t\t\t<p data-start=\"231\" data-end=\"510\"><strong>Oltre al centro cittadino<\/strong>, la provincia di Bergamo propone numerosi mercatini e manifestazioni legate al periodo natalizio. <em>Dalle valli orobiche ai borghi del lago d\u2019Iseo<\/em>, ogni localit\u00e0 offre un proprio calendario di iniziative, spesso concentrate nei fine settimana di dicembre.<\/p><h3 data-start=\"512\" data-end=\"544\"><strong data-start=\"516\" data-end=\"544\">Castione della Presolana<\/strong><\/h3><p data-start=\"546\" data-end=\"896\">A Castione della Presolana, i mercatini si svolgono ogni weekend<strong> fino al 22 dicembre 2025<\/strong>. Le casette in legno ospitano artigiani e produttori locali con articoli da regalo, oggetti in legno e specialit\u00e0 di montagna. Dopo Natale, parte il \u201c<em>Mercatino delle Baite<\/em>\u201d, attivo <strong>dal 26 dicembre al 6 gennaio<\/strong>, dedicato ai visitatori delle localit\u00e0 sciistiche.<\/p><h3 data-start=\"898\" data-end=\"913\"><strong data-start=\"902\" data-end=\"913\">Clusone<\/strong><\/h3><p data-start=\"915\" data-end=\"1273\">Clusone organizza i mercatini nel centro storico e ospita la <strong data-start=\"976\" data-end=\"1011\">Casa Bergamasca di Babbo Natale<\/strong> nel Palazzo Bertacchi. L\u2019apertura \u00e8 prevista nei fine settimana dal 15 novembre al 26 dicembre 2025. Il percorso include laboratori per bambini e l\u2019incontro finale con Babbo Natale. In citt\u00e0 sono previsti anche spettacoli di strada e una Notte Bianca natalizia.<\/p><h3 data-start=\"1275\" data-end=\"1289\"><strong data-start=\"1279\" data-end=\"1289\">Lovere<\/strong><\/h3><p data-start=\"1291\" data-end=\"1600\">Sul <a href=\"https:\/\/lombardiashopping.it\/blog\/luoghi-scoprire\/lago-di-iseo\/\" target=\"_blank\" rel=\"noopener\">lago d\u2019Iseo<\/a>, Lovere diventa \u201c<i>Il Borgo della Luce<\/i>\u201d. Dal 29 novembre 2025 al 6 gennaio 2026, videoproiezioni artistiche illuminano le facciate dei palazzi e le piazze principali. L\u2019iniziativa, gratuita e diffusa, valorizza il centro storico con proiezioni a tema natalizio, concerti e visite guidate serali.<\/p><h3 data-start=\"1602\" data-end=\"1617\"><strong data-start=\"1606\" data-end=\"1617\">Sarnico<\/strong><\/h3><p data-start=\"1619\" data-end=\"1972\">Sarnico ospita <strong data-start=\"1634\" data-end=\"1653\">Magic Christmas<\/strong>, dal 30 novembre 2025 al 6 gennaio 2026. I mercatini lungo il lungolago Garibaldi sono aperti dal gioved\u00ec alla domenica, con artigianato locale e prodotti gastronomici. Ogni sera la chiesa del Redentore diventa il palcoscenico di uno spettacolo di videomapping, mentre l\u2019intero borgo \u00e8 decorato con oltre 250.000 luci.<\/p><h3 data-start=\"1974\" data-end=\"1987\"><strong data-start=\"1978\" data-end=\"1987\">Gromo<\/strong><\/h3><p data-start=\"1989\" data-end=\"2337\">Nel borgo medievale di Gromo, il periodo natalizio \u00e8 dedicato al <strong data-start=\"2054\" data-end=\"2075\">Borgo dei Presepi<\/strong>, un percorso tra corti e vie del centro dove vengono esposte decine di nativit\u00e0 artigianali. L\u2019iniziativa, gratuita, \u00e8 attiva dal 6 dicembre 2025 al 6 gennaio 2026. L\u2019itinerario si snoda tra botteghe e case in pietra, creando un\u2019esperienza di visita suggestiva.<\/p><h3 data-start=\"2339\" data-end=\"2370\"><strong data-start=\"2343\" data-end=\"2370\">Valbondione (Fiumenero)<\/strong><\/h3><p data-start=\"2372\" data-end=\"2735\">A Fiumenero, frazione di Valbondione, si svolge il tradizionale <strong data-start=\"2436\" data-end=\"2455\">Presepe Vivente<\/strong>. Le rappresentazioni si tengono in orario serale tra il 27 e il 28 dicembre 2025 e nel pomeriggio del 5 gennaio 2026. Pi\u00f9 di cento figuranti animano le stradine del borgo con scene evangeliche e antichi mestieri. L\u2019accesso \u00e8 libero, con servizio navetta dai parcheggi principali.<\/p><h3 data-start=\"2737\" data-end=\"2770\"><strong data-start=\"2741\" data-end=\"2770\">Altri borghi e iniziative<\/strong><\/h3><p data-start=\"2772\" data-end=\"3196\">In provincia si segnalano anche i mercatini di <strong data-start=\"2819\" data-end=\"2830\">Seriate<\/strong>, dedicati a Santa Lucia l\u20198 dicembre, e il \u201cBorgo Incantato\u201d di <strong data-start=\"2895\" data-end=\"2906\">Brumano<\/strong>, in Valle Imagna, attivo dal 6 all\u20198 dicembre 2025.<\/p>\t\t\t\t\t\t\t\t<\/div>\n\t\t\t\t<\/div>\n\t\t\t\t<div class=\"elementor-element elementor-element-34f6c1b elementor-widget elementor-widget-heading\" data-id=\"34f6c1b\" data-element_type=\"widget\" data-e-type=\"widget\" data-widget_type=\"heading.default\">\n\t\t\t\t<div class=\"elementor-widget-container\">\n\t\t\t\t\t<h2 class=\"elementor-heading-title elementor-size-default\">Altri eventi e attivit\u00e0 natalizie a Bergamo nel 2025<\/h2>\t\t\t\t<\/div>\n\t\t\t\t<\/div>\n\t\t\t\t<div class=\"elementor-element elementor-element-76b336f elementor-widget elementor-widget-text-editor\" data-id=\"76b336f\" data-element_type=\"widget\" data-e-type=\"widget\" data-widget_type=\"text-editor.default\">\n\t\t\t\t<div class=\"elementor-widget-container\">\n\t\t\t\t\t\t\t\t\t<p data-start=\"313\" data-end=\"591\">Durante il periodo natalizio, Bergamo propone un calendario di eventi che coinvolge l\u2019intera citt\u00e0, con appuntamenti musicali, attivit\u00e0 per famiglie e iniziative culturali. Le proposte si adattano a diversi tipi di pubblico e coprono tutto il mese di <strong>dicembre fino all\u2019Epifania<\/strong>.<\/p><h3 data-start=\"593\" data-end=\"622\"><strong data-start=\"597\" data-end=\"622\">Concerti e spettacoli<\/strong><\/h3><p data-start=\"624\" data-end=\"1322\">La musica \u00e8 uno degli elementi centrali del Natale bergamasco. Il <strong data-start=\"692\" data-end=\"712\">19 dicembre 2025<\/strong> al <strong data-start=\"716\" data-end=\"736\">Teatro Donizetti<\/strong> si terr\u00e0 il concerto \u201c<strong data-start=\"759\" data-end=\"780\">Gospel per Nepios<\/strong>\u201d con il <strong data-start=\"789\" data-end=\"816\">Charleston Gospel Choir<\/strong>, mentre il <strong data-start=\"828\" data-end=\"843\">21 dicembre<\/strong> la nuova arena <strong data-start=\"859\" data-end=\"874\">Chorus Life<\/strong> ospiter\u00e0 l\u2019<strong data-start=\"886\" data-end=\"909\">Harlem Gospel Choir<\/strong> di New York.<\/p><p data-start=\"624\" data-end=\"1322\">L\u2019<strong data-start=\"927\" data-end=\"941\">8 dicembre<\/strong>, nella <strong data-start=\"949\" data-end=\"972\">Chiesa di Sant\u2019Anna<\/strong>, l\u2019<strong data-start=\"976\" data-end=\"1002\">Orchestra Ars Armonica<\/strong> proporr\u00e0 il tradizionale concerto <em data-start=\"1037\" data-end=\"1053\">\u201cNote di Luce\u201d<\/em> dedicato all\u2019Avvento. Durante il mese, cori polifonici e gruppi vocali locali si esibiranno nelle principali chiese del centro. In occasione della Vigilia e di Capodanno, le <strong data-start=\"1230\" data-end=\"1262\">campane delle Mura Veneziane<\/strong> risuoneranno in citt\u00e0 con i tradizionali rintocchi festivi.<\/p><h3 data-start=\"1324\" data-end=\"1362\"><strong data-start=\"1328\" data-end=\"1362\">Presepi viventi e tradizioni religiose<\/strong><\/h3><p data-start=\"1364\" data-end=\"1978\">In diversi luoghi della citt\u00e0 vengono allestiti presepi artistici e mostre tematiche.<br data-start=\"1449\" data-end=\"1452\" \/>Presso la <strong data-start=\"1462\" data-end=\"1490\">Chiesa di San Bartolomeo<\/strong> \u00e8 visitabile un presepe meccanizzato, mentre il <strong data-start=\"1539\" data-end=\"1567\">Museo Adriano Bernareggi<\/strong> espone collezioni di presepi artigianali internazionali.<\/p><p data-start=\"1364\" data-end=\"1978\">Molte parrocchie organizzano <strong data-start=\"1656\" data-end=\"1675\">presepi viventi<\/strong> interpretati dai bambini, come quello della <strong data-start=\"1720\" data-end=\"1743\">Basilica di Clusone<\/strong> nel giorno dell\u2019Epifania. La <strong data-start=\"1775\" data-end=\"1798\">Messa di Mezzanotte<\/strong> in <strong data-start=\"1802\" data-end=\"1816\">Cattedrale<\/strong> e in <strong data-start=\"1822\" data-end=\"1846\">Santa Maria Maggiore<\/strong> \u00e8 un appuntamento tradizionale, seguito da momenti di convivialit\u00e0 con bevande calde offerte dai volontari della Protezione Civile.<\/p><h3 data-start=\"1980\" data-end=\"2019\"><b>Sfilata di Santa Lucia<\/b><\/h3><p data-start=\"2021\" data-end=\"2673\">Il <strong data-start=\"2426\" data-end=\"2441\">12 dicembre<\/strong> si svolge la tradizionale <strong data-start=\"2468\" data-end=\"2494\">sfilata di Santa Lucia<\/strong>, con corteo, musica e distribuzione di dolci ai bambini.\u00a0<\/p><h3 data-start=\"2675\" data-end=\"2718\"><strong data-start=\"2679\" data-end=\"2718\">Cose da fare al chiuso e all\u2019aperto<\/strong><\/h3><p data-start=\"2720\" data-end=\"3397\">Le <strong data-start=\"2723\" data-end=\"2741\">Mura Veneziane<\/strong>, patrimonio UNESCO, offrono un percorso panoramico ideale per passeggiate invernali tra le luci della citt\u00e0. Alcune associazioni propongono <strong data-start=\"2882\" data-end=\"2907\">visite guidate serali<\/strong> dedicate ai \u201cl<em>uoghi del Natale a Bergamo<\/em>\u201d.<\/p><p data-start=\"2720\" data-end=\"3397\">Per chi preferisce le attivit\u00e0 sportive, sono disponibili piste di pattinaggio presso il <strong data-start=\"3042\" data-end=\"3055\">PalaNorda<\/strong> e nelle localit\u00e0 vicine di <strong data-start=\"3083\" data-end=\"3102\">Alzano Lombardo<\/strong> e <strong data-start=\"3105\" data-end=\"3124\">Piazza Brembana<\/strong>. Nei giorni pi\u00f9 freddi, musei come la <strong data-start=\"3165\" data-end=\"3174\">GAMeC<\/strong> e l\u2019<strong data-start=\"3179\" data-end=\"3200\">Accademia Carrara<\/strong> restano aperti con mostre temporanee. In alternativa, le <strong data-start=\"3258\" data-end=\"3285\">terme di San Pellegrino<\/strong> rappresentano un\u2019opzione per una giornata di relax in un contesto montano facilmente raggiungibile dalla citt\u00e0.<\/p>\t\t\t\t\t\t\t\t<\/div>\n\t\t\t\t<\/div>\n\t\t\t\t\t<\/div>\n\t\t\t\t<\/div>\n\t\t\t\t<\/div>\n\t\t","protected":false},"excerpt":{"rendered":"<p>In questo articolo vedremo tutto ci\u00f2 che riguarda il Natale 2025 a Bergamo: dalle luci d\u2019autore e installazioni artistiche nel centro storico ai mercatini di Natale pi\u00f9 importanti, fino agli eventi e alle attivit\u00e0 previste in citt\u00e0 e nei principali borghi della provincia. Troverai informazioni aggiornate su date, orari, localit\u00e0, attrazioni e consigli pratici per organizzare la visita e vivere al meglio l\u2019atmosfera natalizia bergamasca.<\/p>\n","protected":false},"author":3,"featured_media":7970,"comment_status":"closed","ping_status":"open","sticky":false,"template":"","format":"standard","meta":{"footnotes":""},"categories":[3],"tags":[171],"class_list":["post-7968","post","type-post","status-publish","format-standard","has-post-thumbnail","hentry","category-eventi-cultura","tag-natale"],"yoast_head":"<!-- This site is optimized with the Yoast SEO Premium plugin v27.4 (Yoast SEO v27.4) - https:\/\/yoast.com\/product\/yoast-seo-premium-wordpress\/ -->\n<title>Natale a Bergamo 2025\/2026: mercatini, luminarie ed eventi<\/title>\n<meta name=\"description\" content=\"Bergamo si prepara a un Natale 2025 ricchissimo di eventi, luci e tradizioni che coinvolgono l\u2019intera citt\u00e0 e le localit\u00e0 circostanti.\" \/>\n<meta name=\"robots\" content=\"index, follow, max-snippet:-1, max-image-preview:large, max-video-preview:-1\" \/>\n<link rel=\"canonical\" href=\"https:\/\/lombardiashopping.it\/blog\/eventi-cultura\/mercatini-natale-bergamo\/\" \/>\n<meta property=\"og:locale\" content=\"it_IT\" \/>\n<meta property=\"og:type\" content=\"article\" \/>\n<meta property=\"og:title\" content=\"Natale a Bergamo e provincia 2025\/2026: mercatini, luminarie ed eventi\" \/>\n<meta property=\"og:description\" content=\"Bergamo si prepara a un Natale 2025 ricchissimo di eventi, luci e tradizioni che coinvolgono l\u2019intera citt\u00e0 e le localit\u00e0 circostanti.\" \/>\n<meta property=\"og:url\" content=\"https:\/\/lombardiashopping.it\/blog\/eventi-cultura\/mercatini-natale-bergamo\/\" \/>\n<meta property=\"og:site_name\" content=\"Blog Lombardia\" \/>\n<meta property=\"article:published_time\" content=\"2025-11-06T10:06:40+00:00\" \/>\n<meta property=\"article:modified_time\" content=\"2025-11-13T10:03:23+00:00\" \/>\n<meta property=\"og:image\" content=\"https:\/\/lombardiashopping.it\/blog\/wp-content\/uploads\/2025\/11\/natale-a-bergamo.webp\" \/>\n\t<meta property=\"og:image:width\" content=\"1300\" \/>\n\t<meta property=\"og:image:height\" content=\"743\" \/>\n\t<meta property=\"og:image:type\" content=\"image\/webp\" \/>\n<meta name=\"author\" content=\"Mario Chirico\" \/>\n<meta name=\"twitter:card\" content=\"summary_large_image\" \/>\n<meta name=\"twitter:label1\" content=\"Scritto da\" \/>\n\t<meta name=\"twitter:data1\" content=\"Mario Chirico\" \/>\n\t<meta name=\"twitter:label2\" content=\"Tempo di lettura stimato\" \/>\n\t<meta name=\"twitter:data2\" content=\"9 minuti\" \/>\n<script type=\"application\/ld+json\" class=\"yoast-schema-graph\">{\"@context\":\"https:\\\/\\\/schema.org\",\"@graph\":[{\"@type\":\"NewsArticle\",\"@id\":\"https:\\\/\\\/lombardiashopping.it\\\/blog\\\/eventi-cultura\\\/mercatini-natale-bergamo\\\/#article\",\"isPartOf\":{\"@id\":\"https:\\\/\\\/lombardiashopping.it\\\/blog\\\/eventi-cultura\\\/mercatini-natale-bergamo\\\/\"},\"author\":{\"name\":\"Mario Chirico\",\"@id\":\"https:\\\/\\\/lombardiashopping.it\\\/blog\\\/#\\\/schema\\\/person\\\/361b68d1f526eecec4ce01db966a79c2\"},\"headline\":\"Natale a Bergamo e provincia 2025\\\/2026: mercatini, luminarie ed eventi\",\"datePublished\":\"2025-11-06T10:06:40+00:00\",\"dateModified\":\"2025-11-13T10:03:23+00:00\",\"mainEntityOfPage\":{\"@id\":\"https:\\\/\\\/lombardiashopping.it\\\/blog\\\/eventi-cultura\\\/mercatini-natale-bergamo\\\/\"},\"wordCount\":1545,\"publisher\":{\"@id\":\"https:\\\/\\\/lombardiashopping.it\\\/blog\\\/#organization\"},\"image\":{\"@id\":\"https:\\\/\\\/lombardiashopping.it\\\/blog\\\/eventi-cultura\\\/mercatini-natale-bergamo\\\/#primaryimage\"},\"thumbnailUrl\":\"https:\\\/\\\/lombardiashopping.it\\\/blog\\\/wp-content\\\/uploads\\\/2025\\\/11\\\/natale-a-bergamo.webp\",\"keywords\":[\"Natale in Lombardia\"],\"articleSection\":[\"Eventi e Cultura\"],\"inLanguage\":\"it-IT\",\"copyrightYear\":\"2025\",\"copyrightHolder\":{\"@id\":\"https:\\\/\\\/lombardiashopping.it\\\/blog\\\/#organization\"}},{\"@type\":\"WebPage\",\"@id\":\"https:\\\/\\\/lombardiashopping.it\\\/blog\\\/eventi-cultura\\\/mercatini-natale-bergamo\\\/\",\"url\":\"https:\\\/\\\/lombardiashopping.it\\\/blog\\\/eventi-cultura\\\/mercatini-natale-bergamo\\\/\",\"name\":\"Natale a Bergamo 2025\\\/2026: mercatini, luminarie ed eventi\",\"isPartOf\":{\"@id\":\"https:\\\/\\\/lombardiashopping.it\\\/blog\\\/#website\"},\"primaryImageOfPage\":{\"@id\":\"https:\\\/\\\/lombardiashopping.it\\\/blog\\\/eventi-cultura\\\/mercatini-natale-bergamo\\\/#primaryimage\"},\"image\":{\"@id\":\"https:\\\/\\\/lombardiashopping.it\\\/blog\\\/eventi-cultura\\\/mercatini-natale-bergamo\\\/#primaryimage\"},\"thumbnailUrl\":\"https:\\\/\\\/lombardiashopping.it\\\/blog\\\/wp-content\\\/uploads\\\/2025\\\/11\\\/natale-a-bergamo.webp\",\"datePublished\":\"2025-11-06T10:06:40+00:00\",\"dateModified\":\"2025-11-13T10:03:23+00:00\",\"description\":\"Bergamo si prepara a un Natale 2025 ricchissimo di eventi, luci e tradizioni che coinvolgono l\u2019intera citt\u00e0 e le localit\u00e0 circostanti.\",\"breadcrumb\":{\"@id\":\"https:\\\/\\\/lombardiashopping.it\\\/blog\\\/eventi-cultura\\\/mercatini-natale-bergamo\\\/#breadcrumb\"},\"inLanguage\":\"it-IT\",\"potentialAction\":[{\"@type\":\"ReadAction\",\"target\":[\"https:\\\/\\\/lombardiashopping.it\\\/blog\\\/eventi-cultura\\\/mercatini-natale-bergamo\\\/\"]}]},{\"@type\":\"ImageObject\",\"inLanguage\":\"it-IT\",\"@id\":\"https:\\\/\\\/lombardiashopping.it\\\/blog\\\/eventi-cultura\\\/mercatini-natale-bergamo\\\/#primaryimage\",\"url\":\"https:\\\/\\\/lombardiashopping.it\\\/blog\\\/wp-content\\\/uploads\\\/2025\\\/11\\\/natale-a-bergamo.webp\",\"contentUrl\":\"https:\\\/\\\/lombardiashopping.it\\\/blog\\\/wp-content\\\/uploads\\\/2025\\\/11\\\/natale-a-bergamo.webp\",\"width\":1300,\"height\":743,\"caption\":\"natale a bergamo\"},{\"@type\":\"BreadcrumbList\",\"@id\":\"https:\\\/\\\/lombardiashopping.it\\\/blog\\\/eventi-cultura\\\/mercatini-natale-bergamo\\\/#breadcrumb\",\"itemListElement\":[{\"@type\":\"ListItem\",\"position\":1,\"name\":\"Lombardiablog\",\"item\":\"https:\\\/\\\/lombardiashopping.it\\\/blog\\\/\"},{\"@type\":\"ListItem\",\"position\":2,\"name\":\"Eventi e Cultura\",\"item\":\"https:\\\/\\\/lombardiashopping.it\\\/blog\\\/eventi-cultura\\\/\"},{\"@type\":\"ListItem\",\"position\":3,\"name\":\"Natale a Bergamo e provincia 2025\\\/2026: mercatini, luminarie ed eventi\"}]},{\"@type\":\"WebSite\",\"@id\":\"https:\\\/\\\/lombardiashopping.it\\\/blog\\\/#website\",\"url\":\"https:\\\/\\\/lombardiashopping.it\\\/blog\\\/\",\"name\":\"Lombardia Blog\",\"description\":\"\",\"publisher\":{\"@id\":\"https:\\\/\\\/lombardiashopping.it\\\/blog\\\/#organization\"},\"potentialAction\":[{\"@type\":\"SearchAction\",\"target\":{\"@type\":\"EntryPoint\",\"urlTemplate\":\"https:\\\/\\\/lombardiashopping.it\\\/blog\\\/?s={search_term_string}\"},\"query-input\":{\"@type\":\"PropertyValueSpecification\",\"valueRequired\":true,\"valueName\":\"search_term_string\"}}],\"inLanguage\":\"it-IT\"},{\"@type\":\"Organization\",\"@id\":\"https:\\\/\\\/lombardiashopping.it\\\/blog\\\/#organization\",\"name\":\"USB\",\"alternateName\":\"Ledblog Lombardia\",\"url\":\"https:\\\/\\\/lombardiashopping.it\\\/blog\\\/\",\"logo\":{\"@type\":\"ImageObject\",\"inLanguage\":\"it-IT\",\"@id\":\"https:\\\/\\\/lombardiashopping.it\\\/blog\\\/#\\\/schema\\\/logo\\\/image\\\/\",\"url\":\"\",\"contentUrl\":\"\",\"caption\":\"USB\"},\"image\":{\"@id\":\"https:\\\/\\\/lombardiashopping.it\\\/blog\\\/#\\\/schema\\\/logo\\\/image\\\/\"},\"description\":\"Ledblog Lombardia ha lo scopo di realizzare articoli che possano mettere in risalto luoghi ed eventi di tutta la lombardia.\"},{\"@type\":\"Person\",\"@id\":\"https:\\\/\\\/lombardiashopping.it\\\/blog\\\/#\\\/schema\\\/person\\\/361b68d1f526eecec4ce01db966a79c2\",\"name\":\"Mario Chirico\",\"image\":{\"@type\":\"ImageObject\",\"inLanguage\":\"it-IT\",\"@id\":\"https:\\\/\\\/secure.gravatar.com\\\/avatar\\\/cebbe5fdadbd866e7a3b8531022b95bc58c735316c117136d6bf67024df1188a?s=96&d=mm&r=g\",\"url\":\"https:\\\/\\\/secure.gravatar.com\\\/avatar\\\/cebbe5fdadbd866e7a3b8531022b95bc58c735316c117136d6bf67024df1188a?s=96&d=mm&r=g\",\"contentUrl\":\"https:\\\/\\\/secure.gravatar.com\\\/avatar\\\/cebbe5fdadbd866e7a3b8531022b95bc58c735316c117136d6bf67024df1188a?s=96&d=mm&r=g\",\"caption\":\"Mario Chirico\"},\"description\":\"Mario Chirico, classe 1999, \u00e8 dottore in Culture digitali e della comunicazione presso l'Universit\u00e0 degli Studi di Napoli \\\"Federico II\\\". Si dedica ogni giorno alla scoperta di qualcosa di nuovo da poter condividere. Insegue il sogno di visitare il mondo e di scoprirne tutto il fascino. Nel tempo libero si dedica allo sport come il calcio e la palestra.\"}]}<\/script>\n<!-- \/ Yoast SEO Premium plugin. -->","yoast_head_json":{"title":"Natale a Bergamo 2025\/2026: mercatini, luminarie ed eventi","description":"Bergamo si prepara a un Natale 2025 ricchissimo di eventi, luci e tradizioni che coinvolgono l\u2019intera citt\u00e0 e le localit\u00e0 circostanti.","robots":{"index":"index","follow":"follow","max-snippet":"max-snippet:-1","max-image-preview":"max-image-preview:large","max-video-preview":"max-video-preview:-1"},"canonical":"https:\/\/lombardiashopping.it\/blog\/eventi-cultura\/mercatini-natale-bergamo\/","og_locale":"it_IT","og_type":"article","og_title":"Natale a Bergamo e provincia 2025\/2026: mercatini, luminarie ed eventi","og_description":"Bergamo si prepara a un Natale 2025 ricchissimo di eventi, luci e tradizioni che coinvolgono l\u2019intera citt\u00e0 e le localit\u00e0 circostanti.","og_url":"https:\/\/lombardiashopping.it\/blog\/eventi-cultura\/mercatini-natale-bergamo\/","og_site_name":"Blog Lombardia","article_published_time":"2025-11-06T10:06:40+00:00","article_modified_time":"2025-11-13T10:03:23+00:00","og_image":[{"width":1300,"height":743,"url":"https:\/\/lombardiashopping.it\/blog\/wp-content\/uploads\/2025\/11\/natale-a-bergamo.webp","type":"image\/webp"}],"author":"Mario Chirico","twitter_card":"summary_large_image","twitter_misc":{"Scritto da":"Mario Chirico","Tempo di lettura stimato":"9 minuti"},"schema":{"@context":"https:\/\/schema.org","@graph":[{"@type":"NewsArticle","@id":"https:\/\/lombardiashopping.it\/blog\/eventi-cultura\/mercatini-natale-bergamo\/#article","isPartOf":{"@id":"https:\/\/lombardiashopping.it\/blog\/eventi-cultura\/mercatini-natale-bergamo\/"},"author":{"name":"Mario Chirico","@id":"https:\/\/lombardiashopping.it\/blog\/#\/schema\/person\/361b68d1f526eecec4ce01db966a79c2"},"headline":"Natale a Bergamo e provincia 2025\/2026: mercatini, luminarie ed eventi","datePublished":"2025-11-06T10:06:40+00:00","dateModified":"2025-11-13T10:03:23+00:00","mainEntityOfPage":{"@id":"https:\/\/lombardiashopping.it\/blog\/eventi-cultura\/mercatini-natale-bergamo\/"},"wordCount":1545,"publisher":{"@id":"https:\/\/lombardiashopping.it\/blog\/#organization"},"image":{"@id":"https:\/\/lombardiashopping.it\/blog\/eventi-cultura\/mercatini-natale-bergamo\/#primaryimage"},"thumbnailUrl":"https:\/\/lombardiashopping.it\/blog\/wp-content\/uploads\/2025\/11\/natale-a-bergamo.webp","keywords":["Natale in Lombardia"],"articleSection":["Eventi e Cultura"],"inLanguage":"it-IT","copyrightYear":"2025","copyrightHolder":{"@id":"https:\/\/lombardiashopping.it\/blog\/#organization"}},{"@type":"WebPage","@id":"https:\/\/lombardiashopping.it\/blog\/eventi-cultura\/mercatini-natale-bergamo\/","url":"https:\/\/lombardiashopping.it\/blog\/eventi-cultura\/mercatini-natale-bergamo\/","name":"Natale a Bergamo 2025\/2026: mercatini, luminarie ed eventi","isPartOf":{"@id":"https:\/\/lombardiashopping.it\/blog\/#website"},"primaryImageOfPage":{"@id":"https:\/\/lombardiashopping.it\/blog\/eventi-cultura\/mercatini-natale-bergamo\/#primaryimage"},"image":{"@id":"https:\/\/lombardiashopping.it\/blog\/eventi-cultura\/mercatini-natale-bergamo\/#primaryimage"},"thumbnailUrl":"https:\/\/lombardiashopping.it\/blog\/wp-content\/uploads\/2025\/11\/natale-a-bergamo.webp","datePublished":"2025-11-06T10:06:40+00:00","dateModified":"2025-11-13T10:03:23+00:00","description":"Bergamo si prepara a un Natale 2025 ricchissimo di eventi, luci e tradizioni che coinvolgono l\u2019intera citt\u00e0 e le localit\u00e0 circostanti.","breadcrumb":{"@id":"https:\/\/lombardiashopping.it\/blog\/eventi-cultura\/mercatini-natale-bergamo\/#breadcrumb"},"inLanguage":"it-IT","potentialAction":[{"@type":"ReadAction","target":["https:\/\/lombardiashopping.it\/blog\/eventi-cultura\/mercatini-natale-bergamo\/"]}]},{"@type":"ImageObject","inLanguage":"it-IT","@id":"https:\/\/lombardiashopping.it\/blog\/eventi-cultura\/mercatini-natale-bergamo\/#primaryimage","url":"https:\/\/lombardiashopping.it\/blog\/wp-content\/uploads\/2025\/11\/natale-a-bergamo.webp","contentUrl":"https:\/\/lombardiashopping.it\/blog\/wp-content\/uploads\/2025\/11\/natale-a-bergamo.webp","width":1300,"height":743,"caption":"natale a bergamo"},{"@type":"BreadcrumbList","@id":"https:\/\/lombardiashopping.it\/blog\/eventi-cultura\/mercatini-natale-bergamo\/#breadcrumb","itemListElement":[{"@type":"ListItem","position":1,"name":"Lombardiablog","item":"https:\/\/lombardiashopping.it\/blog\/"},{"@type":"ListItem","position":2,"name":"Eventi e Cultura","item":"https:\/\/lombardiashopping.it\/blog\/eventi-cultura\/"},{"@type":"ListItem","position":3,"name":"Natale a Bergamo e provincia 2025\/2026: mercatini, luminarie ed eventi"}]},{"@type":"WebSite","@id":"https:\/\/lombardiashopping.it\/blog\/#website","url":"https:\/\/lombardiashopping.it\/blog\/","name":"Lombardia Blog","description":"","publisher":{"@id":"https:\/\/lombardiashopping.it\/blog\/#organization"},"potentialAction":[{"@type":"SearchAction","target":{"@type":"EntryPoint","urlTemplate":"https:\/\/lombardiashopping.it\/blog\/?s={search_term_string}"},"query-input":{"@type":"PropertyValueSpecification","valueRequired":true,"valueName":"search_term_string"}}],"inLanguage":"it-IT"},{"@type":"Organization","@id":"https:\/\/lombardiashopping.it\/blog\/#organization","name":"USB","alternateName":"Ledblog Lombardia","url":"https:\/\/lombardiashopping.it\/blog\/","logo":{"@type":"ImageObject","inLanguage":"it-IT","@id":"https:\/\/lombardiashopping.it\/blog\/#\/schema\/logo\/image\/","url":"","contentUrl":"","caption":"USB"},"image":{"@id":"https:\/\/lombardiashopping.it\/blog\/#\/schema\/logo\/image\/"},"description":"Ledblog Lombardia ha lo scopo di realizzare articoli che possano mettere in risalto luoghi ed eventi di tutta la lombardia."},{"@type":"Person","@id":"https:\/\/lombardiashopping.it\/blog\/#\/schema\/person\/361b68d1f526eecec4ce01db966a79c2","name":"Mario Chirico","image":{"@type":"ImageObject","inLanguage":"it-IT","@id":"https:\/\/secure.gravatar.com\/avatar\/cebbe5fdadbd866e7a3b8531022b95bc58c735316c117136d6bf67024df1188a?s=96&d=mm&r=g","url":"https:\/\/secure.gravatar.com\/avatar\/cebbe5fdadbd866e7a3b8531022b95bc58c735316c117136d6bf67024df1188a?s=96&d=mm&r=g","contentUrl":"https:\/\/secure.gravatar.com\/avatar\/cebbe5fdadbd866e7a3b8531022b95bc58c735316c117136d6bf67024df1188a?s=96&d=mm&r=g","caption":"Mario Chirico"},"description":"Mario Chirico, classe 1999, \u00e8 dottore in Culture digitali e della comunicazione presso l'Universit\u00e0 degli Studi di Napoli \"Federico II\". Si dedica ogni giorno alla scoperta di qualcosa di nuovo da poter condividere. Insegue il sogno di visitare il mondo e di scoprirne tutto il fascino. Nel tempo libero si dedica allo sport come il calcio e la palestra."}]}},"acf":[],"_links":{"self":[{"href":"https:\/\/lombardiashopping.it\/blog\/wp-json\/wp\/v2\/posts\/7968","targetHints":{"allow":["GET"]}}],"collection":[{"href":"https:\/\/lombardiashopping.it\/blog\/wp-json\/wp\/v2\/posts"}],"about":[{"href":"https:\/\/lombardiashopping.it\/blog\/wp-json\/wp\/v2\/types\/post"}],"author":[{"embeddable":true,"href":"https:\/\/lombardiashopping.it\/blog\/wp-json\/wp\/v2\/users\/3"}],"replies":[{"embeddable":true,"href":"https:\/\/lombardiashopping.it\/blog\/wp-json\/wp\/v2\/comments?post=7968"}],"version-history":[{"count":7,"href":"https:\/\/lombardiashopping.it\/blog\/wp-json\/wp\/v2\/posts\/7968\/revisions"}],"predecessor-version":[{"id":8053,"href":"https:\/\/lombardiashopping.it\/blog\/wp-json\/wp\/v2\/posts\/7968\/revisions\/8053"}],"wp:featuredmedia":[{"embeddable":true,"href":"https:\/\/lombardiashopping.it\/blog\/wp-json\/wp\/v2\/media\/7970"}],"wp:attachment":[{"href":"https:\/\/lombardiashopping.it\/blog\/wp-json\/wp\/v2\/media?parent=7968"}],"wp:term":[{"taxonomy":"category","embeddable":true,"href":"https:\/\/lombardiashopping.it\/blog\/wp-json\/wp\/v2\/categories?post=7968"},{"taxonomy":"post_tag","embeddable":true,"href":"https:\/\/lombardiashopping.it\/blog\/wp-json\/wp\/v2\/tags?post=7968"}],"curies":[{"name":"wp","href":"https:\/\/api.w.org\/{rel}","templated":true}]}}