{"id":8034,"date":"2025-11-13T10:57:41","date_gmt":"2025-11-13T09:57:41","guid":{"rendered":"https:\/\/lombardiashopping.it\/blog\/?p=8034"},"modified":"2025-11-24T11:17:31","modified_gmt":"2025-11-24T10:17:31","slug":"mercatini-natale-lombardia-2025","status":"publish","type":"post","link":"https:\/\/lombardiashopping.it\/blog\/eventi-cultura\/mercatini-natale-lombardia-2025\/","title":{"rendered":"Mercatini di Natale in Lombardia 2025\/2026"},"content":{"rendered":"\t\t<div data-elementor-type=\"wp-post\" data-elementor-id=\"8034\" class=\"elementor elementor-8034\" data-elementor-post-type=\"post\">\n\t\t\t\t<div class=\"elementor-element elementor-element-98ddbd6 e-flex e-con-boxed wpr-particle-no wpr-jarallax-no wpr-parallax-no wpr-sticky-section-no wpr-equal-height-no e-con e-parent\" data-id=\"98ddbd6\" data-element_type=\"container\" data-e-type=\"container\">\n\t\t\t\t\t<div class=\"e-con-inner\">\n\t\t\t\t<div class=\"elementor-element elementor-element-a9523fb elementor-widget elementor-widget-text-editor\" data-id=\"a9523fb\" data-element_type=\"widget\" data-e-type=\"widget\" data-widget_type=\"text-editor.default\">\n\t\t\t\t<div class=\"elementor-widget-container\">\n\t\t\t\t\t\t\t\t\t<p data-start=\"211\" data-end=\"949\">Il periodo natalizio \u00e8 atteso ogni anno perch\u00e9 porta con s\u00e9 <i>tradizioni, luci, sapori e momenti condivisi.<\/i> In Lombardia il Natale \u00e8 sempre molto sentito grazie alla presenza di <b>dolci tipici<\/b>, piatti legati alla stagione,&nbsp;<a href=\"https:\/\/lombardiashopping.it\/blog\/eventi-cultura\/presepi-viventi-lombardia\/\" target=\"_blank\">presepi viventi<\/a><b>&nbsp;<\/b>nei centri storici e, soprattutto, <b>mercatini <\/b>che richiamano visitatori da tutta la regione.<\/p>\n<p data-start=\"211\" data-end=\"949\"><b>I mercatini di Natale in Lombardia 2025-2026<\/b> propongono date di apertura gi\u00e0 definite, stand tematici, aree gastronomiche, attivit\u00e0 per famiglie, installazioni luminose e programmi pensati per tutto il periodo festivo.&nbsp;<\/p>\t\t\t\t\t\t\t\t<\/div>\n\t\t\t\t<\/div>\n\t\t\t\t<div class=\"elementor-element elementor-element-87aa192 elementor-widget elementor-widget-heading\" data-id=\"87aa192\" data-element_type=\"widget\" data-e-type=\"widget\" data-widget_type=\"heading.default\">\n\t\t\t\t<div class=\"elementor-widget-container\">\n\t\t\t\t\t<h2 class=\"elementor-heading-title elementor-size-default\">I migliori mercatini di Natale nelle privince Lombarde da visitare nel 2025\/2026<\/h2>\t\t\t\t<\/div>\n\t\t\t\t<\/div>\n\t\t\t\t<div class=\"elementor-element elementor-element-baf51e7 elementor-widget elementor-widget-text-editor\" data-id=\"baf51e7\" data-element_type=\"widget\" data-e-type=\"widget\" data-widget_type=\"text-editor.default\">\n\t\t\t\t<div class=\"elementor-widget-container\">\n\t\t\t\t\t\t\t\t\t<p>Da Milano a Como, scopriamo tutte le citt\u00e0 che ospitano i <strong>mercatini di Natale pi\u00f9 importanti della regione.\u00a0<\/strong><\/p>\t\t\t\t\t\t\t\t<\/div>\n\t\t\t\t<\/div>\n\t\t\t\t<div class=\"elementor-element elementor-element-7624ea7 elementor-widget elementor-widget-heading\" data-id=\"7624ea7\" data-element_type=\"widget\" data-e-type=\"widget\" data-widget_type=\"heading.default\">\n\t\t\t\t<div class=\"elementor-widget-container\">\n\t\t\t\t\t<h3 class=\"elementor-heading-title elementor-size-default\">Mercatini di Natale a Milano 2025-2026<\/h3>\t\t\t\t<\/div>\n\t\t\t\t<\/div>\n\t\t\t\t<div class=\"elementor-element elementor-element-fdf6a85 elementor-widget elementor-widget-text-editor\" data-id=\"fdf6a85\" data-element_type=\"widget\" data-e-type=\"widget\" data-widget_type=\"text-editor.default\">\n\t\t\t\t<div class=\"elementor-widget-container\">\n\t\t\t\t\t\t\t\t\t<p data-start=\"203\" data-end=\"688\">I <a href=\"https:\/\/lombardiashopping.it\/blog\/notizie-attualita\/mercatini-natale-milano\/\" target=\"_blank\" rel=\"noopener\">mercatini di Natale a Milano 2025-2026<\/a> iniziano il <strong data-start=\"256\" data-end=\"275\">1 dicembre 2025<\/strong> e terminano il <strong data-start=\"291\" data-end=\"309\">6 gennaio 2026<\/strong> con l\u2019allestimento principale in <strong data-start=\"343\" data-end=\"359\">Piazza Duomo<\/strong>. L\u2019area ospita circa <strong data-start=\"381\" data-end=\"393\">80 stand<\/strong> dedicati ad addobbi, presepi, artigianato, prodotti stagionali e specialit\u00e0 regionali. La piazza presenta anche l\u2019albero di Natale acceso dal 6 dicembre e un punto di incontro dedicato ai bambini con la Casa di Babbo Natale. L\u2019accesso \u00e8 libero e l\u2019apertura prevista \u00e8 dalle <strong data-start=\"668\" data-end=\"687\">9:00 alle 21:00<\/strong>.<\/p>\n<p data-start=\"690\" data-end=\"1068\">Parallelamente, Milano ospita la <a href=\"https:\/\/lombardiashopping.it\/blog\/notizie-attualita\/mercatino-ohbej-ohbej-milano\/\" target=\"_blank\" rel=\"noopener\"><strong data-start=\"723\" data-end=\"748\">Fiera Oh Bej! Oh Bej!<\/strong><\/a>, attiva dal <strong data-start=\"761\" data-end=\"780\">5 dicembre 2025<\/strong> all\u2019<strong data-start=\"785\" data-end=\"804\">8 dicembre 2025<\/strong> nell\u2019area del <strong data-start=\"819\" data-end=\"841\">Castello Sforzesco<\/strong>. Gli espositori propongono artigianato locale, libri, dolci e prodotti tradizionali distribuiti in oltre <strong data-start=\"947\" data-end=\"965\">200 bancarelle<\/strong>. La fiera rientra nelle celebrazioni per Sant\u2019Ambrogio e si svolge ogni anno con un afflusso costante.<\/p>\n<p data-start=\"1070\" data-end=\"1448\">Dal <strong data-start=\"1074\" data-end=\"1094\">15 novembre 2025<\/strong> al <strong data-start=\"1098\" data-end=\"1116\">6 gennaio 2026<\/strong> \u00e8 aperto anche il <a href=\"https:\/\/lombardiashopping.it\/blog\/eventi-cultura\/villaggio-delle-meraviglie-montanelli\/\" target=\"_blank\" rel=\"noopener\"><strong data-start=\"1135\" data-end=\"1165\">Villaggio delle Meraviglie<\/strong> ai <strong data-start=\"1169\" data-end=\"1198\">Giardini Indro Montanelli<\/strong><\/a>, con due piste di pattinaggio, aree tematiche, spettacoli per famiglie e stand gastronomici. L\u2019ingresso \u00e8 gratuito e le attivit\u00e0 interne sono a pagamento. Le aperture seguono una fascia oraria pomeridiana nei feriali e continuata nel fine settimana.<\/p>\t\t\t\t\t\t\t\t<\/div>\n\t\t\t\t<\/div>\n\t\t\t\t\t<\/div>\n\t\t\t\t<\/div>\n\t\t<div class=\"elementor-element elementor-element-187287b e-flex e-con-boxed wpr-particle-no wpr-jarallax-no wpr-parallax-no wpr-sticky-section-no wpr-equal-height-no e-con e-parent\" data-id=\"187287b\" data-element_type=\"container\" data-e-type=\"container\">\n\t\t\t\t\t<div class=\"e-con-inner\">\n\t\t\t\t<div class=\"elementor-element elementor-element-d19e56a elementor-widget elementor-widget-heading\" data-id=\"d19e56a\" data-element_type=\"widget\" data-e-type=\"widget\" data-widget_type=\"heading.default\">\n\t\t\t\t<div class=\"elementor-widget-container\">\n\t\t\t\t\t<h3 class=\"elementor-heading-title elementor-size-default\">Mercatini di Natale a Bergamo 2025-2026<\/h3>\t\t\t\t<\/div>\n\t\t\t\t<\/div>\n\t\t\t\t<div class=\"elementor-element elementor-element-c80cc77 elementor-widget elementor-widget-text-editor\" data-id=\"c80cc77\" data-element_type=\"widget\" data-e-type=\"widget\" data-widget_type=\"text-editor.default\">\n\t\t\t\t<div class=\"elementor-widget-container\">\n\t\t\t\t\t\t\t\t\t<p data-start=\"188\" data-end=\"618\">I <a href=\"https:\/\/lombardiashopping.it\/blog\/eventi-cultura\/mercatini-natale-bergamo\/\" target=\"_blank\" rel=\"noopener\">mercatini di Natale a Bergamo 2025-2026<\/a> si svolgono dal <strong data-start=\"246\" data-end=\"266\">22 novembre 2025<\/strong> al <strong data-start=\"270\" data-end=\"288\">6 gennaio 2026<\/strong> con aree organizzate tra <strong data-start=\"314\" data-end=\"333\">Piazzale Alpini<\/strong> e <strong data-start=\"336\" data-end=\"356\">Piazza Matteotti<\/strong>. Le casette in legno ospitano stand dedicati ad artigianato, prodotti stagionali, addobbi, dolci tipici e articoli per il periodo natalizio. Le aperture seguono orari prolungati nel fine settimana, mentre nei giorni feriali la chiusura avviene in fascia serale.<\/p>\n<p data-start=\"620\" data-end=\"1060\">Il programma prevede una serie di attivit\u00e0 come la <strong data-start=\"671\" data-end=\"695\">pista di pattinaggio<\/strong> in Piazza Matteotti, la <strong data-start=\"720\" data-end=\"740\">ruota panoramica<\/strong> attiva dal <strong data-start=\"752\" data-end=\"772\">16 novembre 2025<\/strong> al <strong data-start=\"776\" data-end=\"795\">12 gennaio 2026<\/strong>, la <strong data-start=\"800\" data-end=\"824\">Casa di Babbo Natale<\/strong> in Piazza Vittorio Veneto, incontri con Santa Lucia e interventi musicali organizzati nelle vie principali. Citt\u00e0 Alta partecipa con installazioni luminose, presepi esposti in punti storici e iniziative promosse da associazioni locali.<\/p>\n<p data-start=\"1062\" data-end=\"1429\">Nel periodo dal <strong data-start=\"1078\" data-end=\"1113\">22 novembre al 21 dicembre 2025<\/strong>, nei <strong data-start=\"1119\" data-end=\"1137\">fine settimana<\/strong>, si aggiunge anche il mercatino di <strong data-start=\"1173\" data-end=\"1201\">Castione della Presolana<\/strong>, con espositori artigiani, aree gastronomiche, Casa di Babbo Natale, laboratori per bambini e collegamento tramite trenino natalizio. L\u2019evento prosegue poi dal <strong data-start=\"1362\" data-end=\"1382\">26 dicembre 2025<\/strong> al <strong data-start=\"1386\" data-end=\"1404\">6 gennaio 2026<\/strong> nella frazione di Dorga.<\/p>\t\t\t\t\t\t\t\t<\/div>\n\t\t\t\t<\/div>\n\t\t\t\t<div class=\"elementor-element elementor-element-34f6c1b elementor-widget elementor-widget-heading\" data-id=\"34f6c1b\" data-element_type=\"widget\" data-e-type=\"widget\" data-widget_type=\"heading.default\">\n\t\t\t\t<div class=\"elementor-widget-container\">\n\t\t\t\t\t<h3 class=\"elementor-heading-title elementor-size-default\">Mercatini di Natale a Como 2025-2026<\/h3>\t\t\t\t<\/div>\n\t\t\t\t<\/div>\n\t\t\t\t<div class=\"elementor-element elementor-element-76b336f elementor-widget elementor-widget-text-editor\" data-id=\"76b336f\" data-element_type=\"widget\" data-e-type=\"widget\" data-widget_type=\"text-editor.default\">\n\t\t\t\t<div class=\"elementor-widget-container\">\n\t\t\t\t\t\t\t\t\t<p data-start=\"179\" data-end=\"630\">I mercatini di Natale a Como 2025-2026 si svolgono dal <strong data-start=\"234\" data-end=\"254\">23 novembre 2025<\/strong> al <strong data-start=\"258\" data-end=\"276\">6 gennaio 2026<\/strong> nell\u2019ambito della manifestazione <a href=\"https:\/\/lombardiashopping.it\/blog\/eventi-cultura\/como-citta-balocchi\/\" target=\"_blank\" rel=\"noopener\"><strong data-start=\"310\" data-end=\"332\">Citt\u00e0 dei Balocchi<\/strong><\/a>. Le aree principali comprendono <strong data-start=\"365\" data-end=\"384\">Piazza Perretta<\/strong> e <strong data-start=\"387\" data-end=\"408\">Piazza San Fedele<\/strong>, dove sono presenti <strong data-start=\"429\" data-end=\"443\">22 casette<\/strong> dedicate ad artigianato locale, addobbi, prodotti tipici e articoli stagionali. L\u2019accesso \u00e8 libero e gli orari prevedono aperture giornaliere con prolungamenti serali nei fine settimana.<\/p>\n<p data-start=\"632\" data-end=\"1016\">Nel periodo indicato il centro storico ospita anche il <strong data-start=\"687\" data-end=\"711\">Magic Light Festival<\/strong>, con proiezioni luminose su palazzi e monumenti cittadini. In <strong data-start=\"774\" data-end=\"791\">Piazza Cavour<\/strong> \u00e8 attiva la <strong data-start=\"804\" data-end=\"841\">pista di pattinaggio sul ghiaccio<\/strong>, mentre in Largo Miglio si trova la giostra tradizionale per bambini. Il <strong data-start=\"915\" data-end=\"935\">1\u00b0 dicembre 2025<\/strong> \u00e8 prevista l\u2019accensione dell\u2019albero di Natale, inserita nel programma ufficiale.<\/p>\n<p data-start=\"1018\" data-end=\"1345\">Scopri anche tutti gli altri <a href=\"https:\/\/lombardiashopping.it\/blog\/eventi-cultura\/mercatini-natale-lago-como\/\" target=\"_blank\" rel=\"noopener\">mercatini di Natale sul Lago di Como<\/a>.\u00a0<\/p>\t\t\t\t\t\t\t\t<\/div>\n\t\t\t\t<\/div>\n\t\t\t\t<div class=\"elementor-element elementor-element-67c1fd8 elementor-widget elementor-widget-heading\" data-id=\"67c1fd8\" data-element_type=\"widget\" data-e-type=\"widget\" data-widget_type=\"heading.default\">\n\t\t\t\t<div class=\"elementor-widget-container\">\n\t\t\t\t\t<h3 class=\"elementor-heading-title elementor-size-default\">Mercatini di Natale a Brescia 2025-2026<\/h3>\t\t\t\t<\/div>\n\t\t\t\t<\/div>\n\t\t\t\t<div class=\"elementor-element elementor-element-debb0b6 elementor-widget elementor-widget-text-editor\" data-id=\"debb0b6\" data-element_type=\"widget\" data-e-type=\"widget\" data-widget_type=\"text-editor.default\">\n\t\t\t\t<div class=\"elementor-widget-container\">\n\t\t\t\t\t\t\t\t\t<p data-start=\"180\" data-end=\"574\">I <a href=\"https:\/\/lombardiashopping.it\/blog\/eventi-cultura\/natale-bergamo\/\" target=\"_blank\" rel=\"noopener\">mercatini di Natale a Brescia 2025-2026<\/a> sono attivi da <strong data-start=\"237\" data-end=\"261\">inizio dicembre 2025<\/strong> al <strong data-start=\"265\" data-end=\"283\">6 gennaio 2026<\/strong> nel centro storico tra <strong data-start=\"307\" data-end=\"326\">Piazza Vittoria<\/strong>, <strong data-start=\"328\" data-end=\"348\">Corso Zanardelli<\/strong> e aree vicine. Le casette propongono stand di artigianato, addobbi, prodotti enogastronomici locali e articoli stagionali. Il percorso \u00e8 distribuito lungo le vie principali con apertura giornaliera e orari estesi nei festivi.<\/p><p data-start=\"576\" data-end=\"1012\">A queste iniziative si aggiunge il programma degli eventi cittadini, che coinvolge anche <strong data-start=\"665\" data-end=\"685\">Largo Formentone<\/strong> con il mercato dedicato ai produttori locali e il mercatino benefico <strong data-start=\"755\" data-end=\"774\">Natale Solidale<\/strong> presso il Museo di Santa Giulia. Nel periodo compreso tra l\u2019<strong data-start=\"835\" data-end=\"854\">8 dicembre 2025<\/strong> e il <strong data-start=\"860\" data-end=\"878\">6 gennaio 2026<\/strong> \u00e8 operativa la <strong data-start=\"894\" data-end=\"940\">pista di pattinaggio in Piazza del Mercato<\/strong>, affiancata da stand di dolci, punti ristoro e una giostra per bambini.<\/p><p data-start=\"1014\" data-end=\"1428\">In provincia sono previsti appuntamenti complementari, tra cui <strong data-start=\"1077\" data-end=\"1097\">Natale nel Borgo<\/strong> a <strong data-start=\"1100\" data-end=\"1110\">Bienno<\/strong> dal <strong data-start=\"1115\" data-end=\"1139\">6 al 8 dicembre 2025<\/strong>, con espositori locali, percorsi nelle corti, prodotti tipici e attivit\u00e0 per famiglie.\u00a0<\/p>\t\t\t\t\t\t\t\t<\/div>\n\t\t\t\t<\/div>\n\t\t\t\t<div class=\"elementor-element elementor-element-dcb5f79 elementor-widget elementor-widget-heading\" data-id=\"dcb5f79\" data-element_type=\"widget\" data-e-type=\"widget\" data-widget_type=\"heading.default\">\n\t\t\t\t<div class=\"elementor-widget-container\">\n\t\t\t\t\t<h3 class=\"elementor-heading-title elementor-size-default\">Mercatini di Natale a Cremona 2025-2026<\/h3>\t\t\t\t<\/div>\n\t\t\t\t<\/div>\n\t\t\t\t<div class=\"elementor-element elementor-element-bcdb4c8 elementor-widget elementor-widget-text-editor\" data-id=\"bcdb4c8\" data-element_type=\"widget\" data-e-type=\"widget\" data-widget_type=\"text-editor.default\">\n\t\t\t\t<div class=\"elementor-widget-container\">\n\t\t\t\t\t\t\t\t\t<p data-start=\"244\" data-end=\"768\">Il mercatino di Natale a Cremona 2025-2026 si svolge <strong data-start=\"297\" data-end=\"326\">domenica 14 dicembre 2025<\/strong> in <strong data-start=\"330\" data-end=\"351\">Piazza Stradivari<\/strong> con l\u2019evento <em>Le Strade del Gusto, della Bellezza e del Gioco \u2013 Christmas Edition<\/em>. L\u2019iniziativa ospita <strong data-start=\"458\" data-end=\"481\">circa 80 espositori<\/strong> con prodotti tipici, artigianato locale, addobbi, articoli stagionali e specialit\u00e0 collegate al territorio. L\u2019evento \u00e8 a <strong data-start=\"603\" data-end=\"624\">ingresso gratuito<\/strong> e include animazioni musicali, esibizioni di artisti di strada e personaggi natalizi, con attivit\u00e0 distribuite nell\u2019area pedonale della piazza.<\/p>\n<p data-start=\"770\" data-end=\"1120\">Nel calendario cittadino rientra anche la <a href=\"https:\/\/lombardiashopping.it\/blog\/eventi-cultura\/festa-del-torrone-cremona-2025\/\" target=\"_blank\" rel=\"noopener\"><strong data-start=\"812\" data-end=\"833\">Festa del Torrone<\/strong><\/a>, programmata dall\u2019<strong data-start=\"852\" data-end=\"877\">8 al 16 novembre 2025<\/strong>, con degustazioni, stand enogastronomici, laboratori e spettacoli dedicati al prodotto simbolo della citt\u00e0.\u00a0<\/p>\n<p data-start=\"770\" data-end=\"1120\">Anche a Crema si svolgeranno il <strong data-start=\"1226\" data-end=\"1246\">30 novembre 2025<\/strong> in <strong data-start=\"1250\" data-end=\"1270\">Piazza Garibaldi<\/strong> con l\u2019evento <em>Atmosfere di Natale<\/em>. L\u2019allestimento prevede <strong data-start=\"1332\" data-end=\"1352\">circa 25 casette<\/strong> con espositori, luci e addobbi.\u00a0<\/p>\t\t\t\t\t\t\t\t<\/div>\n\t\t\t\t<\/div>\n\t\t\t\t<div class=\"elementor-element elementor-element-01816a2 elementor-widget elementor-widget-heading\" data-id=\"01816a2\" data-element_type=\"widget\" data-e-type=\"widget\" data-widget_type=\"heading.default\">\n\t\t\t\t<div class=\"elementor-widget-container\">\n\t\t\t\t\t<h3 class=\"elementor-heading-title elementor-size-default\">Mercatini di Natale a Monza 2025-2026<\/h3>\t\t\t\t<\/div>\n\t\t\t\t<\/div>\n\t\t\t\t<div class=\"elementor-element elementor-element-44f7ac2 elementor-widget elementor-widget-text-editor\" data-id=\"44f7ac2\" data-element_type=\"widget\" data-e-type=\"widget\" data-widget_type=\"text-editor.default\">\n\t\t\t\t<div class=\"elementor-widget-container\">\n\t\t\t\t\t\t\t\t\t<p data-start=\"244\" data-end=\"768\">Il Villaggio di Natale a Monza 2025-2026 si svolge dal <strong data-start=\"357\" data-end=\"377\">22 novembre 2025<\/strong> al <strong data-start=\"381\" data-end=\"399\">6 gennaio 2026<\/strong> tra <strong data-start=\"404\" data-end=\"423\">Piazza Carducci<\/strong> e <strong data-start=\"426\" data-end=\"453\">Piazza Trento e Trieste<\/strong>. Le aree ospitano casette in legno con stand dedicati ad artigianato, prodotti stagionali e addobbi. \u00c8 presente anche uno spazio riservato agli artigiani italiani e una <strong data-start=\"623\" data-end=\"647\">Casa di Babbo Natale<\/strong> accessibile ai bambini durante giornate e fasce orarie programmate.<\/p>\t\t\t\t\t\t\t\t<\/div>\n\t\t\t\t<\/div>\n\t\t\t\t<div class=\"elementor-element elementor-element-181215c elementor-widget elementor-widget-heading\" data-id=\"181215c\" data-element_type=\"widget\" data-e-type=\"widget\" data-widget_type=\"heading.default\">\n\t\t\t\t<div class=\"elementor-widget-container\">\n\t\t\t\t\t<h3 class=\"elementor-heading-title elementor-size-default\">Mercatini di Natale a Lodi 2025-2026<\/h3>\t\t\t\t<\/div>\n\t\t\t\t<\/div>\n\t\t\t\t<div class=\"elementor-element elementor-element-cfa56bb elementor-widget elementor-widget-text-editor\" data-id=\"cfa56bb\" data-element_type=\"widget\" data-e-type=\"widget\" data-widget_type=\"text-editor.default\">\n\t\t\t\t<div class=\"elementor-widget-container\">\n\t\t\t\t\t\t\t\t\t<p data-start=\"244\" data-end=\"768\">La <strong data-start=\"997\" data-end=\"1021\">Fiera di Santa Lucia<\/strong> a Lodi 2025-2026 \u00e8 prevista attorno al <strong data-start=\"1061\" data-end=\"1081\">13 dicembre 2025<\/strong> in <strong data-start=\"1085\" data-end=\"1110\">Piazza della Vittoria<\/strong>. L\u2019evento propone circa <strong data-start=\"1135\" data-end=\"1147\">40 stand<\/strong> dedicati a prodotti enogastronomici, artigianato locale, dolciumi tipici come torrone e zucchero filato, idee regalo e articoli stagionali. La fiera mantiene un\u2019impostazione tradizionale con un\u2019unica giornata centrale e un percorso facilmente visitabile.<\/p>\t\t\t\t\t\t\t\t<\/div>\n\t\t\t\t<\/div>\n\t\t\t\t<div class=\"elementor-element elementor-element-76c462d elementor-widget elementor-widget-heading\" data-id=\"76c462d\" data-element_type=\"widget\" data-e-type=\"widget\" data-widget_type=\"heading.default\">\n\t\t\t\t<div class=\"elementor-widget-container\">\n\t\t\t\t\t<h3 class=\"elementor-heading-title elementor-size-default\">Mercatini di Natale a Mantova 2025-2026<\/h3>\t\t\t\t<\/div>\n\t\t\t\t<\/div>\n\t\t\t\t<div class=\"elementor-element elementor-element-9cd1620 elementor-widget elementor-widget-text-editor\" data-id=\"9cd1620\" data-element_type=\"widget\" data-e-type=\"widget\" data-widget_type=\"text-editor.default\">\n\t\t\t\t<div class=\"elementor-widget-container\">\n\t\t\t\t\t\t\t\t\t<p data-start=\"1644\" data-end=\"1960\">I mercatini di Natale a Mantova 2025-2026 restano attivi fino al <strong data-start=\"1709\" data-end=\"1729\">28 dicembre 2025<\/strong> in <strong data-start=\"1733\" data-end=\"1754\">Piazza Virgiliana<\/strong>, con casette dedicate ad artigianato, prodotti tipici, articoli natalizi e servizi collegati. L\u2019area ospita anche una <strong data-start=\"1873\" data-end=\"1897\">pista di pattinaggio<\/strong> e un <strong data-start=\"1903\" data-end=\"1924\">trenino turistico<\/strong> attivo durante le giornate festive.<\/p>\n<p data-start=\"1962\" data-end=\"2235\">Nel programma cittadino rientrano anche esposizioni di <strong data-start=\"2017\" data-end=\"2038\">presepi artistici<\/strong> nelle chiese del centro storico e una rassegna di <strong data-start=\"2089\" data-end=\"2106\">cori natalizi<\/strong> nei weekend di dicembre. Le iniziative coinvolgono pi\u00f9 punti del centro e si integrano con le attivit\u00e0 del mercatino principale.<\/p>\t\t\t\t\t\t\t\t<\/div>\n\t\t\t\t<\/div>\n\t\t\t\t<div class=\"elementor-element elementor-element-fabe0e8 elementor-widget elementor-widget-heading\" data-id=\"fabe0e8\" data-element_type=\"widget\" data-e-type=\"widget\" data-widget_type=\"heading.default\">\n\t\t\t\t<div class=\"elementor-widget-container\">\n\t\t\t\t\t<h2 class=\"elementor-heading-title elementor-size-default\">Altri mercatini di Natale da visitare in Lombardia nel 2025\/2026<\/h2>\t\t\t\t<\/div>\n\t\t\t\t<\/div>\n\t\t\t\t<div class=\"elementor-element elementor-element-8c6e70d elementor-widget elementor-widget-text-editor\" data-id=\"8c6e70d\" data-element_type=\"widget\" data-e-type=\"widget\" data-widget_type=\"text-editor.default\">\n\t\t\t\t<div class=\"elementor-widget-container\">\n\t\t\t\t\t\t\t\t\t<p>Il Natale non \u00e8 solo nelle grandi citt\u00e0: scopriamo i borghi che il <strong>Natale<\/strong>&nbsp;trasforma in posti magici, o luoghi dove ogni anno si festeggia nel miglior modo.&nbsp;<\/p>\t\t\t\t\t\t\t\t<\/div>\n\t\t\t\t<\/div>\n\t\t\t\t<div class=\"elementor-element elementor-element-32784a2 elementor-widget elementor-widget-heading\" data-id=\"32784a2\" data-element_type=\"widget\" data-e-type=\"widget\" data-widget_type=\"heading.default\">\n\t\t\t\t<div class=\"elementor-widget-container\">\n\t\t\t\t\t<h3 class=\"elementor-heading-title elementor-size-default\">Mercatini di Natale a Livigno 2025-2026<\/h3>\t\t\t\t<\/div>\n\t\t\t\t<\/div>\n\t\t\t\t<div class=\"elementor-element elementor-element-7e6a4ad elementor-widget elementor-widget-text-editor\" data-id=\"7e6a4ad\" data-element_type=\"widget\" data-e-type=\"widget\" data-widget_type=\"text-editor.default\">\n\t\t\t\t<div class=\"elementor-widget-container\">\n\t\t\t\t\t\t\t\t\t<p data-start=\"185\" data-end=\"650\">I <a href=\"https:\/\/lombardiashopping.it\/blog\/eventi-cultura\/mercatini-natale-livigno\/\" target=\"_blank\" rel=\"noopener\">mercatini di Natale a Livigno 2025-2026<\/a> si svolgono dal <strong data-start=\"243\" data-end=\"263\">28 novembre 2025<\/strong> al <strong data-start=\"267\" data-end=\"285\">6 gennaio 2026<\/strong> lungo la zona pedonale del centro, tra <strong data-start=\"325\" data-end=\"347\">Piazza Santa Maria<\/strong> e le vie adiacenti. Le casette in legno ospitano stand dedicati ad artigianato alpino, prodotti locali, articoli in lana, decorazioni, dolci tipici, tisane e specialit\u00e0 valtellinesi. L\u2019apertura segue orari quotidiani, con chiusure anticipate in alcune date e interruzioni previste nel giorno di Natale.<\/p><p data-start=\"652\" data-end=\"1078\">Nel periodo indicato vengono proposte attivit\u00e0 tematiche distribuite nella via principale, con degustazioni organizzate dagli espositori, punti ristoro con vin brul\u00e9 e prodotti caldi, spazi per famiglie e installazioni luminose. Il programma include eventi su pi\u00f9 giornate come la <strong data-start=\"933\" data-end=\"976\">fiaccolata natalizia dei maestri di sci<\/strong>, prevista in prossimit\u00e0 della Vigilia, insieme a iniziative curate dalle associazioni del territorio.<\/p>\t\t\t\t\t\t\t\t<\/div>\n\t\t\t\t<\/div>\n\t\t\t\t<div class=\"elementor-element elementor-element-69bd3b6 elementor-widget elementor-widget-heading\" data-id=\"69bd3b6\" data-element_type=\"widget\" data-e-type=\"widget\" data-widget_type=\"heading.default\">\n\t\t\t\t<div class=\"elementor-widget-container\">\n\t\t\t\t\t<h3 class=\"elementor-heading-title elementor-size-default\">Mercatini di Natale a Bormio 2025-2026<\/h3>\t\t\t\t<\/div>\n\t\t\t\t<\/div>\n\t\t\t\t<div class=\"elementor-element elementor-element-cb98bc9 elementor-widget elementor-widget-text-editor\" data-id=\"cb98bc9\" data-element_type=\"widget\" data-e-type=\"widget\" data-widget_type=\"text-editor.default\">\n\t\t\t\t<div class=\"elementor-widget-container\">\n\t\t\t\t\t\t\t\t\t<p data-start=\"182\" data-end=\"684\">I mercatini di Natale a Bormio 2025-2026 si svolgono dal <strong data-start=\"239\" data-end=\"259\">28 novembre 2025<\/strong> al <strong data-start=\"263\" data-end=\"281\">6 gennaio 2026<\/strong> con aperture concentrate nei <strong data-start=\"311\" data-end=\"329\">fine settimana<\/strong> e in alcune giornate della settimana centrale di dicembre. L\u2019area principale \u00e8 quella dei <strong data-start=\"420\" data-end=\"451\">Giardini di Piazza V Alpini<\/strong>, dove sono presenti casette dedicate a artigianato locale, prodotti in legno, pizzi, addobbi, biscotti tradizionali, mieli e specialit\u00e0 valtellinesi. Gli stand osservano un orario indicativo compreso tra le <strong data-start=\"659\" data-end=\"668\">10:30<\/strong> e le <strong data-start=\"674\" data-end=\"683\">19:00<\/strong>.<\/p>\n<p data-start=\"686\" data-end=\"1060\">Dal <strong data-start=\"690\" data-end=\"710\">19 dicembre 2025<\/strong> al <strong data-start=\"714\" data-end=\"732\">6 gennaio 2026<\/strong> l\u2019apertura diventa quotidiana, ad eccezione del <strong data-start=\"781\" data-end=\"796\">25 dicembre<\/strong>, del <strong data-start=\"802\" data-end=\"817\">26 dicembre<\/strong> e del <strong data-start=\"824\" data-end=\"837\">1 gennaio<\/strong>, giorni in cui gli stand restano chiusi. Durante il periodo di attivit\u00e0 vengono proposte degustazioni, aree ristoro con prodotti caldi, incontri programmati con Babbo Natale ed eventi musicali dislocati nel centro storico.<\/p>\t\t\t\t\t\t\t\t<\/div>\n\t\t\t\t<\/div>\n\t\t\t\t<div class=\"elementor-element elementor-element-c4791cb elementor-widget elementor-widget-heading\" data-id=\"c4791cb\" data-element_type=\"widget\" data-e-type=\"widget\" data-widget_type=\"heading.default\">\n\t\t\t\t<div class=\"elementor-widget-container\">\n\t\t\t\t\t<h3 class=\"elementor-heading-title elementor-size-default\">Mercatini di Natale a Chiavenna 2025-2026<\/h3>\t\t\t\t<\/div>\n\t\t\t\t<\/div>\n\t\t\t\t<div class=\"elementor-element elementor-element-6511c7b elementor-widget elementor-widget-text-editor\" data-id=\"6511c7b\" data-element_type=\"widget\" data-e-type=\"widget\" data-widget_type=\"text-editor.default\">\n\t\t\t\t<div class=\"elementor-widget-container\">\n\t\t\t\t\t\t\t\t\t<p data-start=\"182\" data-end=\"687\">I mercatini di Natale a Chiavenna 2025-2026 sono previsti nel <strong data-start=\"244\" data-end=\"283\">fine settimana centrale di dicembre<\/strong>, con date riferite al modello degli anni precedenti, generalmente comprese tra il <strong data-start=\"366\" data-end=\"381\">13 dicembre<\/strong> e il <strong data-start=\"387\" data-end=\"402\">15 dicembre<\/strong>. Le aree coinvolte includono il centro storico, in particolare <strong data-start=\"466\" data-end=\"486\">Piazza Bertacchi<\/strong>, <strong data-start=\"488\" data-end=\"510\">Piazza Crollalanza<\/strong> e le vie limitrofe. Gli stand propongono artigianato locale in pietra ollare, prodotti in legno, ceramiche, candele, decorazioni natalizie e prodotti tipici della Valchiavenna.<\/p>\n<p data-start=\"689\" data-end=\"1105\">Il programma include <b>stand gastronomici <\/b>curati da associazioni del territorio, con biscotti tradizionali, <i>vin brul\u00e9, miele, formaggi d\u2019alpe<\/i> e altri prodotti stagionali. Le iniziative comprendono <b>spazi dedicati ai bambini<\/b> con incontri con Babbo Natale, laboratori tematici e piccole attivit\u00e0 ricreative organizzate nelle piazze.\u00a0<\/p>\t\t\t\t\t\t\t\t<\/div>\n\t\t\t\t<\/div>\n\t\t\t\t<div class=\"elementor-element elementor-element-c27d579 elementor-widget elementor-widget-heading\" data-id=\"c27d579\" data-element_type=\"widget\" data-e-type=\"widget\" data-widget_type=\"heading.default\">\n\t\t\t\t<div class=\"elementor-widget-container\">\n\t\t\t\t\t<h3 class=\"elementor-heading-title elementor-size-default\">Mercatini di Natale a Iseo 2025-2026<\/h3>\t\t\t\t<\/div>\n\t\t\t\t<\/div>\n\t\t\t\t<div class=\"elementor-element elementor-element-b3b0f68 elementor-widget elementor-widget-text-editor\" data-id=\"b3b0f68\" data-element_type=\"widget\" data-e-type=\"widget\" data-widget_type=\"text-editor.default\">\n\t\t\t\t<div class=\"elementor-widget-container\">\n\t\t\t\t\t\t\t\t\t<p data-start=\"312\" data-end=\"711\">I mercatini di Natale a Iseo 2025-2026 si svolgono nei <strong data-start=\"367\" data-end=\"417\">weekend dal 25 novembre 2025 al 7 gennaio 2026<\/strong> nel <strong data-start=\"422\" data-end=\"440\">centro storico<\/strong> e lungo le vie pedonali vicine al lungolago.\u00a0Il percorso prevede casette dedicate a prodotti tipici locali, artigianato, articoli natalizi, degustazioni di olio del territorio e vino Franciacorta.<\/p>\n<p data-start=\"713\" data-end=\"1118\">Durante le giornate festive sono attive aree con spettacoli di artisti di strada, spazi dedicati alla gastronomia e iniziative curate dalle associazioni locali. Il programma include l\u2019arrivo di <strong data-start=\"907\" data-end=\"942\">Santa Lucia il 10 dicembre 2025<\/strong>, con distribuzione di doni ai bambini nelle zone centrali. Nei weekend si aggiungono attivit\u00e0 tematiche come il \u201c<i>Villaggio di Natale<\/i>\u201d, con stand dedicati, musica e animazioni.<\/p>\t\t\t\t\t\t\t\t<\/div>\n\t\t\t\t<\/div>\n\t\t\t\t<div class=\"elementor-element elementor-element-ef9e3ee elementor-widget elementor-widget-heading\" data-id=\"ef9e3ee\" data-element_type=\"widget\" data-e-type=\"widget\" data-widget_type=\"heading.default\">\n\t\t\t\t<div class=\"elementor-widget-container\">\n\t\t\t\t\t<h2 class=\"elementor-heading-title elementor-size-default\">Panorama dei Mercatini di Natale in Lombardia 2025-2026<\/h2>\t\t\t\t<\/div>\n\t\t\t\t<\/div>\n\t\t\t\t<div class=\"elementor-element elementor-element-04ddbf7 elementor-widget elementor-widget-text-editor\" data-id=\"04ddbf7\" data-element_type=\"widget\" data-e-type=\"widget\" data-widget_type=\"text-editor.default\">\n\t\t\t\t<div class=\"elementor-widget-container\">\n\t\t\t\t\t\t\t\t\t<table>\n<thead>\n<tr>\n<th><strong>Localit\u00e0 (Provincia)<\/strong><\/th>\n<th><strong>Periodo 2025-2026<\/strong><\/th>\n<th><strong>Attrazioni e note principali<\/strong><\/th>\n<\/tr>\n<\/thead>\n<tbody>\n<tr>\n<td><strong>Milano \u2013 Piazza Duomo<\/strong> (MI)<\/td>\n<td>1 dicembre 2025 \u2013 6 gennaio 2026<\/td>\n<td>Circa 80 casette con addobbi, presepi, artigianato, prodotti tipici, grande albero di Natale e Casa di Babbo Natale. Ingresso libero.<\/td>\n<\/tr>\n<tr>\n<td><strong>Milano \u2013 Oh Bej! Oh Bej!<\/strong> (MI)<\/td>\n<td>5 dicembre 2025 \u2013 8 dicembre 2025<\/td>\n<td>Tradizionale mercatino attorno al Castello Sforzesco con oltre 200 espositori, dolci tipici, libri, artigianato e prodotti locali legati alla festa di Sant\u2019Ambrogio.<\/td>\n<\/tr>\n<tr>\n<td><strong>Milano \u2013 Villaggio delle Meraviglie<\/strong> (MI)<\/td>\n<td>15 novembre 2025 \u2013 6 gennaio 2026<\/td>\n<td>Villaggio natalizio ai Giardini Indro Montanelli con piste di pattinaggio, Casa di Babbo Natale, giostre, spettacoli e stand gastronomici. Ingresso gratuito (attrazioni a pagamento).<\/td>\n<\/tr>\n<tr>\n<td><strong>Bergamo<\/strong> (BG)<\/td>\n<td>22 novembre 2025 \u2013 6 gennaio 2026<\/td>\n<td>Mercatini in Piazzale Alpini e Piazza Matteotti, casette di artigianato e gastronomia, pista di pattinaggio, ruota panoramica, luminarie fino a Citt\u00e0 Alta e albero in Piazza Vecchia.<\/td>\n<\/tr>\n<tr>\n<td><strong>Brescia<\/strong> (BS)<\/td>\n<td>Inizio dicembre 2025 \u2013 6 gennaio 2026<\/td>\n<td>Mercatini nel centro storico con casette di artigianato e prodotti locali, pista di pattinaggio in Piazza del Mercato, giostre, eventi musicali, sculture di ghiaccio e iniziative benefiche.<\/td>\n<\/tr>\n<tr>\n<td><strong>Como \u2013 Citt\u00e0 dei Balocchi<\/strong> (CO)<\/td>\n<td>23 novembre 2025 \u2013 6 gennaio 2026<\/td>\n<td>Mercatini in Piazza Perretta e Piazza San Fedele, Magic Light Festival, pista di pattinaggio, giostra tradizionale, accensione albero, spettacoli, laboratori e fuochi di Capodanno.<\/td>\n<\/tr>\n<tr>\n<td><strong>Mantova \u2013 Piazza Virgiliana<\/strong> (MN)<\/td>\n<td>15 novembre 2025 \u2013 28 dicembre 2025<\/td>\n<td>Mercatino nei weekend e festivi con chalet di artigianato, pista di pattinaggio, trenino turistico e iniziative distribuite nel centro storico. Ingresso libero.<\/td>\n<\/tr>\n<tr>\n<td><strong>Livigno<\/strong> (SO)<\/td>\n<td>28 novembre 2025 \u2013 6 gennaio 2026<\/td>\n<td>Mercatini lungo la zona pedonale con artigianato alpino, prodotti tipici, degustazioni, iniziative tematiche ed eventi come la fiaccolata dei maestri di sci.<\/td>\n<\/tr>\n<tr>\n<td><strong>Bormio<\/strong> (SO)<\/td>\n<td>28 novembre 2025 \u2013 6 gennaio 2026<\/td>\n<td>Mercatini nei fine settimana e nel periodo natalizio con artigianato locale, specialit\u00e0 valtellinesi, presepi, incontri con Babbo Natale ed eventi musicali.<\/td>\n<\/tr>\n<tr>\n<td><strong>Chiavenna<\/strong> (SO)<\/td>\n<td>13 \u2013 15 dicembre 2025 (fine settimana indicativo)<\/td>\n<td>Mercatini nel centro storico con artigianato locale, prodotti tipici, stand gastronomici, attivit\u00e0 per bambini e presepi nelle corti.<\/td>\n<\/tr>\n<tr>\n<td><strong>Cremona \u2013 Piazza Stradivari<\/strong> (CR)<\/td>\n<td>14 dicembre 2025<\/td>\n<td>Evento natalizio con circa 80 espositori, prodotti tipici, artigianato, addobbi, animazioni musicali e artisti di strada. Ingresso gratuito.<\/td>\n<\/tr>\n<tr>\n<td><strong>Crema \u2013 Piazza Garibaldi<\/strong> (CR)<\/td>\n<td>30 novembre 2025<\/td>\n<td>Mercatino con circa 25 casette, artigianato, prodotti tipici, animazione per bambini, musica dal vivo e iniziative legate a Santa Lucia.<\/td>\n<\/tr>\n<tr>\n<td><strong>Monza \u2013 Villaggio di Natale<\/strong> (MB)<\/td>\n<td>22 novembre 2025 \u2013 6 gennaio 2026<\/td>\n<td>Mercatini in Piazza Carducci e Piazza Trento e Trieste con casette, area artigiani italiani, Casa di Babbo Natale, spettacoli e iniziative musicali.<\/td>\n<\/tr>\n<tr>\n<td><strong>Lodi \u2013 Fiera di Santa Lucia<\/strong> (LO)<\/td>\n<td>13 dicembre 2025<\/td>\n<td>Fiera tradizionale con circa 40 stand enogastronomici, artigianato, dolciumi tipici, idee regalo e attivit\u00e0 per famiglie.<\/td>\n<\/tr>\n<tr>\n<td><strong>Iseo<\/strong> (BS)<\/td>\n<td>25 novembre 2025 \u2013 7 gennaio 2026 (nei weekend)<\/td>\n<td>Mercatini nel centro storico con prodotti tipici, artigianato, degustazioni di olio e Franciacorta, spettacoli di strada, arrivo di Santa Lucia il 10 dicembre e attivit\u00e0 tematiche nei weekend.<\/td>\n<\/tr>\n<\/tbody>\n<\/table>\t\t\t\t\t\t\t\t<\/div>\n\t\t\t\t<\/div>\n\t\t\t\t\t<\/div>\n\t\t\t\t<\/div>\n\t\t\t\t<\/div>\n\t\t","protected":false},"excerpt":{"rendered":"<p>Nell\u2019articolo vedremo le localit\u00e0 che ospitano i mercatini pi\u00f9 frequentati, con una selezione che comprende Milano, Bergamo, Como, Brescia, Livigno, Bormio, Chiavenna e altre destinazioni. Ogni sezione presenta date di inizio e fine, tipologie di espositori, attrazioni, organizzazione degli spazi e iniziative dedicate al pubblico.<\/p>\n","protected":false},"author":3,"featured_media":8043,"comment_status":"closed","ping_status":"open","sticky":false,"template":"","format":"standard","meta":{"footnotes":""},"categories":[3],"tags":[171],"class_list":["post-8034","post","type-post","status-publish","format-standard","has-post-thumbnail","hentry","category-eventi-cultura","tag-natale"],"yoast_head":"<!-- This site is optimized with the Yoast SEO Premium plugin v27.4 (Yoast SEO v27.4) - https:\/\/yoast.com\/product\/yoast-seo-premium-wordpress\/ -->\n<title>I migliori mercatini di Natale in Lombardia nel 2025\/2026<\/title>\n<meta name=\"description\" content=\"Tra fine novembre e inizio gennaio la Lombardia si riempie di mercatini natalizi, trasformando citt\u00e0 e borghi in villaggi incantati.\" \/>\n<meta name=\"robots\" content=\"index, follow, max-snippet:-1, max-image-preview:large, max-video-preview:-1\" \/>\n<link rel=\"canonical\" href=\"https:\/\/lombardiashopping.it\/blog\/eventi-cultura\/mercatini-natale-lombardia-2025\/\" \/>\n<meta property=\"og:locale\" content=\"it_IT\" \/>\n<meta property=\"og:type\" content=\"article\" \/>\n<meta property=\"og:title\" content=\"Mercatini di Natale in Lombardia 2025\/2026\" \/>\n<meta property=\"og:description\" content=\"Tra fine novembre e inizio gennaio la Lombardia si riempie di mercatini natalizi, trasformando citt\u00e0 e borghi in villaggi incantati.\" \/>\n<meta property=\"og:url\" content=\"https:\/\/lombardiashopping.it\/blog\/eventi-cultura\/mercatini-natale-lombardia-2025\/\" \/>\n<meta property=\"og:site_name\" content=\"Blog Lombardia\" \/>\n<meta property=\"article:published_time\" content=\"2025-11-13T09:57:41+00:00\" \/>\n<meta property=\"article:modified_time\" content=\"2025-11-24T10:17:31+00:00\" \/>\n<meta property=\"og:image\" content=\"https:\/\/lombardiashopping.it\/blog\/wp-content\/uploads\/2025\/11\/mercatini-di-natale-in-lombardia-2025.webp\" \/>\n\t<meta property=\"og:image:width\" content=\"1300\" \/>\n\t<meta property=\"og:image:height\" content=\"743\" \/>\n\t<meta property=\"og:image:type\" content=\"image\/webp\" \/>\n<meta name=\"author\" content=\"Mario Chirico\" \/>\n<meta name=\"twitter:card\" content=\"summary_large_image\" \/>\n<meta name=\"twitter:label1\" content=\"Scritto da\" \/>\n\t<meta name=\"twitter:data1\" content=\"Mario Chirico\" \/>\n\t<meta name=\"twitter:label2\" content=\"Tempo di lettura stimato\" \/>\n\t<meta name=\"twitter:data2\" content=\"12 minuti\" \/>\n<script type=\"application\/ld+json\" class=\"yoast-schema-graph\">{\"@context\":\"https:\\\/\\\/schema.org\",\"@graph\":[{\"@type\":\"NewsArticle\",\"@id\":\"https:\\\/\\\/lombardiashopping.it\\\/blog\\\/eventi-cultura\\\/mercatini-natale-lombardia-2025\\\/#article\",\"isPartOf\":{\"@id\":\"https:\\\/\\\/lombardiashopping.it\\\/blog\\\/eventi-cultura\\\/mercatini-natale-lombardia-2025\\\/\"},\"author\":{\"name\":\"Mario Chirico\",\"@id\":\"https:\\\/\\\/lombardiashopping.it\\\/blog\\\/#\\\/schema\\\/person\\\/361b68d1f526eecec4ce01db966a79c2\"},\"headline\":\"Mercatini di Natale in Lombardia 2025\\\/2026\",\"datePublished\":\"2025-11-13T09:57:41+00:00\",\"dateModified\":\"2025-11-24T10:17:31+00:00\",\"mainEntityOfPage\":{\"@id\":\"https:\\\/\\\/lombardiashopping.it\\\/blog\\\/eventi-cultura\\\/mercatini-natale-lombardia-2025\\\/\"},\"wordCount\":2042,\"publisher\":{\"@id\":\"https:\\\/\\\/lombardiashopping.it\\\/blog\\\/#organization\"},\"image\":{\"@id\":\"https:\\\/\\\/lombardiashopping.it\\\/blog\\\/eventi-cultura\\\/mercatini-natale-lombardia-2025\\\/#primaryimage\"},\"thumbnailUrl\":\"https:\\\/\\\/lombardiashopping.it\\\/blog\\\/wp-content\\\/uploads\\\/2025\\\/11\\\/mercatini-di-natale-in-lombardia-2025.webp\",\"keywords\":[\"Natale in Lombardia\"],\"articleSection\":[\"Eventi e Cultura\"],\"inLanguage\":\"it-IT\",\"copyrightYear\":\"2025\",\"copyrightHolder\":{\"@id\":\"https:\\\/\\\/lombardiashopping.it\\\/blog\\\/#organization\"}},{\"@type\":\"WebPage\",\"@id\":\"https:\\\/\\\/lombardiashopping.it\\\/blog\\\/eventi-cultura\\\/mercatini-natale-lombardia-2025\\\/\",\"url\":\"https:\\\/\\\/lombardiashopping.it\\\/blog\\\/eventi-cultura\\\/mercatini-natale-lombardia-2025\\\/\",\"name\":\"I migliori mercatini di Natale in Lombardia nel 2025\\\/2026\",\"isPartOf\":{\"@id\":\"https:\\\/\\\/lombardiashopping.it\\\/blog\\\/#website\"},\"primaryImageOfPage\":{\"@id\":\"https:\\\/\\\/lombardiashopping.it\\\/blog\\\/eventi-cultura\\\/mercatini-natale-lombardia-2025\\\/#primaryimage\"},\"image\":{\"@id\":\"https:\\\/\\\/lombardiashopping.it\\\/blog\\\/eventi-cultura\\\/mercatini-natale-lombardia-2025\\\/#primaryimage\"},\"thumbnailUrl\":\"https:\\\/\\\/lombardiashopping.it\\\/blog\\\/wp-content\\\/uploads\\\/2025\\\/11\\\/mercatini-di-natale-in-lombardia-2025.webp\",\"datePublished\":\"2025-11-13T09:57:41+00:00\",\"dateModified\":\"2025-11-24T10:17:31+00:00\",\"description\":\"Tra fine novembre e inizio gennaio la Lombardia si riempie di mercatini natalizi, trasformando citt\u00e0 e borghi in villaggi incantati.\",\"breadcrumb\":{\"@id\":\"https:\\\/\\\/lombardiashopping.it\\\/blog\\\/eventi-cultura\\\/mercatini-natale-lombardia-2025\\\/#breadcrumb\"},\"inLanguage\":\"it-IT\",\"potentialAction\":[{\"@type\":\"ReadAction\",\"target\":[\"https:\\\/\\\/lombardiashopping.it\\\/blog\\\/eventi-cultura\\\/mercatini-natale-lombardia-2025\\\/\"]}]},{\"@type\":\"ImageObject\",\"inLanguage\":\"it-IT\",\"@id\":\"https:\\\/\\\/lombardiashopping.it\\\/blog\\\/eventi-cultura\\\/mercatini-natale-lombardia-2025\\\/#primaryimage\",\"url\":\"https:\\\/\\\/lombardiashopping.it\\\/blog\\\/wp-content\\\/uploads\\\/2025\\\/11\\\/mercatini-di-natale-in-lombardia-2025.webp\",\"contentUrl\":\"https:\\\/\\\/lombardiashopping.it\\\/blog\\\/wp-content\\\/uploads\\\/2025\\\/11\\\/mercatini-di-natale-in-lombardia-2025.webp\",\"width\":1300,\"height\":743,\"caption\":\"mercatini di natale in lombardia 2025\"},{\"@type\":\"BreadcrumbList\",\"@id\":\"https:\\\/\\\/lombardiashopping.it\\\/blog\\\/eventi-cultura\\\/mercatini-natale-lombardia-2025\\\/#breadcrumb\",\"itemListElement\":[{\"@type\":\"ListItem\",\"position\":1,\"name\":\"Lombardiablog\",\"item\":\"https:\\\/\\\/lombardiashopping.it\\\/blog\\\/\"},{\"@type\":\"ListItem\",\"position\":2,\"name\":\"Eventi e Cultura\",\"item\":\"https:\\\/\\\/lombardiashopping.it\\\/blog\\\/eventi-cultura\\\/\"},{\"@type\":\"ListItem\",\"position\":3,\"name\":\"Mercatini di Natale in Lombardia 2025\\\/2026\"}]},{\"@type\":\"WebSite\",\"@id\":\"https:\\\/\\\/lombardiashopping.it\\\/blog\\\/#website\",\"url\":\"https:\\\/\\\/lombardiashopping.it\\\/blog\\\/\",\"name\":\"Lombardia Blog\",\"description\":\"\",\"publisher\":{\"@id\":\"https:\\\/\\\/lombardiashopping.it\\\/blog\\\/#organization\"},\"potentialAction\":[{\"@type\":\"SearchAction\",\"target\":{\"@type\":\"EntryPoint\",\"urlTemplate\":\"https:\\\/\\\/lombardiashopping.it\\\/blog\\\/?s={search_term_string}\"},\"query-input\":{\"@type\":\"PropertyValueSpecification\",\"valueRequired\":true,\"valueName\":\"search_term_string\"}}],\"inLanguage\":\"it-IT\"},{\"@type\":\"Organization\",\"@id\":\"https:\\\/\\\/lombardiashopping.it\\\/blog\\\/#organization\",\"name\":\"USB\",\"alternateName\":\"Ledblog Lombardia\",\"url\":\"https:\\\/\\\/lombardiashopping.it\\\/blog\\\/\",\"logo\":{\"@type\":\"ImageObject\",\"inLanguage\":\"it-IT\",\"@id\":\"https:\\\/\\\/lombardiashopping.it\\\/blog\\\/#\\\/schema\\\/logo\\\/image\\\/\",\"url\":\"\",\"contentUrl\":\"\",\"caption\":\"USB\"},\"image\":{\"@id\":\"https:\\\/\\\/lombardiashopping.it\\\/blog\\\/#\\\/schema\\\/logo\\\/image\\\/\"},\"description\":\"Ledblog Lombardia ha lo scopo di realizzare articoli che possano mettere in risalto luoghi ed eventi di tutta la lombardia.\"},{\"@type\":\"Person\",\"@id\":\"https:\\\/\\\/lombardiashopping.it\\\/blog\\\/#\\\/schema\\\/person\\\/361b68d1f526eecec4ce01db966a79c2\",\"name\":\"Mario Chirico\",\"image\":{\"@type\":\"ImageObject\",\"inLanguage\":\"it-IT\",\"@id\":\"https:\\\/\\\/secure.gravatar.com\\\/avatar\\\/cebbe5fdadbd866e7a3b8531022b95bc58c735316c117136d6bf67024df1188a?s=96&d=mm&r=g\",\"url\":\"https:\\\/\\\/secure.gravatar.com\\\/avatar\\\/cebbe5fdadbd866e7a3b8531022b95bc58c735316c117136d6bf67024df1188a?s=96&d=mm&r=g\",\"contentUrl\":\"https:\\\/\\\/secure.gravatar.com\\\/avatar\\\/cebbe5fdadbd866e7a3b8531022b95bc58c735316c117136d6bf67024df1188a?s=96&d=mm&r=g\",\"caption\":\"Mario Chirico\"},\"description\":\"Mario Chirico, classe 1999, \u00e8 dottore in Culture digitali e della comunicazione presso l'Universit\u00e0 degli Studi di Napoli \\\"Federico II\\\". Si dedica ogni giorno alla scoperta di qualcosa di nuovo da poter condividere. Insegue il sogno di visitare il mondo e di scoprirne tutto il fascino. Nel tempo libero si dedica allo sport come il calcio e la palestra.\"}]}<\/script>\n<!-- \/ Yoast SEO Premium plugin. -->","yoast_head_json":{"title":"I migliori mercatini di Natale in Lombardia nel 2025\/2026","description":"Tra fine novembre e inizio gennaio la Lombardia si riempie di mercatini natalizi, trasformando citt\u00e0 e borghi in villaggi incantati.","robots":{"index":"index","follow":"follow","max-snippet":"max-snippet:-1","max-image-preview":"max-image-preview:large","max-video-preview":"max-video-preview:-1"},"canonical":"https:\/\/lombardiashopping.it\/blog\/eventi-cultura\/mercatini-natale-lombardia-2025\/","og_locale":"it_IT","og_type":"article","og_title":"Mercatini di Natale in Lombardia 2025\/2026","og_description":"Tra fine novembre e inizio gennaio la Lombardia si riempie di mercatini natalizi, trasformando citt\u00e0 e borghi in villaggi incantati.","og_url":"https:\/\/lombardiashopping.it\/blog\/eventi-cultura\/mercatini-natale-lombardia-2025\/","og_site_name":"Blog Lombardia","article_published_time":"2025-11-13T09:57:41+00:00","article_modified_time":"2025-11-24T10:17:31+00:00","og_image":[{"width":1300,"height":743,"url":"https:\/\/lombardiashopping.it\/blog\/wp-content\/uploads\/2025\/11\/mercatini-di-natale-in-lombardia-2025.webp","type":"image\/webp"}],"author":"Mario Chirico","twitter_card":"summary_large_image","twitter_misc":{"Scritto da":"Mario Chirico","Tempo di lettura stimato":"12 minuti"},"schema":{"@context":"https:\/\/schema.org","@graph":[{"@type":"NewsArticle","@id":"https:\/\/lombardiashopping.it\/blog\/eventi-cultura\/mercatini-natale-lombardia-2025\/#article","isPartOf":{"@id":"https:\/\/lombardiashopping.it\/blog\/eventi-cultura\/mercatini-natale-lombardia-2025\/"},"author":{"name":"Mario Chirico","@id":"https:\/\/lombardiashopping.it\/blog\/#\/schema\/person\/361b68d1f526eecec4ce01db966a79c2"},"headline":"Mercatini di Natale in Lombardia 2025\/2026","datePublished":"2025-11-13T09:57:41+00:00","dateModified":"2025-11-24T10:17:31+00:00","mainEntityOfPage":{"@id":"https:\/\/lombardiashopping.it\/blog\/eventi-cultura\/mercatini-natale-lombardia-2025\/"},"wordCount":2042,"publisher":{"@id":"https:\/\/lombardiashopping.it\/blog\/#organization"},"image":{"@id":"https:\/\/lombardiashopping.it\/blog\/eventi-cultura\/mercatini-natale-lombardia-2025\/#primaryimage"},"thumbnailUrl":"https:\/\/lombardiashopping.it\/blog\/wp-content\/uploads\/2025\/11\/mercatini-di-natale-in-lombardia-2025.webp","keywords":["Natale in Lombardia"],"articleSection":["Eventi e Cultura"],"inLanguage":"it-IT","copyrightYear":"2025","copyrightHolder":{"@id":"https:\/\/lombardiashopping.it\/blog\/#organization"}},{"@type":"WebPage","@id":"https:\/\/lombardiashopping.it\/blog\/eventi-cultura\/mercatini-natale-lombardia-2025\/","url":"https:\/\/lombardiashopping.it\/blog\/eventi-cultura\/mercatini-natale-lombardia-2025\/","name":"I migliori mercatini di Natale in Lombardia nel 2025\/2026","isPartOf":{"@id":"https:\/\/lombardiashopping.it\/blog\/#website"},"primaryImageOfPage":{"@id":"https:\/\/lombardiashopping.it\/blog\/eventi-cultura\/mercatini-natale-lombardia-2025\/#primaryimage"},"image":{"@id":"https:\/\/lombardiashopping.it\/blog\/eventi-cultura\/mercatini-natale-lombardia-2025\/#primaryimage"},"thumbnailUrl":"https:\/\/lombardiashopping.it\/blog\/wp-content\/uploads\/2025\/11\/mercatini-di-natale-in-lombardia-2025.webp","datePublished":"2025-11-13T09:57:41+00:00","dateModified":"2025-11-24T10:17:31+00:00","description":"Tra fine novembre e inizio gennaio la Lombardia si riempie di mercatini natalizi, trasformando citt\u00e0 e borghi in villaggi incantati.","breadcrumb":{"@id":"https:\/\/lombardiashopping.it\/blog\/eventi-cultura\/mercatini-natale-lombardia-2025\/#breadcrumb"},"inLanguage":"it-IT","potentialAction":[{"@type":"ReadAction","target":["https:\/\/lombardiashopping.it\/blog\/eventi-cultura\/mercatini-natale-lombardia-2025\/"]}]},{"@type":"ImageObject","inLanguage":"it-IT","@id":"https:\/\/lombardiashopping.it\/blog\/eventi-cultura\/mercatini-natale-lombardia-2025\/#primaryimage","url":"https:\/\/lombardiashopping.it\/blog\/wp-content\/uploads\/2025\/11\/mercatini-di-natale-in-lombardia-2025.webp","contentUrl":"https:\/\/lombardiashopping.it\/blog\/wp-content\/uploads\/2025\/11\/mercatini-di-natale-in-lombardia-2025.webp","width":1300,"height":743,"caption":"mercatini di natale in lombardia 2025"},{"@type":"BreadcrumbList","@id":"https:\/\/lombardiashopping.it\/blog\/eventi-cultura\/mercatini-natale-lombardia-2025\/#breadcrumb","itemListElement":[{"@type":"ListItem","position":1,"name":"Lombardiablog","item":"https:\/\/lombardiashopping.it\/blog\/"},{"@type":"ListItem","position":2,"name":"Eventi e Cultura","item":"https:\/\/lombardiashopping.it\/blog\/eventi-cultura\/"},{"@type":"ListItem","position":3,"name":"Mercatini di Natale in Lombardia 2025\/2026"}]},{"@type":"WebSite","@id":"https:\/\/lombardiashopping.it\/blog\/#website","url":"https:\/\/lombardiashopping.it\/blog\/","name":"Lombardia Blog","description":"","publisher":{"@id":"https:\/\/lombardiashopping.it\/blog\/#organization"},"potentialAction":[{"@type":"SearchAction","target":{"@type":"EntryPoint","urlTemplate":"https:\/\/lombardiashopping.it\/blog\/?s={search_term_string}"},"query-input":{"@type":"PropertyValueSpecification","valueRequired":true,"valueName":"search_term_string"}}],"inLanguage":"it-IT"},{"@type":"Organization","@id":"https:\/\/lombardiashopping.it\/blog\/#organization","name":"USB","alternateName":"Ledblog Lombardia","url":"https:\/\/lombardiashopping.it\/blog\/","logo":{"@type":"ImageObject","inLanguage":"it-IT","@id":"https:\/\/lombardiashopping.it\/blog\/#\/schema\/logo\/image\/","url":"","contentUrl":"","caption":"USB"},"image":{"@id":"https:\/\/lombardiashopping.it\/blog\/#\/schema\/logo\/image\/"},"description":"Ledblog Lombardia ha lo scopo di realizzare articoli che possano mettere in risalto luoghi ed eventi di tutta la lombardia."},{"@type":"Person","@id":"https:\/\/lombardiashopping.it\/blog\/#\/schema\/person\/361b68d1f526eecec4ce01db966a79c2","name":"Mario Chirico","image":{"@type":"ImageObject","inLanguage":"it-IT","@id":"https:\/\/secure.gravatar.com\/avatar\/cebbe5fdadbd866e7a3b8531022b95bc58c735316c117136d6bf67024df1188a?s=96&d=mm&r=g","url":"https:\/\/secure.gravatar.com\/avatar\/cebbe5fdadbd866e7a3b8531022b95bc58c735316c117136d6bf67024df1188a?s=96&d=mm&r=g","contentUrl":"https:\/\/secure.gravatar.com\/avatar\/cebbe5fdadbd866e7a3b8531022b95bc58c735316c117136d6bf67024df1188a?s=96&d=mm&r=g","caption":"Mario Chirico"},"description":"Mario Chirico, classe 1999, \u00e8 dottore in Culture digitali e della comunicazione presso l'Universit\u00e0 degli Studi di Napoli \"Federico II\". Si dedica ogni giorno alla scoperta di qualcosa di nuovo da poter condividere. Insegue il sogno di visitare il mondo e di scoprirne tutto il fascino. Nel tempo libero si dedica allo sport come il calcio e la palestra."}]}},"acf":[],"_links":{"self":[{"href":"https:\/\/lombardiashopping.it\/blog\/wp-json\/wp\/v2\/posts\/8034","targetHints":{"allow":["GET"]}}],"collection":[{"href":"https:\/\/lombardiashopping.it\/blog\/wp-json\/wp\/v2\/posts"}],"about":[{"href":"https:\/\/lombardiashopping.it\/blog\/wp-json\/wp\/v2\/types\/post"}],"author":[{"embeddable":true,"href":"https:\/\/lombardiashopping.it\/blog\/wp-json\/wp\/v2\/users\/3"}],"replies":[{"embeddable":true,"href":"https:\/\/lombardiashopping.it\/blog\/wp-json\/wp\/v2\/comments?post=8034"}],"version-history":[{"count":18,"href":"https:\/\/lombardiashopping.it\/blog\/wp-json\/wp\/v2\/posts\/8034\/revisions"}],"predecessor-version":[{"id":8155,"href":"https:\/\/lombardiashopping.it\/blog\/wp-json\/wp\/v2\/posts\/8034\/revisions\/8155"}],"wp:featuredmedia":[{"embeddable":true,"href":"https:\/\/lombardiashopping.it\/blog\/wp-json\/wp\/v2\/media\/8043"}],"wp:attachment":[{"href":"https:\/\/lombardiashopping.it\/blog\/wp-json\/wp\/v2\/media?parent=8034"}],"wp:term":[{"taxonomy":"category","embeddable":true,"href":"https:\/\/lombardiashopping.it\/blog\/wp-json\/wp\/v2\/categories?post=8034"},{"taxonomy":"post_tag","embeddable":true,"href":"https:\/\/lombardiashopping.it\/blog\/wp-json\/wp\/v2\/tags?post=8034"}],"curies":[{"name":"wp","href":"https:\/\/api.w.org\/{rel}","templated":true}]}}