{"id":8352,"date":"2026-01-07T12:40:18","date_gmt":"2026-01-07T11:40:18","guid":{"rendered":"https:\/\/lombardiashopping.it\/blog\/?p=8352"},"modified":"2026-01-07T12:50:00","modified_gmt":"2026-01-07T11:50:00","slug":"falo-sant-antonio-varese-2026","status":"publish","type":"post","link":"https:\/\/lombardiashopping.it\/blog\/eventi-cultura\/falo-sant-antonio-varese-2026\/","title":{"rendered":"Fal\u00f2 di Sant&#8217;Antonio a Varese 2026: date, programma e storia"},"content":{"rendered":"\t\t<div data-elementor-type=\"wp-post\" data-elementor-id=\"8352\" class=\"elementor elementor-8352\" data-elementor-post-type=\"post\">\n\t\t\t\t<div class=\"elementor-element elementor-element-98ddbd6 e-flex e-con-boxed wpr-particle-no wpr-jarallax-no wpr-parallax-no wpr-sticky-section-no wpr-equal-height-no e-con e-parent\" data-id=\"98ddbd6\" data-element_type=\"container\" data-e-type=\"container\">\n\t\t\t\t\t<div class=\"e-con-inner\">\n\t\t\t\t<div class=\"elementor-element elementor-element-a9523fb elementor-widget elementor-widget-text-editor\" data-id=\"a9523fb\" data-element_type=\"widget\" data-e-type=\"widget\" data-widget_type=\"text-editor.default\">\n\t\t\t\t<div class=\"elementor-widget-container\">\n\t\t\t\t\t\t\t\t\t<p data-start=\"74\" data-end=\"583\">Ogni anno, tra il <strong data-start=\"260\" data-end=\"282\">16 e il 17 gennaio<\/strong>, il centro storico di Varese si raccoglie attorno a <a href=\"https:\/\/maps.app.goo.gl\/H4ebhLsYb5sS9L156\"><strong data-start=\"335\" data-end=\"357\">Piazza della Motta<\/strong><\/a>, che diventa il punto di riferimento della festivit\u00e0. Qui viene accesa la grande pira votiva dedicata a <strong data-start=\"462\" data-end=\"484\">Sant\u2019Antonio Abate<\/strong>, accompagnata da celebrazioni religiose, riti tradizionali e momenti di partecipazione collettiva.<\/p><p data-start=\"585\" data-end=\"1082\">Il <strong data-start=\"588\" data-end=\"612\">Fal\u00f2 di Sant\u2019Antonio<\/strong> unisce devozione religiosa e tradizione popolare ed \u00e8 documentato a Varese da diversi secoli. La sera del <strong data-start=\"719\" data-end=\"733\">16 gennaio<\/strong>, vigilia della festa, migliaia di persone assistono all\u2019accensione del fal\u00f2, mentre il <strong data-start=\"821\" data-end=\"835\">17 gennaio<\/strong> \u00e8 dedicato alle funzioni religiose, alla benedizione degli animali e alle iniziative conclusive. L\u2019evento \u00e8 organizzato dai <strong data-start=\"960\" data-end=\"983\">Monelli della Motta<\/strong>, in collaborazione con la parrocchia e il Comune, e coinvolge volontari, associazioni e cittadini.<\/p>\t\t\t\t\t\t\t\t<\/div>\n\t\t\t\t<\/div>\n\t\t\t\t<div class=\"elementor-element elementor-element-d18442d elementor-widget elementor-widget-heading\" data-id=\"d18442d\" data-element_type=\"widget\" data-e-type=\"widget\" data-widget_type=\"heading.default\">\n\t\t\t\t<div class=\"elementor-widget-container\">\n\t\t\t\t\t<h2 class=\"elementor-heading-title elementor-size-default\">Storia e significato del Fal\u00f2 di Sant\u2019Antonio a Varese<\/h2>\t\t\t\t<\/div>\n\t\t\t\t<\/div>\n\t\t\t\t<div class=\"elementor-element elementor-element-6e82d51 elementor-widget elementor-widget-text-editor\" data-id=\"6e82d51\" data-element_type=\"widget\" data-e-type=\"widget\" data-widget_type=\"text-editor.default\">\n\t\t\t\t<div class=\"elementor-widget-container\">\n\t\t\t\t\t\t\t\t\t<p data-start=\"292\" data-end=\"717\">Il <strong data-start=\"295\" data-end=\"330\">Fal\u00f2 di Sant\u2019Antonio alla Motta<\/strong> \u00e8 una delle tradizioni pi\u00f9 antiche e identitarie di Varese. Le prime testimonianze documentate risalgono almeno al <strong data-start=\"446\" data-end=\"460\">XVI secolo<\/strong>: gi\u00e0 nel <strong data-start=\"470\" data-end=\"478\">1572<\/strong> la festa di Sant\u2019Antonio veniva citata tra le celebrazioni ufficiali della citt\u00e0, segno di una devozione radicata nel tempo. Il quartiere della <strong data-start=\"623\" data-end=\"632\">Motta<\/strong>, dove sorge la chiesa dedicata al Santo, \u00e8 da secoli il centro di questa ricorrenza.<\/p><p data-start=\"719\" data-end=\"1193\">Figura centrale della tradizione sono i <strong data-start=\"759\" data-end=\"782\">Monelli della Motta<\/strong>, il cui nome compare nelle cronache gi\u00e0 nel <strong data-start=\"827\" data-end=\"835\">1619<\/strong>. In origine si trattava dei giovani del rione, spesso descritti come ragazzi vivaci e irrequieti, che nel tempo hanno assunto il ruolo di custodi della festa. Ancora oggi i Monelli sono i principali organizzatori del fal\u00f2 e ne garantiscono la continuit\u00e0, occupandosi dell\u2019allestimento della pira, del coordinamento degli eventi e delle iniziative benefiche.<\/p><p data-start=\"1195\" data-end=\"1665\">Il fal\u00f2 \u00e8 legato alla figura di <strong data-start=\"1227\" data-end=\"1249\">Sant\u2019Antonio Abate<\/strong>, monaco vissuto tra il III e il IV secolo, considerato il <strong data-start=\"1308\" data-end=\"1358\">protettore degli animali domestici e da stalla<\/strong>, dei contadini e del mondo rurale. Nella tradizione popolare viene spesso raffigurato con accanto un <strong data-start=\"1460\" data-end=\"1472\">maialino<\/strong>, simbolo della protezione sugli animali e della vita agricola. Non a caso, il giorno della festa \u00e8 ancora oggi caratterizzato dalla <strong data-start=\"1605\" data-end=\"1634\">benedizione degli animali<\/strong>, uno dei riti pi\u00f9 partecipati.<\/p><p data-start=\"1667\" data-end=\"2089\">Secondo la leggenda, Sant\u2019Antonio riusc\u00ec a sottrarre il <strong data-start=\"1723\" data-end=\"1732\">fuoco<\/strong> agli inferi per donarlo agli uomini. Da questo racconto nasce il significato simbolico del fal\u00f2, che rappresenta la <strong data-start=\"1849\" data-end=\"1886\">vittoria della luce sull\u2019oscurit\u00e0<\/strong>, il superamento dell\u2019inverno e l\u2019auspicio di una nuova stagione favorevole. Il fuoco assume quindi una funzione purificatrice e propiziatoria, legata alla salute, alla fertilit\u00e0 e al lavoro della terra.<\/p><p data-start=\"2091\" data-end=\"2506\">A Varese il fal\u00f2 \u00e8 accompagnato da un\u2019antica credenza popolare: la <strong data-start=\"2158\" data-end=\"2198\">direzione del fumo e delle scintille<\/strong> viene interpretata come un segnale sull\u2019anno che verr\u00e0. Se il fumo si dirige verso la citt\u00e0 \u00e8 considerato un presagio negativo, mentre se si sposta verso la campagna viene letto come segno di prosperit\u00e0. Questa lettura simbolica \u00e8 ancora oggi uno dei momenti pi\u00f9 osservati e commentati durante l\u2019accensione.<\/p><p data-start=\"2508\" data-end=\"3046\">Un altro elemento centrale della tradizione \u00e8 quello dei <strong data-start=\"2565\" data-end=\"2593\">bigliettini dei desideri<\/strong>. Secondo un detto popolare molto diffuso, <em data-start=\"2636\" data-end=\"2705\">\u201cSant\u2019Antonio dalla barba bianca fammi trovare quello che mi manca\u201d<\/em>, il Santo aiuterebbe a ritrovare ci\u00f2 che manca nella vita, che si tratti di amore, lavoro o fortuna. Per questo motivo, durante la vigilia del fal\u00f2, i fedeli scrivono desideri e propositi su piccoli foglietti che vengono poi bruciati nella pira. La tradizione vuole che il contenuto resti <strong data-start=\"2995\" data-end=\"3006\">segreto<\/strong>, affinch\u00e9 il desiderio possa avverarsi.<\/p><p data-start=\"3048\" data-end=\"3394\">In passato le <strong data-start=\"3062\" data-end=\"3081\">ceneri del fal\u00f2<\/strong> venivano raccolte e conservate nelle stalle come segno di protezione per il bestiame. Questo gesto, oggi non pi\u00f9 praticato, testimonia il forte legame tra la festa e il mondo contadino. Ancora oggi, per\u00f2, la <strong data-start=\"3290\" data-end=\"3330\">benedizione degli animali e dei pani<\/strong> richiama simbolicamente quella dimensione rurale e comunitaria.<\/p><p data-start=\"3396\" data-end=\"3861\">Nel corso del Novecento la tradizione ha attraversato momenti di difficolt\u00e0, in particolare nel periodo del primo dopoguerra, quando il fal\u00f2 rischi\u00f2 di scomparire. La ripresa definitiva avvenne negli <strong data-start=\"3596\" data-end=\"3613\">anni Sessanta<\/strong>, da cui in poi la festa \u00e8 diventata un appuntamento fisso del calendario cittadino. Anche in tempi recenti, in situazioni complesse, il rito non \u00e8 mai stato completamente interrotto, mantenendo una forte valenza<\/p>\t\t\t\t\t\t\t\t<\/div>\n\t\t\t\t<\/div>\n\t\t\t\t<div class=\"elementor-element elementor-element-1fbe581 elementor-widget elementor-widget-heading\" data-id=\"1fbe581\" data-element_type=\"widget\" data-e-type=\"widget\" data-widget_type=\"heading.default\">\n\t\t\t\t<div class=\"elementor-widget-container\">\n\t\t\t\t\t<h2 class=\"elementor-heading-title elementor-size-default\">Date, orari e programma del Fal\u00f2 di Sant\u2019Antonio a Varese 2026<\/h2>\t\t\t\t<\/div>\n\t\t\t\t<\/div>\n\t\t\t\t<div class=\"elementor-element elementor-element-989e6fc elementor-widget elementor-widget-text-editor\" data-id=\"989e6fc\" data-element_type=\"widget\" data-e-type=\"widget\" data-widget_type=\"text-editor.default\">\n\t\t\t\t<div class=\"elementor-widget-container\">\n\t\t\t\t\t\t\t\t\t<p data-start=\"272\" data-end=\"713\">Il <strong data-start=\"275\" data-end=\"308\">Fal\u00f2 di Sant\u2019Antonio a Varese<\/strong> si svolge tra <strong data-start=\"323\" data-end=\"350\">venerd\u00ec 16 gennaio 2026<\/strong>, vigilia della festa, e <strong data-start=\"375\" data-end=\"401\">sabato 17 gennaio 2026<\/strong>, giorno dedicato a <strong data-start=\"421\" data-end=\"443\">Sant\u2019Antonio Abate<\/strong>. Il cuore dell\u2019evento \u00e8 <strong data-start=\"468\" data-end=\"490\">Piazza della Motta<\/strong>, mentre le celebrazioni religiose si tengono nella <strong data-start=\"542\" data-end=\"579\">Chiesa di Sant\u2019Antonio alla Motta<\/strong>.\u00a0<\/p>\t\t\t\t\t\t\t\t<\/div>\n\t\t\t\t<\/div>\n\t\t\t\t<div class=\"elementor-element elementor-element-7624ea7 elementor-widget elementor-widget-heading\" data-id=\"7624ea7\" data-element_type=\"widget\" data-e-type=\"widget\" data-widget_type=\"heading.default\">\n\t\t\t\t<div class=\"elementor-widget-container\">\n\t\t\t\t\t<h3 class=\"elementor-heading-title elementor-size-default\">Venerd\u00ec 16 gennaio 2026<\/h3>\t\t\t\t<\/div>\n\t\t\t\t<\/div>\n\t\t\t\t<div class=\"elementor-element elementor-element-fdf6a85 elementor-widget elementor-widget-text-editor\" data-id=\"fdf6a85\" data-element_type=\"widget\" data-e-type=\"widget\" data-widget_type=\"text-editor.default\">\n\t\t\t\t<div class=\"elementor-widget-container\">\n\t\t\t\t\t\t\t\t\t<p data-start=\"784\" data-end=\"1096\">La giornata della vigilia inizia gi\u00e0 al mattino. Alle <strong data-start=\"838\" data-end=\"847\">10:00<\/strong> viene celebrata nella <strong data-start=\"870\" data-end=\"907\">Chiesa di Sant\u2019Antonio alla Motta<\/strong> la <strong data-start=\"911\" data-end=\"934\">Santa Messa solenne<\/strong>, durante la quale si svolge anche la <strong data-start=\"972\" data-end=\"1008\">benedizione delle candele votive<\/strong>. \u00c8 il primo momento ufficiale della festa e segna l\u2019avvio delle celebrazioni religiose.<\/p>\n<p data-start=\"1098\" data-end=\"1496\">Dalla mattinata, mentre la chiesa accoglie i fedeli, in <strong data-start=\"1154\" data-end=\"1176\">Piazza della Motta<\/strong> i volontari iniziano l\u2019<strong data-start=\"1200\" data-end=\"1234\">allestimento della grande pira<\/strong>, costruita al centro della piazza con <strong data-start=\"1273\" data-end=\"1313\">legna e bancali di abete certificati<\/strong>. Parallelamente prende vita la parte pi\u00f9 popolare della festa. Intorno alle <strong data-start=\"1390\" data-end=\"1399\">11:00<\/strong> aprono i <strong data-start=\"1409\" data-end=\"1432\">banchi gastronomici<\/strong> e i <strong data-start=\"1437\" data-end=\"1450\">mercatini<\/strong>, che resteranno attivi per tutta la giornata.<\/p>\n<p data-start=\"1498\" data-end=\"1925\">Passeggiando tra Piazza della Motta, <strong data-start=\"1535\" data-end=\"1552\">Via Carrobbio<\/strong> e <strong data-start=\"1555\" data-end=\"1578\">Piazza Monte Grappa<\/strong>, \u00e8 possibile gustare le <strong data-start=\"1603\" data-end=\"1638\">salamelle varesine alla griglia<\/strong>, protagoniste assolute della festa, insieme a dolci tipici, <strong data-start=\"1699\" data-end=\"1713\">mustazzitt<\/strong> alla cannella, frittelle, caldarroste e prodotti locali. Gi\u00e0 dal primo pomeriggio l\u2019area del centro storico si anima, con un flusso continuo di visitatori attratti dal profumo del cibo e dall\u2019atmosfera di festa.<\/p>\n<p data-start=\"1927\" data-end=\"2157\">Nel tardo pomeriggio, alle <strong data-start=\"1954\" data-end=\"1963\">18:00<\/strong>, nella chiesa si svolge una <strong data-start=\"1992\" data-end=\"2012\">Messa vespertina<\/strong>. Durante questa celebrazione \u00e8 possibile accendere una <strong data-start=\"2068\" data-end=\"2086\">candela votiva<\/strong> in onore di Sant\u2019Antonio, secondo una tradizione ancora molto sentita.<\/p>\n<p data-start=\"2159\" data-end=\"2523\">Sempre dalle <strong data-start=\"2172\" data-end=\"2181\">18:00<\/strong>, a pochi passi dalla piazza, il <strong data-start=\"2214\" data-end=\"2241\">Gruppo Alpini di Varese<\/strong>, nella sede di <strong data-start=\"2257\" data-end=\"2279\">Via degli Alpini 1<\/strong>, apre il proprio punto di ristoro. Qui viene proposto un rinfresco con salumi, <strong data-start=\"2359\" data-end=\"2378\">pasta e fagioli<\/strong>, <strong data-start=\"2380\" data-end=\"2397\">torta di pane<\/strong> e <strong data-start=\"2400\" data-end=\"2413\">vin brul\u00e9<\/strong>, offrendo un\u2019alternativa utile per chi desidera cenare e riscaldarsi prima del momento centrale della serata.<\/p>\n<p data-start=\"2525\" data-end=\"3174\">Con l\u2019arrivo della sera, a partire dalle <strong data-start=\"2566\" data-end=\"2575\">20:00<\/strong>, <strong data-start=\"2577\" data-end=\"2599\">Piazza della Motta<\/strong> si riempie progressivamente. La piazza si anima con <strong data-start=\"2652\" data-end=\"2688\">canti e intrattenimento musicale<\/strong>, mentre cresce l\u2019attesa per il fal\u00f2. Intorno alle <strong data-start=\"2739\" data-end=\"2748\">20:30<\/strong> prende avvio la <strong data-start=\"2765\" data-end=\"2788\">processione solenne<\/strong> con la statua di <strong data-start=\"2806\" data-end=\"2828\">Sant\u2019Antonio Abate<\/strong>, accompagnata dai <strong data-start=\"2847\" data-end=\"2870\">Monelli della Motta<\/strong>, dalle autorit\u00e0 civili e religiose e da numerosi fedeli. Il corteo attraversa <strong data-start=\"2949\" data-end=\"2970\">Via San Francesco<\/strong>, <strong data-start=\"2972\" data-end=\"2990\">Via Bernascone<\/strong>, <strong data-start=\"2992\" data-end=\"3015\">Piazza Monte Grappa<\/strong> e <strong data-start=\"3018\" data-end=\"3035\">Via Carrobbio<\/strong>, per poi concludersi in Piazza della Motta. Molti partecipanti portano <strong data-start=\"3107\" data-end=\"3126\">fiaccole accese<\/strong>, contribuendo a creare un\u2019atmosfera suggestiva.<\/p>\n<p data-start=\"3176\" data-end=\"3691\">Poco prima delle <strong data-start=\"3193\" data-end=\"3202\">21:00<\/strong>, la statua del Santo arriva in piazza e l\u2019attenzione si concentra sulla <strong data-start=\"3275\" data-end=\"3319\">catasta di legna alta circa cinque metri<\/strong>. Alle <strong data-start=\"3326\" data-end=\"3344\">21:00 in punto<\/strong> avviene l\u2019<strong data-start=\"3355\" data-end=\"3394\">accensione del Fal\u00f2 di Sant\u2019Antonio<\/strong>. Le torce vengono deposte alla base della pira da <strong data-start=\"3445\" data-end=\"3467\">Monsignor Gabriele<\/strong>, prevosto di Varese, insieme ai <strong data-start=\"3500\" data-end=\"3540\">Vigili del Fuoco in uniforme storica<\/strong>. In pochi istanti le fiamme si alzano, illuminate dal suono delle <strong data-start=\"3607\" data-end=\"3618\">campane<\/strong> della chiesa, azionate tramite l\u2019antica tastiera restaurata dai Monelli.<\/p>\n<p data-start=\"3693\" data-end=\"4304\">Il fal\u00f2 rappresenta un <strong data-start=\"3716\" data-end=\"3738\">rito propiziatorio<\/strong>: secondo la tradizione, la direzione del <strong data-start=\"3780\" data-end=\"3806\">fumo e delle scintille<\/strong> \u00e8 un segno per l\u2019anno che verr\u00e0. Se il fumo va verso la citt\u00e0 \u00e8 considerato di cattivo auspicio, se si dirige verso la campagna \u00e8 interpretato come segno di prosperit\u00e0. Molti partecipanti affidano al fuoco i propri <strong data-start=\"4022\" data-end=\"4050\">bigliettini dei desideri<\/strong>, che vengono gettati nella pira in modo anonimo, secondo l\u2019usanza popolare legata a Sant\u2019Antonio \u201cdalla barba bianca\u201d. L\u2019affluenza \u00e8 elevata: nelle ultime edizioni si sono registrate tra le <strong data-start=\"4241\" data-end=\"4270\">5.000 e le 7.000 presenze<\/strong>, numeri attesi anche per il 2026.<\/p>\n<p data-start=\"4306\" data-end=\"4655\">Per chi non riesce a essere presente, l\u2019accensione del fal\u00f2 pu\u00f2 essere seguita in <strong data-start=\"4388\" data-end=\"4409\">diretta streaming<\/strong> attraverso i media locali.<\/p>\n<p data-start=\"4306\" data-end=\"4655\">Scopri anche <a href=\"https:\/\/lombardiashopping.it\/blog\/eventi-cultura\/piatti-tipici-varese\/\">cosa mangiare a Varese<\/a>.&nbsp;<\/p>\t\t\t\t\t\t\t\t<\/div>\n\t\t\t\t<\/div>\n\t\t\t\t<div class=\"elementor-element elementor-element-02343dd elementor-widget elementor-widget-heading\" data-id=\"02343dd\" data-element_type=\"widget\" data-e-type=\"widget\" data-widget_type=\"heading.default\">\n\t\t\t\t<div class=\"elementor-widget-container\">\n\t\t\t\t\t<h3 class=\"elementor-heading-title elementor-size-default\">Sabato 17 gennaio 2026<\/h3>\t\t\t\t<\/div>\n\t\t\t\t<\/div>\n\t\t\t\t<div class=\"elementor-element elementor-element-cdc7c26 elementor-widget elementor-widget-text-editor\" data-id=\"cdc7c26\" data-element_type=\"widget\" data-e-type=\"widget\" data-widget_type=\"text-editor.default\">\n\t\t\t\t<div class=\"elementor-widget-container\">\n\t\t\t\t\t\t\t\t\t<p data-start=\"4711\" data-end=\"5002\">Il <strong data-start=\"4714\" data-end=\"4728\">17 gennaio<\/strong> \u00e8 dedicato soprattutto alla devozione religiosa. Nella <strong data-start=\"4784\" data-end=\"4821\">Chiesa di Sant\u2019Antonio alla Motta<\/strong> si susseguono le <strong data-start=\"4839\" data-end=\"4854\">Sante Messe<\/strong> del mattino, indicativamente alle <strong data-start=\"4889\" data-end=\"4918\">8:00, 9:00, 10:00 e 11:00<\/strong>. La celebrazione principale \u00e8 quella delle <strong data-start=\"4962\" data-end=\"4971\">11:00<\/strong>, molto partecipata dai fedeli.<\/p><p data-start=\"5004\" data-end=\"5394\">Subito dopo, intorno alle <strong data-start=\"5030\" data-end=\"5039\">12:00<\/strong>, sul <strong data-start=\"5045\" data-end=\"5069\">sagrato della chiesa<\/strong> si svolge il rito della <strong data-start=\"5094\" data-end=\"5134\">benedizione degli animali e dei pani<\/strong>. Vengono portati animali domestici come cani e gatti, ma anche animali meno comuni, in ricordo di Sant\u2019Antonio Abate come <strong data-start=\"5257\" data-end=\"5307\">protettore degli animali da stalla e domestici<\/strong>. Questo rito richiama le origini contadine della festa e il legame con la vita rurale.<\/p><p data-start=\"5396\" data-end=\"5660\">Verso le <strong data-start=\"5405\" data-end=\"5414\">12:15<\/strong>, i bambini delle scuole elementari partecipano al tradizionale <strong data-start=\"5478\" data-end=\"5503\">lancio dei palloncini<\/strong> colorati, ognuno contenente un bigliettino con un desiderio o un pensiero. \u00c8 uno dei momenti pi\u00f9 sentiti della giornata e coinvolge attivamente le famiglie.<\/p><p data-start=\"5662\" data-end=\"5882\">Nel pomeriggio la festa entra nella fase conclusiva. Alle <strong data-start=\"5720\" data-end=\"5729\">18:00<\/strong> viene celebrata un\u2019ulteriore <strong data-start=\"5759\" data-end=\"5776\">Messa solenne<\/strong>, alla presenza dell\u2019<strong data-start=\"5797\" data-end=\"5826\">Associazione Panificatori<\/strong>, che distribuisce il <strong data-start=\"5848\" data-end=\"5871\">Pan di Sant\u2019Antonio<\/strong> ai fedeli.<\/p><p data-start=\"5884\" data-end=\"6291\">La manifestazione si chiude in serata. Alle <strong data-start=\"5928\" data-end=\"5937\">20:30<\/strong>, presso la <strong data-start=\"5949\" data-end=\"5981\">sede dei Monelli della Motta<\/strong> in <strong data-start=\"5985\" data-end=\"6018\">Via San Francesco d\u2019Assisi 26<\/strong>, si svolge l\u2019<strong data-start=\"6032\" data-end=\"6077\">estrazione della lotteria di Sant\u2019Antonio<\/strong>. I numeri vincenti vengono pubblicati online dagli organizzatori. Il ricavato della lotteria e delle iniziative gastronomiche viene <strong data-start=\"6210\" data-end=\"6237\">devoluto in beneficenza<\/strong>, mantenendo vivo il valore solidale della tradizione.<\/p><p data-start=\"5884\" data-end=\"6291\">Scopri anche i <a href=\"https:\/\/lombardiashopping.it\/blog\/luoghi-scoprire\/borghi-varese\/\">borghi nel Varesotto<\/a>.\u00a0<\/p>\t\t\t\t\t\t\t\t<\/div>\n\t\t\t\t<\/div>\n\t\t\t\t<div class=\"elementor-element elementor-element-578ad10 elementor-widget elementor-widget-heading\" data-id=\"578ad10\" data-element_type=\"widget\" data-e-type=\"widget\" data-widget_type=\"heading.default\">\n\t\t\t\t<div class=\"elementor-widget-container\">\n\t\t\t\t\t<h2 class=\"elementor-heading-title elementor-size-default\">Come arrivare al Fal\u00f2 di Sant\u2019Antonio e dove parcheggiare<\/h2>\t\t\t\t<\/div>\n\t\t\t\t<\/div>\n\t\t\t\t<div class=\"elementor-element elementor-element-cb4d735 elementor-widget elementor-widget-text-editor\" data-id=\"cb4d735\" data-element_type=\"widget\" data-e-type=\"widget\" data-widget_type=\"text-editor.default\">\n\t\t\t\t<div class=\"elementor-widget-container\">\n\t\t\t\t\t\t\t\t\t<p data-start=\"542\" data-end=\"1141\">Chi arriva <strong data-start=\"553\" data-end=\"564\">in auto<\/strong> pu\u00f2 raggiungere Varese tramite l\u2019<strong data-start=\"598\" data-end=\"629\">Autostrada A8 Milano\u2013Varese<\/strong>, uscendo a <strong data-start=\"641\" data-end=\"655\">Varese Est<\/strong> o <strong data-start=\"658\" data-end=\"675\">Varese Centro<\/strong>. Dal casello \u00e8 sufficiente seguire le indicazioni per il <strong data-start=\"733\" data-end=\"749\">centro citt\u00e0<\/strong>. \u00c8 per\u00f2 importante sapere che <strong data-start=\"780\" data-end=\"802\">Piazza della Motta<\/strong>, cuore dell\u2019evento, si trova in una zona centrale a traffico limitato, con strade strette e numerose chiusure temporanee legate alla manifestazione. Per questo motivo \u00e8 consigliabile <strong data-start=\"986\" data-end=\"1038\">non tentare di arrivare in auto fino alla piazza<\/strong>, ma lasciare il veicolo in uno dei parcheggi pi\u00f9 esterni e proseguire <strong data-start=\"1109\" data-end=\"1120\">a piedi<\/strong> per l\u2019ultimo tratto.<\/p><p data-start=\"1143\" data-end=\"1834\">Chi preferisce il <strong data-start=\"1161\" data-end=\"1170\">treno<\/strong> pu\u00f2 contare su due stazioni principali. La <strong data-start=\"1214\" data-end=\"1236\">stazione Varese FS<\/strong>, in Piazza Trieste, \u00e8 servita dai treni regionali Trenord e TILO sulle linee Porto Ceresio\u2013Varese\u2013Gallarate\u2013Milano e sulla linea transfrontaliera da Lugano e Mendrisio. Accanto si trova la <strong data-start=\"1426\" data-end=\"1450\">stazione Varese Nord<\/strong>, capolinea della linea Milano Cadorna\u2013Saronno\u2013Varese\u2013Laveno. Da Milano il viaggio dura circa <strong data-start=\"1544\" data-end=\"1554\">un\u2019ora<\/strong>. Entrambe le stazioni distano circa <strong data-start=\"1591\" data-end=\"1612\">10 minuti a piedi<\/strong> da Piazza della Motta, seguendo via Morosini e via Maroni. In alternativa, dai piazzali delle stazioni partono autobus urbani che fermano in <strong data-start=\"1754\" data-end=\"1777\">Piazza Monte Grappa<\/strong> o <strong data-start=\"1780\" data-end=\"1799\">Piazza Beccaria<\/strong>, a pochi passi dall\u2019area del fal\u00f2.<\/p><p data-start=\"1836\" data-end=\"2390\">Per chi utilizza i <strong data-start=\"1855\" data-end=\"1880\">mezzi pubblici locali<\/strong>, Varese \u00e8 servita da una rete di autobus urbani che collegano i quartieri cittadini e i comuni limitrofi al centro. Le linee che fermano in zona <strong data-start=\"2026\" data-end=\"2049\">Piazza Monte Grappa<\/strong> o <strong data-start=\"2052\" data-end=\"2078\">Piazza Vittorio Veneto<\/strong> consentono di raggiungere Piazza della Motta in pochi minuti a piedi. Sono presenti anche linee extraurbane che convergono in centro. Va considerato che la sera del <strong data-start=\"2244\" data-end=\"2258\">16 gennaio<\/strong>, dopo le <strong data-start=\"2268\" data-end=\"2277\">20:00<\/strong>, il servizio autobus \u00e8 ridotto; in caso di necessit\u00e0 \u00e8 possibile utilizzare il <strong data-start=\"2357\" data-end=\"2374\">servizio taxi<\/strong> dalla stazione.<\/p>\t\t\t\t\t\t\t\t<\/div>\n\t\t\t\t<\/div>\n\t\t\t\t<div class=\"elementor-element elementor-element-4519252 elementor-widget elementor-widget-heading\" data-id=\"4519252\" data-element_type=\"widget\" data-e-type=\"widget\" data-widget_type=\"heading.default\">\n\t\t\t\t<div class=\"elementor-widget-container\">\n\t\t\t\t\t<h3 class=\"elementor-heading-title elementor-size-default\">Parcheggi in zona e pi\u00f9 vicini<\/h3>\t\t\t\t<\/div>\n\t\t\t\t<\/div>\n\t\t\t\t<div class=\"elementor-element elementor-element-5b332c0 elementor-widget elementor-widget-text-editor\" data-id=\"5b332c0\" data-element_type=\"widget\" data-e-type=\"widget\" data-widget_type=\"text-editor.default\">\n\t\t\t\t<div class=\"elementor-widget-container\">\n\t\t\t\t\t\t\t\t\t<p data-start=\"2415\" data-end=\"2809\">Il parcheggio pi\u00f9 vicino all\u2019area dell\u2019evento \u00e8 l\u2019<strong data-start=\"2465\" data-end=\"2511\">Autosilo ACI di Via San Francesco d\u2019Assisi<\/strong>, situato subito dietro Piazza della Motta, accanto ai Giardini Estensi. Tuttavia, essendo all\u2019interno dell\u2019area interessata dal fal\u00f2, questo parcheggio \u00e8 <strong data-start=\"2666\" data-end=\"2717\">accessibile solo fino alle 19:00 del 16 gennaio<\/strong>; successivamente l\u2019accesso viene chiuso e riaperto indicativamente intorno alla mezzanotte.<\/p><p data-start=\"2811\" data-end=\"3114\">Tra le alternative pi\u00f9 comode ci sono il <strong data-start=\"2852\" data-end=\"2872\">Parking Le Corti<\/strong>, parcheggio multipiano in <strong data-start=\"2899\" data-end=\"2920\">Piazza Repubblica<\/strong>, e il <strong data-start=\"2927\" data-end=\"2950\">Parcheggio Sempione<\/strong>, in <strong data-start=\"2955\" data-end=\"2971\">Via Sempione<\/strong>, nella zona delle stazioni. Entrambi sono <strong data-start=\"3014\" data-end=\"3037\">aperti 24 ore su 24<\/strong>, a pagamento, e distano circa <strong data-start=\"3068\" data-end=\"3091\">5\u201310 minuti a piedi<\/strong> da Piazza della Motta.<\/p><p data-start=\"3116\" data-end=\"3570\">In citt\u00e0 sono presenti anche molti <strong data-start=\"3151\" data-end=\"3187\">parcheggi a raso con strisce blu<\/strong>. Dopo le <strong data-start=\"3197\" data-end=\"3206\">20:00<\/strong>, la sosta su queste strisce non tariffate \u00e8 generalmente gratuita, ma \u00e8 fondamentale ricordare che <strong data-start=\"3306\" data-end=\"3387\">nelle vie chiuse per la manifestazione non \u00e8 comunque consentito parcheggiare<\/strong>. Una soluzione pratica pu\u00f2 essere cercare posto in <strong data-start=\"3439\" data-end=\"3455\">Viale Europa<\/strong>, nella zona del sottopasso Gaggianello, o in aree leggermente pi\u00f9 periferiche e poi raggiungere il centro a piedi.<\/p><p data-start=\"3572\" data-end=\"3877\">Per chi cerca un\u2019opzione economica, sono disponibili i parcheggi di <strong data-start=\"3640\" data-end=\"3654\">Via Cimone<\/strong> e <strong data-start=\"3657\" data-end=\"3677\">Piazzale Kennedy<\/strong>, nei pressi dello stadio. Il costo \u00e8 contenuto, con tariffa giornaliera intorno ai <strong data-start=\"3761\" data-end=\"3771\">2 euro<\/strong> (fino alle 20:00, poi gratuito), ma da qui occorre camminare <strong data-start=\"3833\" data-end=\"3849\">10\u201315 minuti<\/strong> per arrivare in zona Motta.<\/p>\t\t\t\t\t\t\t\t<\/div>\n\t\t\t\t<\/div>\n\t\t\t\t<div class=\"elementor-element elementor-element-aae9afe elementor-widget elementor-widget-heading\" data-id=\"aae9afe\" data-element_type=\"widget\" data-e-type=\"widget\" data-widget_type=\"heading.default\">\n\t\t\t\t<div class=\"elementor-widget-container\">\n\t\t\t\t\t<h3 class=\"elementor-heading-title elementor-size-default\">Viabilit\u00e0 e chiusure<\/h3>\t\t\t\t<\/div>\n\t\t\t\t<\/div>\n\t\t\t\t<div class=\"elementor-element elementor-element-0ce6695 elementor-widget elementor-widget-text-editor\" data-id=\"0ce6695\" data-element_type=\"widget\" data-e-type=\"widget\" data-widget_type=\"text-editor.default\">\n\t\t\t\t<div class=\"elementor-widget-container\">\n\t\t\t\t\t\t\t\t\t<p data-start=\"3905\" data-end=\"4552\">Durante i giorni del fal\u00f2, diverse strade del <strong data-start=\"3951\" data-end=\"3969\">centro storico<\/strong> vengono chiuse al traffico per motivi di sicurezza. <strong data-start=\"4022\" data-end=\"4044\">Piazza della Motta<\/strong>, <strong data-start=\"4046\" data-end=\"4063\">Via Carrobbio<\/strong> e <strong data-start=\"4066\" data-end=\"4084\">Via Bernascone<\/strong> (nel tratto adiacente alla piazza) restano interdette ai veicoli dal mattino di <strong data-start=\"4165\" data-end=\"4187\">venerd\u00ec 16 gennaio<\/strong> fino alla conclusione dell\u2019evento, presumibilmente nella notte di <strong data-start=\"4254\" data-end=\"4275\">sabato 17 gennaio<\/strong>. Ulteriori chiusure temporanee interessano <strong data-start=\"4319\" data-end=\"4333\">Via Lonati<\/strong>, <strong data-start=\"4335\" data-end=\"4352\">Via Bizzozero<\/strong> e <strong data-start=\"4355\" data-end=\"4376\">Via San Francesco<\/strong>, soprattutto nella fascia serale del 16 gennaio, indicativamente dalle <strong data-start=\"4448\" data-end=\"4467\">19:00 alle 2:00<\/strong>, e durante la benedizione degli animali del 17 gennaio, tra le <strong data-start=\"4531\" data-end=\"4551\">10:00 e le 13:00<\/strong>.<\/p><p data-start=\"4554\" data-end=\"4806\">Per il pubblico generale vige il <strong data-start=\"4587\" data-end=\"4617\">divieto di accesso in auto<\/strong> nell\u2019area dell\u2019evento. \u00c8 quindi fortemente sconsigliato tentare di avvicinarsi a Piazza della Motta in macchina la sera del 16 gennaio: l\u2019ultimo tratto va percorso necessariamente a piedi.<\/p>\t\t\t\t\t\t\t\t<\/div>\n\t\t\t\t<\/div>\n\t\t\t\t<div class=\"elementor-element elementor-element-951d265 elementor-widget elementor-widget-heading\" data-id=\"951d265\" data-element_type=\"widget\" data-e-type=\"widget\" data-widget_type=\"heading.default\">\n\t\t\t\t<div class=\"elementor-widget-container\">\n\t\t\t\t\t<h3 class=\"elementor-heading-title elementor-size-default\">Accesso pedonale e gestione dei flussi<\/h3>\t\t\t\t<\/div>\n\t\t\t\t<\/div>\n\t\t\t\t<div class=\"elementor-element elementor-element-5262cb9 elementor-widget elementor-widget-text-editor\" data-id=\"5262cb9\" data-element_type=\"widget\" data-e-type=\"widget\" data-widget_type=\"text-editor.default\">\n\t\t\t\t<div class=\"elementor-widget-container\">\n\t\t\t\t\t\t\t\t\t<p data-start=\"4852\" data-end=\"5365\">Considerata la grande affluenza prevista, l\u2019accesso a Piazza della Motta \u00e8 regolato da un <strong data-start=\"4942\" data-end=\"4977\">sistema di senso unico pedonale<\/strong>. L\u2019ingresso principale avviene da <strong data-start=\"5012\" data-end=\"5019\">sud<\/strong>, passando da <strong data-start=\"5033\" data-end=\"5072\">Piazza Monte Grappa e Via Carrobbio<\/strong>, mentre l\u2019uscita \u00e8 indirizzata verso <strong data-start=\"5110\" data-end=\"5127\">Via Bizzozero<\/strong> o <strong data-start=\"5130\" data-end=\"5144\">Via Lonati<\/strong>. \u00c8 previsto anche un ingresso da <strong data-start=\"5178\" data-end=\"5186\">nord<\/strong>, tramite <strong data-start=\"5196\" data-end=\"5216\">Via Sant\u2019Antonio<\/strong>, il vicolo a fianco della chiesa che sale da Corso Matteotti; da questo lato l\u2019uscita avviene solo su Via Lonati, in direzione dei Giardini Estensi.<\/p><p data-start=\"5367\" data-end=\"5873\">Gli accessi diretti a Piazza della Motta da <strong data-start=\"5411\" data-end=\"5425\">Via Lonati<\/strong> e <strong data-start=\"5428\" data-end=\"5445\">Via Bizzozero<\/strong> non sono consentiti, poich\u00e9 queste strade vengono utilizzate esclusivamente come vie di uscita. Volontari e personale addetto, riconoscibili dalle pettorine, presidiano i varchi e indirizzano il flusso dei visitatori. In caso di afflusso superiore alla capienza di sicurezza della piazza, gli ingressi possono essere <strong data-start=\"5763\" data-end=\"5796\">temporaneamente contingentati<\/strong>. In queste situazioni \u00e8 importante seguire le indicazioni fornite sul posto.<\/p>\t\t\t\t\t\t\t\t<\/div>\n\t\t\t\t<\/div>\n\t\t\t\t\t<\/div>\n\t\t\t\t<\/div>\n\t\t\t\t<\/div>\n\t\t","protected":false},"excerpt":{"rendered":"<p>In questa guida dedicata all\u2019edizione 2026, troverai tutte le informazioni utili per partecipare: date e orari, programma completo, origine e significato della tradizione, oltre alle indicazioni pratiche su accessi, viabilit\u00e0, parcheggi e sicurezza. Un contenuto pensato per chi vuole vivere il Fal\u00f2 di Sant\u2019Antonio a Varese in modo consapevole e organizzato.<\/p>\n","protected":false},"author":3,"featured_media":8353,"comment_status":"closed","ping_status":"open","sticky":false,"template":"","format":"standard","meta":{"footnotes":""},"categories":[3],"tags":[],"class_list":["post-8352","post","type-post","status-publish","format-standard","has-post-thumbnail","hentry","category-eventi-cultura"],"yoast_head":"<!-- This site is optimized with the Yoast SEO Premium plugin v27.4 (Yoast SEO v27.4) - https:\/\/yoast.com\/product\/yoast-seo-premium-wordpress\/ -->\n<title>Fal\u00f2 di Sant&#039;Antonio a Varese 2026: date, programma e storia<\/title>\n<meta name=\"description\" content=\"Il fal\u00f2 di Sant&#039;Antonio ritorna il 16 e il 17 Gennaio 2026 presso Piazza della Motta di Varese. Ecco le informazioni utili.\" \/>\n<meta name=\"robots\" content=\"index, follow, max-snippet:-1, max-image-preview:large, max-video-preview:-1\" \/>\n<link rel=\"canonical\" href=\"https:\/\/lombardiashopping.it\/blog\/eventi-cultura\/falo-sant-antonio-varese-2026\/\" \/>\n<meta property=\"og:locale\" content=\"it_IT\" \/>\n<meta property=\"og:type\" content=\"article\" \/>\n<meta property=\"og:title\" content=\"Fal\u00f2 di Sant&#039;Antonio a Varese 2026: date, programma e storia\" \/>\n<meta property=\"og:description\" content=\"Il fal\u00f2 di Sant&#039;Antonio ritorna il 16 e il 17 Gennaio 2026 presso Piazza della Motta di Varese. Ecco le informazioni utili.\" \/>\n<meta property=\"og:url\" content=\"https:\/\/lombardiashopping.it\/blog\/eventi-cultura\/falo-sant-antonio-varese-2026\/\" \/>\n<meta property=\"og:site_name\" content=\"Blog Lombardia\" \/>\n<meta property=\"article:published_time\" content=\"2026-01-07T11:40:18+00:00\" \/>\n<meta property=\"article:modified_time\" content=\"2026-01-07T11:50:00+00:00\" \/>\n<meta property=\"og:image\" content=\"https:\/\/lombardiashopping.it\/blog\/wp-content\/uploads\/2026\/01\/falo-di-santantonio-abate-varese-2026.webp\" \/>\n\t<meta property=\"og:image:width\" content=\"1000\" \/>\n\t<meta property=\"og:image:height\" content=\"668\" \/>\n\t<meta property=\"og:image:type\" content=\"image\/webp\" \/>\n<meta name=\"author\" content=\"Mario Chirico\" \/>\n<meta name=\"twitter:card\" content=\"summary_large_image\" \/>\n<meta name=\"twitter:label1\" content=\"Scritto da\" \/>\n\t<meta name=\"twitter:data1\" content=\"Mario Chirico\" \/>\n\t<meta name=\"twitter:label2\" content=\"Tempo di lettura stimato\" \/>\n\t<meta name=\"twitter:data2\" content=\"13 minuti\" \/>\n<script type=\"application\/ld+json\" class=\"yoast-schema-graph\">{\"@context\":\"https:\\\/\\\/schema.org\",\"@graph\":[{\"@type\":\"NewsArticle\",\"@id\":\"https:\\\/\\\/lombardiashopping.it\\\/blog\\\/eventi-cultura\\\/falo-sant-antonio-varese-2026\\\/#article\",\"isPartOf\":{\"@id\":\"https:\\\/\\\/lombardiashopping.it\\\/blog\\\/eventi-cultura\\\/falo-sant-antonio-varese-2026\\\/\"},\"author\":{\"name\":\"Mario Chirico\",\"@id\":\"https:\\\/\\\/lombardiashopping.it\\\/blog\\\/#\\\/schema\\\/person\\\/361b68d1f526eecec4ce01db966a79c2\"},\"headline\":\"Fal\u00f2 di Sant&#8217;Antonio a Varese 2026: date, programma e storia\",\"datePublished\":\"2026-01-07T11:40:18+00:00\",\"dateModified\":\"2026-01-07T11:50:00+00:00\",\"mainEntityOfPage\":{\"@id\":\"https:\\\/\\\/lombardiashopping.it\\\/blog\\\/eventi-cultura\\\/falo-sant-antonio-varese-2026\\\/\"},\"wordCount\":2274,\"publisher\":{\"@id\":\"https:\\\/\\\/lombardiashopping.it\\\/blog\\\/#organization\"},\"image\":{\"@id\":\"https:\\\/\\\/lombardiashopping.it\\\/blog\\\/eventi-cultura\\\/falo-sant-antonio-varese-2026\\\/#primaryimage\"},\"thumbnailUrl\":\"https:\\\/\\\/lombardiashopping.it\\\/blog\\\/wp-content\\\/uploads\\\/2026\\\/01\\\/falo-di-santantonio-abate-varese-2026.webp\",\"articleSection\":[\"Eventi e Cultura\"],\"inLanguage\":\"it-IT\",\"copyrightYear\":\"2026\",\"copyrightHolder\":{\"@id\":\"https:\\\/\\\/lombardiashopping.it\\\/blog\\\/#organization\"}},{\"@type\":\"WebPage\",\"@id\":\"https:\\\/\\\/lombardiashopping.it\\\/blog\\\/eventi-cultura\\\/falo-sant-antonio-varese-2026\\\/\",\"url\":\"https:\\\/\\\/lombardiashopping.it\\\/blog\\\/eventi-cultura\\\/falo-sant-antonio-varese-2026\\\/\",\"name\":\"Fal\u00f2 di Sant'Antonio a Varese 2026: date, programma e storia\",\"isPartOf\":{\"@id\":\"https:\\\/\\\/lombardiashopping.it\\\/blog\\\/#website\"},\"primaryImageOfPage\":{\"@id\":\"https:\\\/\\\/lombardiashopping.it\\\/blog\\\/eventi-cultura\\\/falo-sant-antonio-varese-2026\\\/#primaryimage\"},\"image\":{\"@id\":\"https:\\\/\\\/lombardiashopping.it\\\/blog\\\/eventi-cultura\\\/falo-sant-antonio-varese-2026\\\/#primaryimage\"},\"thumbnailUrl\":\"https:\\\/\\\/lombardiashopping.it\\\/blog\\\/wp-content\\\/uploads\\\/2026\\\/01\\\/falo-di-santantonio-abate-varese-2026.webp\",\"datePublished\":\"2026-01-07T11:40:18+00:00\",\"dateModified\":\"2026-01-07T11:50:00+00:00\",\"description\":\"Il fal\u00f2 di Sant'Antonio ritorna il 16 e il 17 Gennaio 2026 presso Piazza della Motta di Varese. Ecco le informazioni utili.\",\"breadcrumb\":{\"@id\":\"https:\\\/\\\/lombardiashopping.it\\\/blog\\\/eventi-cultura\\\/falo-sant-antonio-varese-2026\\\/#breadcrumb\"},\"inLanguage\":\"it-IT\",\"potentialAction\":[{\"@type\":\"ReadAction\",\"target\":[\"https:\\\/\\\/lombardiashopping.it\\\/blog\\\/eventi-cultura\\\/falo-sant-antonio-varese-2026\\\/\"]}]},{\"@type\":\"ImageObject\",\"inLanguage\":\"it-IT\",\"@id\":\"https:\\\/\\\/lombardiashopping.it\\\/blog\\\/eventi-cultura\\\/falo-sant-antonio-varese-2026\\\/#primaryimage\",\"url\":\"https:\\\/\\\/lombardiashopping.it\\\/blog\\\/wp-content\\\/uploads\\\/2026\\\/01\\\/falo-di-santantonio-abate-varese-2026.webp\",\"contentUrl\":\"https:\\\/\\\/lombardiashopping.it\\\/blog\\\/wp-content\\\/uploads\\\/2026\\\/01\\\/falo-di-santantonio-abate-varese-2026.webp\",\"width\":1000,\"height\":668,\"caption\":\"fal\u00f2 di sant'antonio abate varese 2026\"},{\"@type\":\"BreadcrumbList\",\"@id\":\"https:\\\/\\\/lombardiashopping.it\\\/blog\\\/eventi-cultura\\\/falo-sant-antonio-varese-2026\\\/#breadcrumb\",\"itemListElement\":[{\"@type\":\"ListItem\",\"position\":1,\"name\":\"Lombardiablog\",\"item\":\"https:\\\/\\\/lombardiashopping.it\\\/blog\\\/\"},{\"@type\":\"ListItem\",\"position\":2,\"name\":\"Eventi e Cultura\",\"item\":\"https:\\\/\\\/lombardiashopping.it\\\/blog\\\/eventi-cultura\\\/\"},{\"@type\":\"ListItem\",\"position\":3,\"name\":\"Fal\u00f2 di Sant&#8217;Antonio a Varese 2026: date, programma e storia\"}]},{\"@type\":\"WebSite\",\"@id\":\"https:\\\/\\\/lombardiashopping.it\\\/blog\\\/#website\",\"url\":\"https:\\\/\\\/lombardiashopping.it\\\/blog\\\/\",\"name\":\"Lombardia Blog\",\"description\":\"\",\"publisher\":{\"@id\":\"https:\\\/\\\/lombardiashopping.it\\\/blog\\\/#organization\"},\"potentialAction\":[{\"@type\":\"SearchAction\",\"target\":{\"@type\":\"EntryPoint\",\"urlTemplate\":\"https:\\\/\\\/lombardiashopping.it\\\/blog\\\/?s={search_term_string}\"},\"query-input\":{\"@type\":\"PropertyValueSpecification\",\"valueRequired\":true,\"valueName\":\"search_term_string\"}}],\"inLanguage\":\"it-IT\"},{\"@type\":\"Organization\",\"@id\":\"https:\\\/\\\/lombardiashopping.it\\\/blog\\\/#organization\",\"name\":\"USB\",\"alternateName\":\"Ledblog Lombardia\",\"url\":\"https:\\\/\\\/lombardiashopping.it\\\/blog\\\/\",\"logo\":{\"@type\":\"ImageObject\",\"inLanguage\":\"it-IT\",\"@id\":\"https:\\\/\\\/lombardiashopping.it\\\/blog\\\/#\\\/schema\\\/logo\\\/image\\\/\",\"url\":\"\",\"contentUrl\":\"\",\"caption\":\"USB\"},\"image\":{\"@id\":\"https:\\\/\\\/lombardiashopping.it\\\/blog\\\/#\\\/schema\\\/logo\\\/image\\\/\"},\"description\":\"Ledblog Lombardia ha lo scopo di realizzare articoli che possano mettere in risalto luoghi ed eventi di tutta la lombardia.\"},{\"@type\":\"Person\",\"@id\":\"https:\\\/\\\/lombardiashopping.it\\\/blog\\\/#\\\/schema\\\/person\\\/361b68d1f526eecec4ce01db966a79c2\",\"name\":\"Mario Chirico\",\"image\":{\"@type\":\"ImageObject\",\"inLanguage\":\"it-IT\",\"@id\":\"https:\\\/\\\/secure.gravatar.com\\\/avatar\\\/cebbe5fdadbd866e7a3b8531022b95bc58c735316c117136d6bf67024df1188a?s=96&d=mm&r=g\",\"url\":\"https:\\\/\\\/secure.gravatar.com\\\/avatar\\\/cebbe5fdadbd866e7a3b8531022b95bc58c735316c117136d6bf67024df1188a?s=96&d=mm&r=g\",\"contentUrl\":\"https:\\\/\\\/secure.gravatar.com\\\/avatar\\\/cebbe5fdadbd866e7a3b8531022b95bc58c735316c117136d6bf67024df1188a?s=96&d=mm&r=g\",\"caption\":\"Mario Chirico\"},\"description\":\"Mario Chirico, classe 1999, \u00e8 dottore in Culture digitali e della comunicazione presso l'Universit\u00e0 degli Studi di Napoli \\\"Federico II\\\". Si dedica ogni giorno alla scoperta di qualcosa di nuovo da poter condividere. Insegue il sogno di visitare il mondo e di scoprirne tutto il fascino. Nel tempo libero si dedica allo sport come il calcio e la palestra.\"}]}<\/script>\n<!-- \/ Yoast SEO Premium plugin. -->","yoast_head_json":{"title":"Fal\u00f2 di Sant'Antonio a Varese 2026: date, programma e storia","description":"Il fal\u00f2 di Sant'Antonio ritorna il 16 e il 17 Gennaio 2026 presso Piazza della Motta di Varese. Ecco le informazioni utili.","robots":{"index":"index","follow":"follow","max-snippet":"max-snippet:-1","max-image-preview":"max-image-preview:large","max-video-preview":"max-video-preview:-1"},"canonical":"https:\/\/lombardiashopping.it\/blog\/eventi-cultura\/falo-sant-antonio-varese-2026\/","og_locale":"it_IT","og_type":"article","og_title":"Fal\u00f2 di Sant'Antonio a Varese 2026: date, programma e storia","og_description":"Il fal\u00f2 di Sant'Antonio ritorna il 16 e il 17 Gennaio 2026 presso Piazza della Motta di Varese. Ecco le informazioni utili.","og_url":"https:\/\/lombardiashopping.it\/blog\/eventi-cultura\/falo-sant-antonio-varese-2026\/","og_site_name":"Blog Lombardia","article_published_time":"2026-01-07T11:40:18+00:00","article_modified_time":"2026-01-07T11:50:00+00:00","og_image":[{"width":1000,"height":668,"url":"https:\/\/lombardiashopping.it\/blog\/wp-content\/uploads\/2026\/01\/falo-di-santantonio-abate-varese-2026.webp","type":"image\/webp"}],"author":"Mario Chirico","twitter_card":"summary_large_image","twitter_misc":{"Scritto da":"Mario Chirico","Tempo di lettura stimato":"13 minuti"},"schema":{"@context":"https:\/\/schema.org","@graph":[{"@type":"NewsArticle","@id":"https:\/\/lombardiashopping.it\/blog\/eventi-cultura\/falo-sant-antonio-varese-2026\/#article","isPartOf":{"@id":"https:\/\/lombardiashopping.it\/blog\/eventi-cultura\/falo-sant-antonio-varese-2026\/"},"author":{"name":"Mario Chirico","@id":"https:\/\/lombardiashopping.it\/blog\/#\/schema\/person\/361b68d1f526eecec4ce01db966a79c2"},"headline":"Fal\u00f2 di Sant&#8217;Antonio a Varese 2026: date, programma e storia","datePublished":"2026-01-07T11:40:18+00:00","dateModified":"2026-01-07T11:50:00+00:00","mainEntityOfPage":{"@id":"https:\/\/lombardiashopping.it\/blog\/eventi-cultura\/falo-sant-antonio-varese-2026\/"},"wordCount":2274,"publisher":{"@id":"https:\/\/lombardiashopping.it\/blog\/#organization"},"image":{"@id":"https:\/\/lombardiashopping.it\/blog\/eventi-cultura\/falo-sant-antonio-varese-2026\/#primaryimage"},"thumbnailUrl":"https:\/\/lombardiashopping.it\/blog\/wp-content\/uploads\/2026\/01\/falo-di-santantonio-abate-varese-2026.webp","articleSection":["Eventi e Cultura"],"inLanguage":"it-IT","copyrightYear":"2026","copyrightHolder":{"@id":"https:\/\/lombardiashopping.it\/blog\/#organization"}},{"@type":"WebPage","@id":"https:\/\/lombardiashopping.it\/blog\/eventi-cultura\/falo-sant-antonio-varese-2026\/","url":"https:\/\/lombardiashopping.it\/blog\/eventi-cultura\/falo-sant-antonio-varese-2026\/","name":"Fal\u00f2 di Sant'Antonio a Varese 2026: date, programma e storia","isPartOf":{"@id":"https:\/\/lombardiashopping.it\/blog\/#website"},"primaryImageOfPage":{"@id":"https:\/\/lombardiashopping.it\/blog\/eventi-cultura\/falo-sant-antonio-varese-2026\/#primaryimage"},"image":{"@id":"https:\/\/lombardiashopping.it\/blog\/eventi-cultura\/falo-sant-antonio-varese-2026\/#primaryimage"},"thumbnailUrl":"https:\/\/lombardiashopping.it\/blog\/wp-content\/uploads\/2026\/01\/falo-di-santantonio-abate-varese-2026.webp","datePublished":"2026-01-07T11:40:18+00:00","dateModified":"2026-01-07T11:50:00+00:00","description":"Il fal\u00f2 di Sant'Antonio ritorna il 16 e il 17 Gennaio 2026 presso Piazza della Motta di Varese. Ecco le informazioni utili.","breadcrumb":{"@id":"https:\/\/lombardiashopping.it\/blog\/eventi-cultura\/falo-sant-antonio-varese-2026\/#breadcrumb"},"inLanguage":"it-IT","potentialAction":[{"@type":"ReadAction","target":["https:\/\/lombardiashopping.it\/blog\/eventi-cultura\/falo-sant-antonio-varese-2026\/"]}]},{"@type":"ImageObject","inLanguage":"it-IT","@id":"https:\/\/lombardiashopping.it\/blog\/eventi-cultura\/falo-sant-antonio-varese-2026\/#primaryimage","url":"https:\/\/lombardiashopping.it\/blog\/wp-content\/uploads\/2026\/01\/falo-di-santantonio-abate-varese-2026.webp","contentUrl":"https:\/\/lombardiashopping.it\/blog\/wp-content\/uploads\/2026\/01\/falo-di-santantonio-abate-varese-2026.webp","width":1000,"height":668,"caption":"fal\u00f2 di sant'antonio abate varese 2026"},{"@type":"BreadcrumbList","@id":"https:\/\/lombardiashopping.it\/blog\/eventi-cultura\/falo-sant-antonio-varese-2026\/#breadcrumb","itemListElement":[{"@type":"ListItem","position":1,"name":"Lombardiablog","item":"https:\/\/lombardiashopping.it\/blog\/"},{"@type":"ListItem","position":2,"name":"Eventi e Cultura","item":"https:\/\/lombardiashopping.it\/blog\/eventi-cultura\/"},{"@type":"ListItem","position":3,"name":"Fal\u00f2 di Sant&#8217;Antonio a Varese 2026: date, programma e storia"}]},{"@type":"WebSite","@id":"https:\/\/lombardiashopping.it\/blog\/#website","url":"https:\/\/lombardiashopping.it\/blog\/","name":"Lombardia Blog","description":"","publisher":{"@id":"https:\/\/lombardiashopping.it\/blog\/#organization"},"potentialAction":[{"@type":"SearchAction","target":{"@type":"EntryPoint","urlTemplate":"https:\/\/lombardiashopping.it\/blog\/?s={search_term_string}"},"query-input":{"@type":"PropertyValueSpecification","valueRequired":true,"valueName":"search_term_string"}}],"inLanguage":"it-IT"},{"@type":"Organization","@id":"https:\/\/lombardiashopping.it\/blog\/#organization","name":"USB","alternateName":"Ledblog Lombardia","url":"https:\/\/lombardiashopping.it\/blog\/","logo":{"@type":"ImageObject","inLanguage":"it-IT","@id":"https:\/\/lombardiashopping.it\/blog\/#\/schema\/logo\/image\/","url":"","contentUrl":"","caption":"USB"},"image":{"@id":"https:\/\/lombardiashopping.it\/blog\/#\/schema\/logo\/image\/"},"description":"Ledblog Lombardia ha lo scopo di realizzare articoli che possano mettere in risalto luoghi ed eventi di tutta la lombardia."},{"@type":"Person","@id":"https:\/\/lombardiashopping.it\/blog\/#\/schema\/person\/361b68d1f526eecec4ce01db966a79c2","name":"Mario Chirico","image":{"@type":"ImageObject","inLanguage":"it-IT","@id":"https:\/\/secure.gravatar.com\/avatar\/cebbe5fdadbd866e7a3b8531022b95bc58c735316c117136d6bf67024df1188a?s=96&d=mm&r=g","url":"https:\/\/secure.gravatar.com\/avatar\/cebbe5fdadbd866e7a3b8531022b95bc58c735316c117136d6bf67024df1188a?s=96&d=mm&r=g","contentUrl":"https:\/\/secure.gravatar.com\/avatar\/cebbe5fdadbd866e7a3b8531022b95bc58c735316c117136d6bf67024df1188a?s=96&d=mm&r=g","caption":"Mario Chirico"},"description":"Mario Chirico, classe 1999, \u00e8 dottore in Culture digitali e della comunicazione presso l'Universit\u00e0 degli Studi di Napoli \"Federico II\". Si dedica ogni giorno alla scoperta di qualcosa di nuovo da poter condividere. Insegue il sogno di visitare il mondo e di scoprirne tutto il fascino. Nel tempo libero si dedica allo sport come il calcio e la palestra."}]}},"acf":[],"_links":{"self":[{"href":"https:\/\/lombardiashopping.it\/blog\/wp-json\/wp\/v2\/posts\/8352","targetHints":{"allow":["GET"]}}],"collection":[{"href":"https:\/\/lombardiashopping.it\/blog\/wp-json\/wp\/v2\/posts"}],"about":[{"href":"https:\/\/lombardiashopping.it\/blog\/wp-json\/wp\/v2\/types\/post"}],"author":[{"embeddable":true,"href":"https:\/\/lombardiashopping.it\/blog\/wp-json\/wp\/v2\/users\/3"}],"replies":[{"embeddable":true,"href":"https:\/\/lombardiashopping.it\/blog\/wp-json\/wp\/v2\/comments?post=8352"}],"version-history":[{"count":13,"href":"https:\/\/lombardiashopping.it\/blog\/wp-json\/wp\/v2\/posts\/8352\/revisions"}],"predecessor-version":[{"id":8366,"href":"https:\/\/lombardiashopping.it\/blog\/wp-json\/wp\/v2\/posts\/8352\/revisions\/8366"}],"wp:featuredmedia":[{"embeddable":true,"href":"https:\/\/lombardiashopping.it\/blog\/wp-json\/wp\/v2\/media\/8353"}],"wp:attachment":[{"href":"https:\/\/lombardiashopping.it\/blog\/wp-json\/wp\/v2\/media?parent=8352"}],"wp:term":[{"taxonomy":"category","embeddable":true,"href":"https:\/\/lombardiashopping.it\/blog\/wp-json\/wp\/v2\/categories?post=8352"},{"taxonomy":"post_tag","embeddable":true,"href":"https:\/\/lombardiashopping.it\/blog\/wp-json\/wp\/v2\/tags?post=8352"}],"curies":[{"name":"wp","href":"https:\/\/api.w.org\/{rel}","templated":true}]}}