{"id":9832,"date":"2026-09-02T12:27:35","date_gmt":"2026-09-02T10:27:35","guid":{"rendered":"https:\/\/lombardiashopping.it\/blog\/?p=9832"},"modified":"2026-09-02T12:27:38","modified_gmt":"2026-09-02T10:27:38","slug":"settimana-fungo-valtorta-2026","status":"publish","type":"post","link":"https:\/\/lombardiashopping.it\/blog\/eventi-cultura\/sagre-feste\/settimana-fungo-valtorta-2026\/","title":{"rendered":"Aspettando la Settimana del Fungo a Valtorta 2026"},"content":{"rendered":"<p>Tra il <strong>4\u20136<\/strong> e l\u2019<strong>11\u201313 settembre 2026<\/strong> l\u2019Alta Valle Brembana ospita \u201c<strong>Aspettando\u2026 la Settimana del Fungo<\/strong>\u201d: una rassegna diffusa tra <strong>Valtorta<\/strong> e altri comuni, con mercatini, produttori locali, escursioni, laboratori per bambini e appuntamenti musicali (anche all\u2019alba).<\/p>\n<h2><span style=\"color: #ffffff; background-color: #9c369d;\">Cosa fare ad Aspettando la Settimana del Fungo<\/span><\/h2>\n<p>La rassegna si sviluppa attorno a due filoni: <strong>funghi e gastronomia locale<\/strong> da una parte, <strong>attivit\u00e0 outdoor<\/strong> dall\u2019altra. Il programma \u00e8 distribuito in pi\u00f9 paesi dell\u2019<strong>Alta Valle Brembana<\/strong> e propone iniziative diverse per interessi ed et\u00e0.<\/p>\n<p>Per chi vuole assaggiare e conoscere chi produce, il punto di riferimento sono <strong>mercatini<\/strong> e incontri con <strong>produttori locali<\/strong> e <strong>aziende agricole aperte<\/strong>. Non mancano pranzi, degustazioni e momenti dedicati alle tradizioni del territorio.<\/p>\n<p>Chi preferisce muoversi a piedi pu\u00f2 scegliere tra <strong>escursioni e attivit\u00e0 outdoor<\/strong>, anche in formula famiglia. Tra le proposte in evidenza c\u2019\u00e8 un\u2019<strong>escursione inclusiva in lingua dei segni<\/strong> ai <strong>Piani dell\u2019Avaro<\/strong>, pensata per ampliare l\u2019accessibilit\u00e0 dell\u2019uscita.<\/p>\n<p>Per le famiglie con bambini sono previsti <strong>laboratori<\/strong> e attivit\u00e0 in piccoli gruppi: nel quadro prezzi compaiono, ad esempio, <strong>esplorazione del micromondo<\/strong> (<strong>3\u20ac<\/strong>), <strong>laboratorio creativo<\/strong> (<strong>5\u20ac<\/strong>) ed <strong>escursione famiglie<\/strong> (<strong>5\u20ac<\/strong>). Se si vuole aggiungere una tappa gastronomica, sono indicate anche <strong>merenda km 0<\/strong> (<strong>6\u20ac<\/strong>) e <strong>colazione in quota<\/strong> (<strong>8\u20ac<\/strong>).<\/p>\n<h3><span style=\"color: #9c369d;\">Appuntamenti straordinari:<\/span><\/h3>\n<ul>\n<li><strong>Apericena in musica<\/strong> in <strong>Via Porticata ad Averara<\/strong>, con techno folk e <strong>Lanto<\/strong> (<strong>19:30<\/strong>).<\/li>\n<li><strong>Concerto a lume di candela<\/strong> a <strong>Cusio<\/strong> con <strong>Quartetto \u00c9lite<\/strong> (<strong>11 settembre<\/strong>, <strong>21:00<\/strong>).<\/li>\n<li><strong>Concerto all\u2019alba<\/strong> al <strong>Passo San Marco<\/strong> con <strong>Quartetto Arkiris<\/strong> (<strong>13 settembre<\/strong>, <strong>6:30<\/strong>).<\/li>\n<\/ul>\n<p>Tra le iniziative legate al lavoro in montagna rientra la <strong>Fiera del bestiame con gara di mungitura<\/strong> a <strong>Valtorta<\/strong>, con dimostrazioni e confronto tra partecipanti.<\/p>\n<p>Per chi cerca un\u2019attivit\u00e0 diversa dal solito, il programma include la <strong>notte al Parco Avventura di Piazzatorre con tende sospese<\/strong> (quota indicata: <strong>50\u20ac<\/strong>). Per alcune attivit\u00e0 \u00e8 prevista <strong>prenotazione<\/strong> e i posti possono essere <strong>limitati<\/strong>, soprattutto per esperienze guidate, laboratori e iniziative notturne.<\/p>\n<h2><span style=\"color: #ffffff; background-color: #9c369d;\">Programma e tappe principali<\/span><\/h2>\n<p>\u201cAspettando\u2026 la Settimana del Fungo\u201d si concentra su <strong>due fine settimana di settembre<\/strong> e include una <strong>mostra collegata<\/strong> che copre l\u2019estate fino ai primi giorni di settembre.<\/p>\n<p>Gli appuntamenti si distribuiscono tra pi\u00f9 comuni dell\u2019<strong>Alta Valle Brembana<\/strong>: <strong>Valtorta<\/strong> (comune di riferimento), <strong>Piazza Brembana<\/strong>, <strong>Averara<\/strong>, <strong>Olmo al Brembo<\/strong>, <strong>Piazzatorre<\/strong>, <strong>Santa Brigida<\/strong>, <strong>Cassiglio<\/strong>, <strong>Cusio<\/strong>, <strong>Ornica<\/strong>, <strong>Mezzoldo<\/strong>. Nella stessa giornata si possono alternare attivit\u00e0 in paese (mercatini, produttori, proposte gastronomiche) e appuntamenti in quota (escursioni, colazioni, concerti all\u2019alba).<\/p>\n<h3><span style=\"color: #9c369d;\">Mostra in rassegna: \u201cCucina Baschenis\u201d<\/span><\/h3>\n<p>Nel percorso di avvicinamento alla rassegna rientra la mostra <strong>\u201cCucina Baschenis\u201d<\/strong>, in programma <strong>dal 5 luglio al 6 settembre 2026<\/strong>. La durata permette di inserirla anche al di fuori dei due weekend principali.<\/p>\n<h3><span style=\"color: #9c369d;\">Date dei due weekend (settembre 2026)<\/span><\/h3>\n<p><strong>4\u20136 settembre 2026<\/strong>: prima parte della rassegna nei comuni dell\u2019Alta Valle Brembana.<\/p>\n<p><strong>11\u201313 settembre 2026<\/strong>: seconda parte della rassegna, sempre diffusa tra i comuni coinvolti.<\/p>\n<h2><span style=\"color: #ffffff; background-color: #9c369d;\">Informazioni pratiche (date, luoghi, orari, biglietti, come arrivare)<\/span><\/h2>\n<h3><span style=\"color: #9c369d;\">Date<\/span><\/h3>\n<ul>\n<li><strong>Rassegna<\/strong>: <strong>dal 4 al 6 settembre 2026<\/strong> e <strong>dall\u201911 al 13 settembre 2026<\/strong>.<\/li>\n<li><strong>Mostra collegata<\/strong>: <strong>dal 5 luglio al 6 settembre 2026<\/strong> (\u201cCucina Baschenis\u201d).<\/li>\n<\/ul>\n<h3><span style=\"color: #9c369d;\">Luoghi e comuni<\/span><\/h3>\n<p>Gli eventi sono distribuiti in <strong>vari luoghi dell\u2019Alta Valle Brembana<\/strong> (Lombardia): <strong>Valtorta<\/strong>, <strong>Piazza Brembana<\/strong>, <strong>Averara<\/strong>, <strong>Olmo al Brembo<\/strong>, <strong>Piazzatorre<\/strong>, <strong>Santa Brigida<\/strong>, <strong>Cassiglio<\/strong>, <strong>Cusio<\/strong>, <strong>Ornica<\/strong>, <strong>Mezzoldo<\/strong>. Alcune tappe sono legate a sedi precise: <strong>Via Porticata ad Averara<\/strong> (apericena in musica), <strong>Cusio<\/strong> (concerto a lume di candela), <strong>Passo San Marco<\/strong> (concerto all\u2019alba), <strong>Piani dell\u2019Avaro<\/strong> (escursione inclusiva), <strong>Piazzatorre<\/strong> (notte al Parco Avventura).<\/p>\n<h3><span style=\"color: #9c369d;\">Orari<\/span><\/h3>\n<p>Gli orari variano a seconda dell\u2019evento. Nel quadro indicativo compaiono fasce come <strong>11:00\u201312:30<\/strong> e <strong>10:00\u201318:00<\/strong>, oltre a orari puntuali come <strong>19:30<\/strong>, <strong>21:00<\/strong> e <strong>6:30<\/strong> (per gli appuntamenti all\u2019alba). Prima di partire \u00e8 utile controllare l\u2019orario del singolo appuntamento, soprattutto per escursioni e attivit\u00e0 con posti limitati.<\/p>\n<h3><span style=\"color: #9c369d;\">Biglietti e prezzi<\/span><\/h3>\n<ul>\n<li><strong>Ingresso<\/strong>: molti eventi sono <strong>a ingresso libero<\/strong>.<\/li>\n<li><strong>Attivit\u00e0 a pagamento<\/strong> (quote indicate): passeggiata culturale <strong>5\u20ac<\/strong>; passeggiata con degustazioni <strong>14\u20ac<\/strong>; laboratorio creativo <strong>5\u20ac<\/strong>; esplorazione micromondo <strong>3\u20ac<\/strong>; merenda km 0 <strong>6\u20ac<\/strong>; colazione in quota <strong>8\u20ac<\/strong>; escursione famiglie <strong>5\u20ac<\/strong>; laboratorio bambini al Parco Avventura <strong>10\u20ac<\/strong> + <strong>5\u20ac<\/strong> ingresso parco; <strong>Notte sospesa<\/strong> <strong>50\u20ac<\/strong>.<\/li>\n<\/ul>\n<p>Alcuni appuntamenti possono richiedere <strong>prenotazione<\/strong> o prevedere <strong>posti limitati<\/strong>, in particolare attivit\u00e0 guidate, laboratori e l\u2019esperienza notturna con tende sospese.<\/p>\n<h3><span style=\"color: #9c369d;\">Come arrivare<\/span><\/h3>\n<p>Le indicazioni su parcheggi, navette e collegamenti tra i comuni vengono comunicate con i dettagli organizzativi della rassegna. Se si pianificano pi\u00f9 tappe tra <strong>Valtorta<\/strong>, <strong>Averara<\/strong>, <strong>Cusio<\/strong>, <strong>Piazzatorre<\/strong> e <strong>Passo San Marco<\/strong>, conviene verificare in anticipo gli aggiornamenti ufficiali sugli spostamenti.<\/p>\n<h2><span style=\"color: #ffffff; background-color: #9c369d;\">Domande frequenti<\/span><\/h2>\n<p><strong>1. Quando si svolge Aspettando\u2026 la Settimana del Fungo a Valtorta 2026?<\/strong><br \/>\nDal <strong>4 al 6 settembre<\/strong> e dall\u2019<strong>11 al 13 settembre 2026<\/strong>. La mostra \u201c<strong>Cucina Baschenis<\/strong>\u201d \u00e8 in calendario dal <strong>5 luglio al 6 settembre 2026<\/strong>.<\/p>\n<p><strong>2. Quali sono gli eventi speciali segnalati nel programma?<\/strong><br \/>\n<strong>Concerto a lume di candela a Cusio<\/strong> con <strong>Quartetto \u00c9lite<\/strong> (<strong>11 settembre<\/strong>), <strong>concerto all\u2019alba al Passo San Marco<\/strong> con <strong>Quartetto Arkiris<\/strong> (<strong>13 settembre<\/strong>), <strong>Notte sospesa<\/strong> al Parco Avventura di <strong>Piazzatorre<\/strong>, <strong>apericena in musica<\/strong> in <strong>Via Porticata ad Averara<\/strong> con <strong>Lanto<\/strong>.<\/p>\n<p><strong>3. La rassegna \u00e8 gratuita o ci sono attivit\u00e0 a pagamento?<\/strong><br \/>\n<strong>Molti appuntamenti sono a ingresso libero<\/strong>, ma sono previste attivit\u00e0 a pagamento con quote indicate (per esempio <strong>5\u20ac<\/strong>, <strong>14\u20ac<\/strong>, <strong>50\u20ac<\/strong>). Alcuni eventi possono richiedere <strong>prenotazione<\/strong>.<\/p>\n<p>Per organizzarti, segna in agenda le due finestre della rassegna (<strong>4\u20136<\/strong> e <strong>11\u201313 settembre 2026<\/strong>) e costruisci un itinerario tra <strong>Valtorta<\/strong> e i comuni dell\u2019<strong>Alta Valle Brembana<\/strong>, combinando una tappa gastronomica, un\u2019escursione e uno degli appuntamenti musicali (a <strong>Cusio<\/strong> o al <strong>Passo San Marco<\/strong>).<\/p>\n<p><!-- NOTE REVIEW: Ho reso il testo pi\u00f9 scorrevole e meno ripetitivo, accorciando frasi ridondanti e variando gli incipit dei paragrafi. Ho ridotto le ripetizioni su \u201cprogramma\/rassegna\u201d e concentrato le informazioni pratiche senza aggiungere nuovi dati. Ho corretto l\u2019heading \u201cFAQ\u201d in \u201cDomande frequenti\u201d e trasformato la sezione \u201cCall to action\u201d in un semplice paragrafo finale, come richiesto. --><\/p>\n","protected":false},"excerpt":{"rendered":"<p>Tra il 4\u20136 e l\u201911\u201313 settembre 2026 l\u2019Alta Valle Brembana ospita \u201cAspettando\u2026 la Settimana del Fungo\u201d: una rassegna diffusa tra Valtorta e altri comuni, con mercatini, produttori locali, escursioni, laboratori per bambini e appuntamenti musicali (anche all\u2019alba). Cosa fare ad Aspettando la Settimana del Fungo La rassegna si sviluppa attorno a due filoni: funghi e gastronomia locale da una parte, attivit\u00e0 outdoor dall\u2019altra. Il programma \u00e8 distribuito in pi\u00f9 paesi dell\u2019Alta Valle Brembana e propone iniziative diverse per interessi ed et\u00e0. Per chi vuole assaggiare e conoscere chi produce, il punto di riferimento sono mercatini e incontri con produttori locali e aziende agricole aperte. Non mancano pranzi, degustazioni e momenti dedicati alle tradizioni del territorio. Chi preferisce muoversi a piedi pu\u00f2 scegliere tra escursioni e attivit\u00e0 outdoor, anche in formula famiglia. Tra le proposte in evidenza c\u2019\u00e8 un\u2019escursione inclusiva in lingua dei segni ai Piani dell\u2019Avaro, pensata per ampliare l\u2019accessibilit\u00e0 dell\u2019uscita. Per le famiglie con bambini sono previsti laboratori e attivit\u00e0 in piccoli gruppi: nel quadro prezzi compaiono, ad esempio, esplorazione del micromondo (3\u20ac), laboratorio creativo (5\u20ac) ed escursione famiglie (5\u20ac). Se si vuole aggiungere una tappa gastronomica, sono indicate anche merenda km 0 (6\u20ac) e colazione in quota (8\u20ac). Appuntamenti straordinari: Apericena in musica in Via Porticata ad Averara, con techno folk e Lanto (19:30). Concerto a lume di candela a Cusio con Quartetto \u00c9lite (11 settembre, 21:00). Concerto all\u2019alba al Passo San Marco con Quartetto Arkiris (13 settembre, 6:30). Tra le iniziative legate al lavoro in montagna rientra la Fiera del bestiame con gara di mungitura a Valtorta, con dimostrazioni e confronto tra partecipanti. Per chi cerca un\u2019attivit\u00e0 diversa dal solito, il programma include la notte al Parco Avventura di Piazzatorre con tende sospese (quota indicata: 50\u20ac). Per alcune attivit\u00e0 \u00e8 prevista prenotazione e i posti possono essere limitati, soprattutto per esperienze guidate, laboratori e iniziative notturne. Programma e tappe principali \u201cAspettando\u2026 la Settimana del Fungo\u201d si concentra su due fine settimana di settembre e include una mostra collegata che copre l\u2019estate fino ai primi giorni di settembre. Gli appuntamenti si distribuiscono tra pi\u00f9 comuni dell\u2019Alta Valle Brembana: Valtorta (comune di riferimento), Piazza Brembana, Averara, Olmo al Brembo, Piazzatorre, Santa Brigida, Cassiglio, Cusio, Ornica, Mezzoldo. Nella stessa giornata si possono alternare attivit\u00e0 in paese (mercatini, produttori, proposte gastronomiche) e appuntamenti in quota (escursioni, colazioni, concerti all\u2019alba). Mostra in rassegna: \u201cCucina Baschenis\u201d Nel percorso di avvicinamento alla rassegna rientra la mostra \u201cCucina Baschenis\u201d, in programma dal 5 luglio al 6 settembre 2026. La durata permette di inserirla anche al di fuori dei due weekend principali. Date dei due weekend (settembre 2026) 4\u20136 settembre 2026: prima parte della rassegna nei comuni dell\u2019Alta Valle Brembana. 11\u201313 settembre 2026: seconda parte della rassegna, sempre diffusa tra i comuni coinvolti. Informazioni pratiche (date, luoghi, orari, biglietti, come arrivare) Date Rassegna: dal 4 al 6 settembre 2026 e dall\u201911 al 13 settembre 2026. Mostra collegata: dal 5 luglio al 6 settembre 2026 (\u201cCucina Baschenis\u201d). Luoghi e comuni Gli eventi sono distribuiti in vari luoghi dell\u2019Alta Valle Brembana (Lombardia): Valtorta, Piazza Brembana, Averara, Olmo al Brembo, Piazzatorre, Santa Brigida, Cassiglio, Cusio, Ornica, Mezzoldo. Alcune tappe sono legate a sedi precise: Via Porticata ad Averara (apericena in musica), Cusio (concerto a lume di candela), Passo San Marco (concerto all\u2019alba), Piani dell\u2019Avaro (escursione inclusiva), Piazzatorre (notte al Parco Avventura). Orari Gli orari variano a seconda dell\u2019evento. Nel quadro indicativo compaiono fasce come 11:00\u201312:30 e 10:00\u201318:00, oltre a orari puntuali come 19:30, 21:00 e 6:30 (per gli appuntamenti all\u2019alba). Prima di partire \u00e8 utile controllare l\u2019orario del singolo appuntamento, soprattutto per escursioni e attivit\u00e0 con posti limitati. Biglietti e prezzi Ingresso: molti eventi sono a ingresso libero. Attivit\u00e0 a pagamento (quote indicate): passeggiata culturale 5\u20ac; passeggiata con degustazioni 14\u20ac; laboratorio creativo 5\u20ac; esplorazione micromondo 3\u20ac; merenda km 0 6\u20ac; colazione in quota 8\u20ac; escursione famiglie 5\u20ac; laboratorio bambini al Parco Avventura 10\u20ac + 5\u20ac ingresso parco; Notte sospesa 50\u20ac. Alcuni appuntamenti possono richiedere prenotazione o prevedere posti limitati, in particolare attivit\u00e0 guidate, laboratori e l\u2019esperienza notturna con tende sospese. Come arrivare Le indicazioni su parcheggi, navette e collegamenti tra i comuni vengono comunicate con i dettagli organizzativi della rassegna. Se si pianificano pi\u00f9 tappe tra Valtorta, Averara, Cusio, Piazzatorre e Passo San Marco, conviene verificare in anticipo gli aggiornamenti ufficiali sugli spostamenti. Domande frequenti 1. Quando si svolge Aspettando\u2026 la Settimana del Fungo a Valtorta 2026? Dal 4 al 6 settembre e dall\u201911 al 13 settembre 2026. La mostra \u201cCucina Baschenis\u201d \u00e8 in calendario dal 5 luglio al 6 settembre 2026. 2. Quali sono gli eventi speciali segnalati nel programma? Concerto a lume di candela a Cusio con Quartetto \u00c9lite (11 settembre), concerto all\u2019alba al Passo San Marco con Quartetto Arkiris (13 settembre), Notte sospesa al Parco Avventura di Piazzatorre, apericena in musica in Via Porticata ad Averara con Lanto. 3. La rassegna \u00e8 gratuita o ci sono attivit\u00e0 a pagamento? Molti appuntamenti sono a ingresso libero, ma sono previste attivit\u00e0 a pagamento con quote indicate (per esempio 5\u20ac, 14\u20ac, 50\u20ac). Alcuni eventi possono richiedere prenotazione. Per organizzarti, segna in agenda le due finestre della rassegna (4\u20136 e 11\u201313 settembre 2026) e costruisci un itinerario tra Valtorta e i comuni dell\u2019Alta Valle Brembana, combinando una tappa gastronomica, un\u2019escursione e uno degli appuntamenti musicali (a Cusio o al Passo San Marco).<\/p>\n","protected":false},"author":6,"featured_media":9836,"comment_status":"closed","ping_status":"open","sticky":false,"template":"","format":"standard","meta":{"footnotes":""},"categories":[152],"tags":[],"class_list":["post-9832","post","type-post","status-publish","format-standard","has-post-thumbnail","hentry","category-sagre-feste"],"yoast_head":"<!-- This site is optimized with the Yoast SEO plugin v28.4 - https:\/\/yoast.com\/product\/yoast-seo-wordpress\/ -->\n<title>Festa del Fungo Valle Brembana 2026: Programma e Date<\/title>\n<meta name=\"description\" content=\"Scopri &quot;Aspettando la Settimana del Fungo&quot; in Alta Valle Brembana dal 4 al 13 settembre 2026: eventi, concerti, mercatini e info utili.\" \/>\n<meta name=\"robots\" content=\"index, follow, max-snippet:-1, max-image-preview:large, max-video-preview:-1\" \/>\n<link rel=\"canonical\" href=\"https:\/\/lombardiashopping.it\/blog\/eventi-cultura\/sagre-feste\/settimana-fungo-valtorta-2026\/\" \/>\n<meta property=\"og:locale\" content=\"it_IT\" \/>\n<meta property=\"og:type\" content=\"article\" \/>\n<meta property=\"og:title\" content=\"Festa del Fungo Valle Brembana 2026: Programma e Date\" \/>\n<meta property=\"og:description\" content=\"Scopri &quot;Aspettando la Settimana del Fungo&quot; in Alta Valle Brembana dal 4 al 13 settembre 2026: eventi, concerti, mercatini e info utili.\" \/>\n<meta property=\"og:url\" content=\"https:\/\/lombardiashopping.it\/blog\/eventi-cultura\/sagre-feste\/settimana-fungo-valtorta-2026\/\" \/>\n<meta property=\"og:site_name\" content=\"Blog Lombardia\" \/>\n<meta property=\"article:published_time\" content=\"2026-09-02T10:27:35+00:00\" \/>\n<meta property=\"article:modified_time\" content=\"2026-09-02T10:27:38+00:00\" \/>\n<meta property=\"og:image\" content=\"https:\/\/lombardiashopping.it\/blog\/wp-content\/uploads\/2026\/09\/settimana-del-fungo.jpg\" \/>\n\t<meta property=\"og:image:width\" content=\"2560\" \/>\n\t<meta property=\"og:image:height\" content=\"1700\" \/>\n\t<meta property=\"og:image:type\" content=\"image\/jpeg\" \/>\n<meta name=\"author\" content=\"Melanie Canobbio\" \/>\n<meta name=\"twitter:card\" content=\"summary_large_image\" \/>\n<meta name=\"twitter:label1\" content=\"Scritto da\" \/>\n\t<meta name=\"twitter:data1\" content=\"Melanie Canobbio\" \/>\n\t<meta name=\"twitter:label2\" content=\"Tempo di lettura stimato\" \/>\n\t<meta name=\"twitter:data2\" content=\"5 minuti\" \/>\n<script type=\"application\/ld+json\" class=\"yoast-schema-graph\">{\"@context\":\"https:\\\/\\\/schema.org\",\"@graph\":[{\"@type\":[\"Article\",\"BlogPosting\"],\"@id\":\"https:\\\/\\\/lombardiashopping.it\\\/blog\\\/eventi-cultura\\\/sagre-feste\\\/settimana-fungo-valtorta-2026\\\/#article\",\"isPartOf\":{\"@id\":\"https:\\\/\\\/lombardiashopping.it\\\/blog\\\/eventi-cultura\\\/sagre-feste\\\/settimana-fungo-valtorta-2026\\\/\"},\"author\":{\"name\":\"Melanie Canobbio\",\"@id\":\"https:\\\/\\\/lombardiashopping.it\\\/blog\\\/#\\\/schema\\\/person\\\/f6e7e48471b4ff305a6158c5576daa3e\"},\"headline\":\"Aspettando la Settimana del Fungo a Valtorta 2026\",\"datePublished\":\"2026-09-02T10:27:35+00:00\",\"dateModified\":\"2026-09-02T10:27:38+00:00\",\"mainEntityOfPage\":{\"@id\":\"https:\\\/\\\/lombardiashopping.it\\\/blog\\\/eventi-cultura\\\/sagre-feste\\\/settimana-fungo-valtorta-2026\\\/\"},\"wordCount\":842,\"publisher\":{\"@id\":\"https:\\\/\\\/lombardiashopping.it\\\/blog\\\/#organization\"},\"image\":{\"@id\":\"https:\\\/\\\/lombardiashopping.it\\\/blog\\\/eventi-cultura\\\/sagre-feste\\\/settimana-fungo-valtorta-2026\\\/#primaryimage\"},\"thumbnailUrl\":\"https:\\\/\\\/lombardiashopping.it\\\/blog\\\/wp-content\\\/uploads\\\/2026\\\/09\\\/settimana-del-fungo.jpg\",\"articleSection\":[\"Sagre e Festivit\u00e0\"],\"inLanguage\":\"it-IT\"},{\"@type\":\"WebPage\",\"@id\":\"https:\\\/\\\/lombardiashopping.it\\\/blog\\\/eventi-cultura\\\/sagre-feste\\\/settimana-fungo-valtorta-2026\\\/\",\"url\":\"https:\\\/\\\/lombardiashopping.it\\\/blog\\\/eventi-cultura\\\/sagre-feste\\\/settimana-fungo-valtorta-2026\\\/\",\"name\":\"Festa del Fungo Valle Brembana 2026: Programma e Date\",\"isPartOf\":{\"@id\":\"https:\\\/\\\/lombardiashopping.it\\\/blog\\\/#website\"},\"primaryImageOfPage\":{\"@id\":\"https:\\\/\\\/lombardiashopping.it\\\/blog\\\/eventi-cultura\\\/sagre-feste\\\/settimana-fungo-valtorta-2026\\\/#primaryimage\"},\"image\":{\"@id\":\"https:\\\/\\\/lombardiashopping.it\\\/blog\\\/eventi-cultura\\\/sagre-feste\\\/settimana-fungo-valtorta-2026\\\/#primaryimage\"},\"thumbnailUrl\":\"https:\\\/\\\/lombardiashopping.it\\\/blog\\\/wp-content\\\/uploads\\\/2026\\\/09\\\/settimana-del-fungo.jpg\",\"datePublished\":\"2026-09-02T10:27:35+00:00\",\"dateModified\":\"2026-09-02T10:27:38+00:00\",\"description\":\"Scopri \\\"Aspettando la Settimana del Fungo\\\" in Alta Valle Brembana dal 4 al 13 settembre 2026: eventi, concerti, mercatini e info utili.\",\"breadcrumb\":{\"@id\":\"https:\\\/\\\/lombardiashopping.it\\\/blog\\\/eventi-cultura\\\/sagre-feste\\\/settimana-fungo-valtorta-2026\\\/#breadcrumb\"},\"inLanguage\":\"it-IT\",\"potentialAction\":[{\"@type\":\"ReadAction\",\"target\":[\"https:\\\/\\\/lombardiashopping.it\\\/blog\\\/eventi-cultura\\\/sagre-feste\\\/settimana-fungo-valtorta-2026\\\/\"]}]},{\"@type\":\"ImageObject\",\"inLanguage\":\"it-IT\",\"@id\":\"https:\\\/\\\/lombardiashopping.it\\\/blog\\\/eventi-cultura\\\/sagre-feste\\\/settimana-fungo-valtorta-2026\\\/#primaryimage\",\"url\":\"https:\\\/\\\/lombardiashopping.it\\\/blog\\\/wp-content\\\/uploads\\\/2026\\\/09\\\/settimana-del-fungo.jpg\",\"contentUrl\":\"https:\\\/\\\/lombardiashopping.it\\\/blog\\\/wp-content\\\/uploads\\\/2026\\\/09\\\/settimana-del-fungo.jpg\",\"width\":2560,\"height\":1700},{\"@type\":\"BreadcrumbList\",\"@id\":\"https:\\\/\\\/lombardiashopping.it\\\/blog\\\/eventi-cultura\\\/sagre-feste\\\/settimana-fungo-valtorta-2026\\\/#breadcrumb\",\"itemListElement\":[{\"@type\":\"ListItem\",\"position\":1,\"name\":\"Lombardiablog\",\"item\":\"https:\\\/\\\/lombardiashopping.it\\\/blog\\\/\"},{\"@type\":\"ListItem\",\"position\":2,\"name\":\"Eventi e Cultura\",\"item\":\"https:\\\/\\\/lombardiashopping.it\\\/blog\\\/eventi-cultura\\\/\"},{\"@type\":\"ListItem\",\"position\":3,\"name\":\"Sagre e Festivit\u00e0\",\"item\":\"https:\\\/\\\/lombardiashopping.it\\\/blog\\\/eventi-cultura\\\/sagre-feste\\\/\"},{\"@type\":\"ListItem\",\"position\":4,\"name\":\"Aspettando la Settimana del Fungo a Valtorta 2026\"}]},{\"@type\":\"WebSite\",\"@id\":\"https:\\\/\\\/lombardiashopping.it\\\/blog\\\/#website\",\"url\":\"https:\\\/\\\/lombardiashopping.it\\\/blog\\\/\",\"name\":\"Lombardia Blog\",\"description\":\"\",\"publisher\":{\"@id\":\"https:\\\/\\\/lombardiashopping.it\\\/blog\\\/#organization\"},\"potentialAction\":[{\"@type\":\"SearchAction\",\"target\":{\"@type\":\"EntryPoint\",\"urlTemplate\":\"https:\\\/\\\/lombardiashopping.it\\\/blog\\\/?s={search_term_string}\"},\"query-input\":{\"@type\":\"PropertyValueSpecification\",\"valueRequired\":true,\"valueName\":\"search_term_string\"}}],\"inLanguage\":\"it-IT\"},{\"@type\":\"Organization\",\"@id\":\"https:\\\/\\\/lombardiashopping.it\\\/blog\\\/#organization\",\"name\":\"USB\",\"alternateName\":\"Ledblog Lombardia\",\"url\":\"https:\\\/\\\/lombardiashopping.it\\\/blog\\\/\",\"logo\":{\"@type\":\"ImageObject\",\"inLanguage\":\"it-IT\",\"@id\":\"https:\\\/\\\/lombardiashopping.it\\\/blog\\\/#\\\/schema\\\/logo\\\/image\\\/\",\"url\":\"\",\"contentUrl\":\"\",\"caption\":\"USB\"},\"image\":{\"@id\":\"https:\\\/\\\/lombardiashopping.it\\\/blog\\\/#\\\/schema\\\/logo\\\/image\\\/\"}},{\"@type\":\"Person\",\"@id\":\"https:\\\/\\\/lombardiashopping.it\\\/blog\\\/#\\\/schema\\\/person\\\/f6e7e48471b4ff305a6158c5576daa3e\",\"name\":\"Melanie Canobbio\",\"image\":{\"@type\":\"ImageObject\",\"inLanguage\":\"it-IT\",\"@id\":\"https:\\\/\\\/secure.gravatar.com\\\/avatar\\\/2a43ddbffc620d9829f65d7b03c508c4acbb8e3d65afee9c2652f91bf5b7de7c?s=96&d=mm&r=g\",\"url\":\"https:\\\/\\\/secure.gravatar.com\\\/avatar\\\/2a43ddbffc620d9829f65d7b03c508c4acbb8e3d65afee9c2652f91bf5b7de7c?s=96&d=mm&r=g\",\"contentUrl\":\"https:\\\/\\\/secure.gravatar.com\\\/avatar\\\/2a43ddbffc620d9829f65d7b03c508c4acbb8e3d65afee9c2652f91bf5b7de7c?s=96&d=mm&r=g\",\"caption\":\"Melanie Canobbio\"}}]}<\/script>\n<!-- \/ Yoast SEO plugin. -->","yoast_head_json":{"title":"Festa del Fungo Valle Brembana 2026: Programma e Date","description":"Scopri \"Aspettando la Settimana del Fungo\" in Alta Valle Brembana dal 4 al 13 settembre 2026: eventi, concerti, mercatini e info utili.","robots":{"index":"index","follow":"follow","max-snippet":"max-snippet:-1","max-image-preview":"max-image-preview:large","max-video-preview":"max-video-preview:-1"},"canonical":"https:\/\/lombardiashopping.it\/blog\/eventi-cultura\/sagre-feste\/settimana-fungo-valtorta-2026\/","og_locale":"it_IT","og_type":"article","og_title":"Festa del Fungo Valle Brembana 2026: Programma e Date","og_description":"Scopri \"Aspettando la Settimana del Fungo\" in Alta Valle Brembana dal 4 al 13 settembre 2026: eventi, concerti, mercatini e info utili.","og_url":"https:\/\/lombardiashopping.it\/blog\/eventi-cultura\/sagre-feste\/settimana-fungo-valtorta-2026\/","og_site_name":"Blog Lombardia","article_published_time":"2026-09-02T10:27:35+00:00","article_modified_time":"2026-09-02T10:27:38+00:00","og_image":[{"width":2560,"height":1700,"url":"https:\/\/lombardiashopping.it\/blog\/wp-content\/uploads\/2026\/09\/settimana-del-fungo.jpg","type":"image\/jpeg"}],"author":"Melanie Canobbio","twitter_card":"summary_large_image","twitter_misc":{"Scritto da":"Melanie Canobbio","Tempo di lettura stimato":"5 minuti"},"schema":{"@context":"https:\/\/schema.org","@graph":[{"@type":["Article","BlogPosting"],"@id":"https:\/\/lombardiashopping.it\/blog\/eventi-cultura\/sagre-feste\/settimana-fungo-valtorta-2026\/#article","isPartOf":{"@id":"https:\/\/lombardiashopping.it\/blog\/eventi-cultura\/sagre-feste\/settimana-fungo-valtorta-2026\/"},"author":{"name":"Melanie Canobbio","@id":"https:\/\/lombardiashopping.it\/blog\/#\/schema\/person\/f6e7e48471b4ff305a6158c5576daa3e"},"headline":"Aspettando la Settimana del Fungo a Valtorta 2026","datePublished":"2026-09-02T10:27:35+00:00","dateModified":"2026-09-02T10:27:38+00:00","mainEntityOfPage":{"@id":"https:\/\/lombardiashopping.it\/blog\/eventi-cultura\/sagre-feste\/settimana-fungo-valtorta-2026\/"},"wordCount":842,"publisher":{"@id":"https:\/\/lombardiashopping.it\/blog\/#organization"},"image":{"@id":"https:\/\/lombardiashopping.it\/blog\/eventi-cultura\/sagre-feste\/settimana-fungo-valtorta-2026\/#primaryimage"},"thumbnailUrl":"https:\/\/lombardiashopping.it\/blog\/wp-content\/uploads\/2026\/09\/settimana-del-fungo.jpg","articleSection":["Sagre e Festivit\u00e0"],"inLanguage":"it-IT"},{"@type":"WebPage","@id":"https:\/\/lombardiashopping.it\/blog\/eventi-cultura\/sagre-feste\/settimana-fungo-valtorta-2026\/","url":"https:\/\/lombardiashopping.it\/blog\/eventi-cultura\/sagre-feste\/settimana-fungo-valtorta-2026\/","name":"Festa del Fungo Valle Brembana 2026: Programma e Date","isPartOf":{"@id":"https:\/\/lombardiashopping.it\/blog\/#website"},"primaryImageOfPage":{"@id":"https:\/\/lombardiashopping.it\/blog\/eventi-cultura\/sagre-feste\/settimana-fungo-valtorta-2026\/#primaryimage"},"image":{"@id":"https:\/\/lombardiashopping.it\/blog\/eventi-cultura\/sagre-feste\/settimana-fungo-valtorta-2026\/#primaryimage"},"thumbnailUrl":"https:\/\/lombardiashopping.it\/blog\/wp-content\/uploads\/2026\/09\/settimana-del-fungo.jpg","datePublished":"2026-09-02T10:27:35+00:00","dateModified":"2026-09-02T10:27:38+00:00","description":"Scopri \"Aspettando la Settimana del Fungo\" in Alta Valle Brembana dal 4 al 13 settembre 2026: eventi, concerti, mercatini e info utili.","breadcrumb":{"@id":"https:\/\/lombardiashopping.it\/blog\/eventi-cultura\/sagre-feste\/settimana-fungo-valtorta-2026\/#breadcrumb"},"inLanguage":"it-IT","potentialAction":[{"@type":"ReadAction","target":["https:\/\/lombardiashopping.it\/blog\/eventi-cultura\/sagre-feste\/settimana-fungo-valtorta-2026\/"]}]},{"@type":"ImageObject","inLanguage":"it-IT","@id":"https:\/\/lombardiashopping.it\/blog\/eventi-cultura\/sagre-feste\/settimana-fungo-valtorta-2026\/#primaryimage","url":"https:\/\/lombardiashopping.it\/blog\/wp-content\/uploads\/2026\/09\/settimana-del-fungo.jpg","contentUrl":"https:\/\/lombardiashopping.it\/blog\/wp-content\/uploads\/2026\/09\/settimana-del-fungo.jpg","width":2560,"height":1700},{"@type":"BreadcrumbList","@id":"https:\/\/lombardiashopping.it\/blog\/eventi-cultura\/sagre-feste\/settimana-fungo-valtorta-2026\/#breadcrumb","itemListElement":[{"@type":"ListItem","position":1,"name":"Lombardiablog","item":"https:\/\/lombardiashopping.it\/blog\/"},{"@type":"ListItem","position":2,"name":"Eventi e Cultura","item":"https:\/\/lombardiashopping.it\/blog\/eventi-cultura\/"},{"@type":"ListItem","position":3,"name":"Sagre e Festivit\u00e0","item":"https:\/\/lombardiashopping.it\/blog\/eventi-cultura\/sagre-feste\/"},{"@type":"ListItem","position":4,"name":"Aspettando la Settimana del Fungo a Valtorta 2026"}]},{"@type":"WebSite","@id":"https:\/\/lombardiashopping.it\/blog\/#website","url":"https:\/\/lombardiashopping.it\/blog\/","name":"Lombardia Blog","description":"","publisher":{"@id":"https:\/\/lombardiashopping.it\/blog\/#organization"},"potentialAction":[{"@type":"SearchAction","target":{"@type":"EntryPoint","urlTemplate":"https:\/\/lombardiashopping.it\/blog\/?s={search_term_string}"},"query-input":{"@type":"PropertyValueSpecification","valueRequired":true,"valueName":"search_term_string"}}],"inLanguage":"it-IT"},{"@type":"Organization","@id":"https:\/\/lombardiashopping.it\/blog\/#organization","name":"USB","alternateName":"Ledblog Lombardia","url":"https:\/\/lombardiashopping.it\/blog\/","logo":{"@type":"ImageObject","inLanguage":"it-IT","@id":"https:\/\/lombardiashopping.it\/blog\/#\/schema\/logo\/image\/","url":"","contentUrl":"","caption":"USB"},"image":{"@id":"https:\/\/lombardiashopping.it\/blog\/#\/schema\/logo\/image\/"}},{"@type":"Person","@id":"https:\/\/lombardiashopping.it\/blog\/#\/schema\/person\/f6e7e48471b4ff305a6158c5576daa3e","name":"Melanie Canobbio","image":{"@type":"ImageObject","inLanguage":"it-IT","@id":"https:\/\/secure.gravatar.com\/avatar\/2a43ddbffc620d9829f65d7b03c508c4acbb8e3d65afee9c2652f91bf5b7de7c?s=96&d=mm&r=g","url":"https:\/\/secure.gravatar.com\/avatar\/2a43ddbffc620d9829f65d7b03c508c4acbb8e3d65afee9c2652f91bf5b7de7c?s=96&d=mm&r=g","contentUrl":"https:\/\/secure.gravatar.com\/avatar\/2a43ddbffc620d9829f65d7b03c508c4acbb8e3d65afee9c2652f91bf5b7de7c?s=96&d=mm&r=g","caption":"Melanie Canobbio"}}]}},"acf":[],"_links":{"self":[{"href":"https:\/\/lombardiashopping.it\/blog\/wp-json\/wp\/v2\/posts\/9832","targetHints":{"allow":["GET"]}}],"collection":[{"href":"https:\/\/lombardiashopping.it\/blog\/wp-json\/wp\/v2\/posts"}],"about":[{"href":"https:\/\/lombardiashopping.it\/blog\/wp-json\/wp\/v2\/types\/post"}],"author":[{"embeddable":true,"href":"https:\/\/lombardiashopping.it\/blog\/wp-json\/wp\/v2\/users\/6"}],"replies":[{"embeddable":true,"href":"https:\/\/lombardiashopping.it\/blog\/wp-json\/wp\/v2\/comments?post=9832"}],"version-history":[{"count":1,"href":"https:\/\/lombardiashopping.it\/blog\/wp-json\/wp\/v2\/posts\/9832\/revisions"}],"predecessor-version":[{"id":9837,"href":"https:\/\/lombardiashopping.it\/blog\/wp-json\/wp\/v2\/posts\/9832\/revisions\/9837"}],"wp:featuredmedia":[{"embeddable":true,"href":"https:\/\/lombardiashopping.it\/blog\/wp-json\/wp\/v2\/media\/9836"}],"wp:attachment":[{"href":"https:\/\/lombardiashopping.it\/blog\/wp-json\/wp\/v2\/media?parent=9832"}],"wp:term":[{"taxonomy":"category","embeddable":true,"href":"https:\/\/lombardiashopping.it\/blog\/wp-json\/wp\/v2\/categories?post=9832"},{"taxonomy":"post_tag","embeddable":true,"href":"https:\/\/lombardiashopping.it\/blog\/wp-json\/wp\/v2\/tags?post=9832"}],"curies":[{"name":"wp","href":"https:\/\/api.w.org\/{rel}","templated":true}]}}