{"id":9842,"date":"2026-09-03T10:57:55","date_gmt":"2026-09-03T08:57:55","guid":{"rendered":"https:\/\/lombardiashopping.it\/blog\/?p=9842"},"modified":"2026-09-03T10:57:58","modified_gmt":"2026-09-03T08:57:58","slug":"sagra-crotti-chiavenna-2026","status":"publish","type":"post","link":"https:\/\/lombardiashopping.it\/blog\/eventi-cultura\/sagre-feste\/sagra-crotti-chiavenna-2026\/","title":{"rendered":"Sagra dei Crotti a Chiavenna 2026: date e programma"},"content":{"rendered":"<p>La <strong>Sagra dei Crotti<\/strong> torna a<strong> Chiavenna<\/strong> nel 2026 con due weekend (5\u20136 e 12\u201313 settembre) e un programma diffuso tra Pratogiano, il centro storico e alcune tappe a Piuro. In calendario ci sono musica, bande in corteo, mostre, laboratori e attivit\u00e0 per famiglie. Se vuoi scoprire le <strong>origini<\/strong> di queste <strong>caratteristiche<\/strong> caverne naturali e come nascono le famose <strong>cantine<\/strong> della Valchiavenna, leggi la nostra <a href=\"https:\/\/lombardiashopping.it\/blog\/luoghi-scoprire\/crotti-valchiavenna\/\"><strong>Guida Completa ai Crotti di Chiavenna<\/strong><\/a>.<\/p>\n<h2><span style=\"color: #ffffff; background-color: #9c369d;\">Cosa fare alla Sagra dei Crotti a Chiavenna nel 2026<\/span><\/h2>\n<p>Durante la<strong> Sagra dei Crotti 2026<\/strong> gli appuntamenti si distribuiscono tra giorno e sera, con un orario complessivo che pu\u00f2 arrivare fino alle 02:00 (a seconda della giornata). Le zone pi\u00f9 coinvolte sono Pratogiano e il centro storico, con alcune proposte collegate anche a Piuro.<\/p>\n<ul>\n<li><strong>Musica dal vivo<\/strong> e <strong>serate con DJ set<\/strong> in orari diversi tra Pratogiano e centro storico.<\/li>\n<li><strong>Cortei e bande musicali<\/strong> itineranti: un modo pratico per seguire il programma spostandosi a piedi tra le aree.<\/li>\n<li><strong>Laboratori artistici di acquerello<\/strong> (workshop).<\/li>\n<li><strong>Mostre fotografiche e culturali<\/strong>, utili soprattutto nelle ore centrali della giornata.<\/li>\n<li><strong>Visite<\/strong> e <strong>aperture di chiese<\/strong>, oltre a tappe in <strong>musei<\/strong> e <strong>parchi storici<\/strong>, per alternare momenti culturali a quelli pi\u00f9 musicali.<\/li>\n<li><strong>Trenino turistico<\/strong> (11:00\u201313:00 e 14:00\u201319:00), comodo per collegare pi\u00f9 punti senza spostamenti lunghi a piedi.<\/li>\n<li>Attivit\u00e0 per famiglie: <strong>parco avventura<\/strong>, <strong>laboratori d\u2019arte<\/strong> e <strong>giochi didattici in lingua<\/strong> (10:00\u201321:00).<\/li>\n<li><strong>Raduno di auto storiche FIAT<\/strong>.<\/li>\n<li><strong>Gioco itinerante \u201cT\u00fct de corsa\u201d<\/strong> con la <strong>Croce Rossa<\/strong>.<\/li>\n<\/ul>\n<p>Puoi costruire un percorso tra Pratogiano e il centro, aggiungendo Piuro se vuoi inserire una tappa tra cultura e natura. Per organizzarti, inizia dal mattino perch\u00e9 trovano pi\u00f9 spazio visite, mostre e attivit\u00e0 family e dal tardo pomeriggio aumentano le occasioni legate alla musica e alle serate.<\/p>\n<h2><span style=\"color: #ffffff; background-color: #9c369d;\">Tra Chiavenna, Pratogiano e Piuro: tappe e filoni del programma<\/span><\/h2>\n<p>La manifestazione \u00e8 diffusa nel senso che ci sono pi\u00f9 aree collegate tra loro. Questo incide su tempi e spostamenti, soprattutto se vuoi seguire sia attivit\u00e0 diurne sia appuntamenti serali.<\/p>\n<p><strong>Localit\u00e0 Pratogiano<\/strong> \u00e8 uno dei poli principali, con diverse iniziative in calendario. Il <strong>centro storico di Chiavenna<\/strong> ospita passaggi in corteo, proposte culturali e momenti musicali in fasce orarie distribuite. <strong>Piuro<\/strong> entra nel programma con tappe e visite legate a <strong>Palazzo Vertemate Franchi<\/strong>, alle <strong>Cascate dell\u2019Acquafraggia<\/strong> e a <strong>Belfort<\/strong>.<\/p>\n<p>Il programma alterna pi\u00f9 filoni: <strong>concerti e musica dal vivo<\/strong>, <strong>DJ set<\/strong> in alcune serate, appuntamenti itineranti con <strong>bande musicali<\/strong>, <strong>workshop di acquerello<\/strong> e <strong>mostre<\/strong>. Tra le proposte \u201cspeciali\u201d rientrano anche il <strong>raduno di auto storiche FIAT<\/strong> e il gioco itinerante <strong>\u201cT\u00fct de corsa\u201d con la Croce Rossa<\/strong>.<\/p>\n<h2><span style=\"color: #ffffff; background-color: #9c369d;\">Informazioni pratiche: date, luoghi, orari, biglietti e come arrivare<\/span><\/h2>\n<h3><span style=\"color: #9c369d;\">Date<\/span><\/h3>\n<ul>\n<li><strong>Sabato 5 e domenica 6 settembre 2026<\/strong><\/li>\n<li><strong>Sabato 12 e domenica 13 settembre 2026<\/strong><\/li>\n<\/ul>\n<h3><span style=\"color: #9c369d;\">Luoghi<\/span><\/h3>\n<p>La Sagra dei Crotti si svolge tra <strong>Chiavenna e dintorni<\/strong>, con focus su:<\/p>\n<ul>\n<li><strong>Localit\u00e0 Pratogiano<\/strong><\/li>\n<li><strong>Centro storico di Chiavenna<\/strong><\/li>\n<\/ul>\n<p>Il programma coinvolge anche <strong>Piuro<\/strong>, con tappe e visite legate a <strong>Palazzo Vertemate Franchi<\/strong>, <strong>Cascate dell\u2019Acquafraggia<\/strong> e <strong>Belfort<\/strong>.<\/p>\n<h3><span style=\"color: #9c369d;\">Orari<\/span><\/h3>\n<ul>\n<li><strong>Orario generale:<\/strong> 10:00\u201302:00 <em>(in base alle giornate)<\/em><\/li>\n<li><strong>Attivit\u00e0 per bambini:<\/strong> 10:00\u201321:00<\/li>\n<li><strong>Trenino turistico:<\/strong> 11:00\u201313:00 e 14:00\u201319:00<\/li>\n<\/ul>\n<p>Il servizio del <strong>trenino turistico<\/strong> \u00e8 concentrato in due fasce (mattina e pomeriggio). Se punti sugli eventi serali, considera che la chiusura fino alle <strong>02:00<\/strong> \u00e8 legata al calendario della singola giornata.<\/p>\n<h3><span style=\"color: #9c369d;\">Come arrivare<\/span><\/h3>\n<p data-path-to-node=\"3\">Trattandosi di un evento diffuso tra il centro storico di Chiavenna, la zona di Pratogiano e la vicina Piuro, la soluzione migliore \u00e8 combinare <strong>mezzi pubblici<\/strong> o <strong>auto<\/strong> per il <strong>tragitto principale<\/strong>, spostandosi poi <strong>a piedi o in navetta tra le varie tappe<\/strong>.<\/p>\n<p data-path-to-node=\"3\">La <strong>stazione di Chiavenna<\/strong> si trova a pochissimi minuti a piedi sia dal centro storico che da Pratogiano. Il <strong>treno<\/strong> \u00e8 il mezzo pi\u00f9 comodo per evitare problemi di parcheggio, ben collegato con Milano, Lecco e Colico (linea Trenord). Per chi si muove<strong> in auto<\/strong> e parte da Milano\/Lecco, conviene seguire la <strong>SS36<\/strong> verso Sondrio\/St. Moritz e prendere l&#8217;uscita per Chiavenna.<\/p>\n<p data-path-to-node=\"4,1,1,1,0\">A Chiavenna sono disponibili i <strong>parcheggi<\/strong> di Pratogiano, della Stazione e della zona stadio\/palasport. Per gli eventi principali si consiglia di lasciare l&#8217;auto nei parcheggi d&#8217;interscambio all&#8217;ingresso del paese.<\/p>\n<h2><span style=\"color: #ffffff; background-color: #9c369d;\">Domande frequenti sulla Sagra dei Crotti Chiavenna 2026<\/span><\/h2>\n<p><strong>Quali sono le date della Sagra dei Crotti a Chiavenna 2026?<\/strong><br \/>\nSabato 5 e domenica 6 settembre 2026; sabato 12 e domenica 13 settembre 2026.<\/p>\n<p><strong>Quali sono gli orari del trenino turistico durante la Sagra dei Crotti?<\/strong><br \/>\n11:00\u201313:00 e 14:00\u201319:00.<\/p>\n<p><strong>Fino a che ora dura la Sagra dei Crotti a Chiavenna?<\/strong><br \/>\nL\u2019orario indicato arriva fino alle 02:00, ma varia a seconda delle giornate.<\/p>\n<p>Per sfruttare al meglio i due weekend (5\u20136 e 12\u201313 settembre 2026), costruisci un itinerario tra <strong>Pratogiano<\/strong>, il <strong>centro storico di Chiavenna<\/strong> e, se ti interessa, una tappa a <strong>Piuro<\/strong>, alternando mostre e visite alle serate di musica. Se vuoi muoverti tra pi\u00f9 punti senza camminare troppo, valuta il <strong>trenino turistico<\/strong> nelle fasce 11:00\u201313:00 e 14:00\u201319:00.<\/p>\n<p><!-- NOTE REVIEW: Ho snellito il testo eliminando ripetizioni e formulazioni troppo \u201cda elenco\u201d, migliorando ritmo e naturalezza senza aggiungere informazioni nuove. Ho ridotto le liste a tre e accorpato i contenuti duplicati su tappe, filoni e orari. Ho rinominato l\u2019heading \u201cFAQ\u201d in \u201cDomande frequenti\u201d e trasformato la chiusura in un paragrafo finale, evitando toni promozionali o frasi di riempimento. --><\/p>\n","protected":false},"excerpt":{"rendered":"<p>La Sagra dei Crotti torna a Chiavenna nel 2026 con due weekend (5\u20136 e 12\u201313 settembre) e un programma diffuso tra Pratogiano, il centro storico e alcune tappe a Piuro. In calendario ci sono musica, bande in corteo, mostre, laboratori e attivit\u00e0 per famiglie. Se vuoi scoprire le origini di queste caratteristiche caverne naturali e come nascono le famose cantine della Valchiavenna, leggi la nostra Guida Completa ai Crotti di Chiavenna. Cosa fare alla Sagra dei Crotti a Chiavenna nel 2026 Durante la Sagra dei Crotti 2026 gli appuntamenti si distribuiscono tra giorno e sera, con un orario complessivo che pu\u00f2 arrivare fino alle 02:00 (a seconda della giornata). Le zone pi\u00f9 coinvolte sono Pratogiano e il centro storico, con alcune proposte collegate anche a Piuro. Musica dal vivo e serate con DJ set in orari diversi tra Pratogiano e centro storico. Cortei e bande musicali itineranti: un modo pratico per seguire il programma spostandosi a piedi tra le aree. Laboratori artistici di acquerello (workshop). Mostre fotografiche e culturali, utili soprattutto nelle ore centrali della giornata. Visite e aperture di chiese, oltre a tappe in musei e parchi storici, per alternare momenti culturali a quelli pi\u00f9 musicali. Trenino turistico (11:00\u201313:00 e 14:00\u201319:00), comodo per collegare pi\u00f9 punti senza spostamenti lunghi a piedi. Attivit\u00e0 per famiglie: parco avventura, laboratori d\u2019arte e giochi didattici in lingua (10:00\u201321:00). Raduno di auto storiche FIAT. Gioco itinerante \u201cT\u00fct de corsa\u201d con la Croce Rossa. Puoi costruire un percorso tra Pratogiano e il centro, aggiungendo Piuro se vuoi inserire una tappa tra cultura e natura. Per organizzarti, inizia dal mattino perch\u00e9 trovano pi\u00f9 spazio visite, mostre e attivit\u00e0 family e dal tardo pomeriggio aumentano le occasioni legate alla musica e alle serate. Tra Chiavenna, Pratogiano e Piuro: tappe e filoni del programma La manifestazione \u00e8 diffusa nel senso che ci sono pi\u00f9 aree collegate tra loro. Questo incide su tempi e spostamenti, soprattutto se vuoi seguire sia attivit\u00e0 diurne sia appuntamenti serali. Localit\u00e0 Pratogiano \u00e8 uno dei poli principali, con diverse iniziative in calendario. Il centro storico di Chiavenna ospita passaggi in corteo, proposte culturali e momenti musicali in fasce orarie distribuite. Piuro entra nel programma con tappe e visite legate a Palazzo Vertemate Franchi, alle Cascate dell\u2019Acquafraggia e a Belfort. Il programma alterna pi\u00f9 filoni: concerti e musica dal vivo, DJ set in alcune serate, appuntamenti itineranti con bande musicali, workshop di acquerello e mostre. Tra le proposte \u201cspeciali\u201d rientrano anche il raduno di auto storiche FIAT e il gioco itinerante \u201cT\u00fct de corsa\u201d con la Croce Rossa. Informazioni pratiche: date, luoghi, orari, biglietti e come arrivare Date Sabato 5 e domenica 6 settembre 2026 Sabato 12 e domenica 13 settembre 2026 Luoghi La Sagra dei Crotti si svolge tra Chiavenna e dintorni, con focus su: Localit\u00e0 Pratogiano Centro storico di Chiavenna Il programma coinvolge anche Piuro, con tappe e visite legate a Palazzo Vertemate Franchi, Cascate dell\u2019Acquafraggia e Belfort. Orari Orario generale: 10:00\u201302:00 (in base alle giornate) Attivit\u00e0 per bambini: 10:00\u201321:00 Trenino turistico: 11:00\u201313:00 e 14:00\u201319:00 Il servizio del trenino turistico \u00e8 concentrato in due fasce (mattina e pomeriggio). Se punti sugli eventi serali, considera che la chiusura fino alle 02:00 \u00e8 legata al calendario della singola giornata. Come arrivare Trattandosi di un evento diffuso tra il centro storico di Chiavenna, la zona di Pratogiano e la vicina Piuro, la soluzione migliore \u00e8 combinare mezzi pubblici o auto per il tragitto principale, spostandosi poi a piedi o in navetta tra le varie tappe. La stazione di Chiavenna si trova a pochissimi minuti a piedi sia dal centro storico che da Pratogiano. Il treno \u00e8 il mezzo pi\u00f9 comodo per evitare problemi di parcheggio, ben collegato con Milano, Lecco e Colico (linea Trenord). Per chi si muove in auto e parte da Milano\/Lecco, conviene seguire la SS36 verso Sondrio\/St. Moritz e prendere l&#8217;uscita per Chiavenna. A Chiavenna sono disponibili i parcheggi di Pratogiano, della Stazione e della zona stadio\/palasport. Per gli eventi principali si consiglia di lasciare l&#8217;auto nei parcheggi d&#8217;interscambio all&#8217;ingresso del paese. Domande frequenti sulla Sagra dei Crotti Chiavenna 2026 Quali sono le date della Sagra dei Crotti a Chiavenna 2026? Sabato 5 e domenica 6 settembre 2026; sabato 12 e domenica 13 settembre 2026. Quali sono gli orari del trenino turistico durante la Sagra dei Crotti? 11:00\u201313:00 e 14:00\u201319:00. Fino a che ora dura la Sagra dei Crotti a Chiavenna? L\u2019orario indicato arriva fino alle 02:00, ma varia a seconda delle giornate. Per sfruttare al meglio i due weekend (5\u20136 e 12\u201313 settembre 2026), costruisci un itinerario tra Pratogiano, il centro storico di Chiavenna e, se ti interessa, una tappa a Piuro, alternando mostre e visite alle serate di musica. Se vuoi muoverti tra pi\u00f9 punti senza camminare troppo, valuta il trenino turistico nelle fasce 11:00\u201313:00 e 14:00\u201319:00.<\/p>\n","protected":false},"author":6,"featured_media":9846,"comment_status":"closed","ping_status":"open","sticky":false,"template":"","format":"standard","meta":{"footnotes":""},"categories":[152],"tags":[],"class_list":["post-9842","post","type-post","status-publish","format-standard","has-post-thumbnail","hentry","category-sagre-feste"],"yoast_head":"<!-- This site is optimized with the Yoast SEO plugin v28.4 - https:\/\/yoast.com\/product\/yoast-seo-wordpress\/ -->\n<title>Sagra dei Crotti Chiavenna 2026: Date, Programma e Info Pratiche<\/title>\n<meta name=\"description\" content=\"Scopri il programma della Sagra dei Crotti a Chiavenna 2026. Info utili su orari, eventi tra Pratogiano e Piuro e come arrivare.\" \/>\n<meta name=\"robots\" content=\"index, follow, max-snippet:-1, max-image-preview:large, max-video-preview:-1\" \/>\n<link rel=\"canonical\" href=\"https:\/\/lombardiashopping.it\/blog\/eventi-cultura\/sagre-feste\/sagra-crotti-chiavenna-2026\/\" \/>\n<meta property=\"og:locale\" content=\"it_IT\" \/>\n<meta property=\"og:type\" content=\"article\" \/>\n<meta property=\"og:title\" content=\"Sagra dei Crotti Chiavenna 2026: Date, Programma e Info Pratiche\" \/>\n<meta property=\"og:description\" content=\"Scopri il programma della Sagra dei Crotti a Chiavenna 2026. Info utili su orari, eventi tra Pratogiano e Piuro e come arrivare.\" \/>\n<meta property=\"og:url\" content=\"https:\/\/lombardiashopping.it\/blog\/eventi-cultura\/sagre-feste\/sagra-crotti-chiavenna-2026\/\" \/>\n<meta property=\"og:site_name\" content=\"Blog Lombardia\" \/>\n<meta property=\"article:published_time\" content=\"2026-09-03T08:57:55+00:00\" \/>\n<meta property=\"article:modified_time\" content=\"2026-09-03T08:57:58+00:00\" \/>\n<meta property=\"og:image\" content=\"https:\/\/lombardiashopping.it\/blog\/wp-content\/uploads\/2026\/09\/crotti.jpg\" \/>\n\t<meta property=\"og:image:width\" content=\"2560\" \/>\n\t<meta property=\"og:image:height\" content=\"1700\" \/>\n\t<meta property=\"og:image:type\" content=\"image\/jpeg\" \/>\n<meta name=\"author\" content=\"Melanie Canobbio\" \/>\n<meta name=\"twitter:card\" content=\"summary_large_image\" \/>\n<meta name=\"twitter:label1\" content=\"Scritto da\" \/>\n\t<meta name=\"twitter:data1\" content=\"Melanie Canobbio\" \/>\n\t<meta name=\"twitter:label2\" content=\"Tempo di lettura stimato\" \/>\n\t<meta name=\"twitter:data2\" content=\"5 minuti\" \/>\n<script type=\"application\/ld+json\" class=\"yoast-schema-graph\">{\"@context\":\"https:\\\/\\\/schema.org\",\"@graph\":[{\"@type\":[\"Article\",\"BlogPosting\"],\"@id\":\"https:\\\/\\\/lombardiashopping.it\\\/blog\\\/eventi-cultura\\\/sagre-feste\\\/sagra-crotti-chiavenna-2026\\\/#article\",\"isPartOf\":{\"@id\":\"https:\\\/\\\/lombardiashopping.it\\\/blog\\\/eventi-cultura\\\/sagre-feste\\\/sagra-crotti-chiavenna-2026\\\/\"},\"author\":{\"name\":\"Melanie Canobbio\",\"@id\":\"https:\\\/\\\/lombardiashopping.it\\\/blog\\\/#\\\/schema\\\/person\\\/f6e7e48471b4ff305a6158c5576daa3e\"},\"headline\":\"Sagra dei Crotti a Chiavenna 2026: date e programma\",\"datePublished\":\"2026-09-03T08:57:55+00:00\",\"dateModified\":\"2026-09-03T08:57:58+00:00\",\"mainEntityOfPage\":{\"@id\":\"https:\\\/\\\/lombardiashopping.it\\\/blog\\\/eventi-cultura\\\/sagre-feste\\\/sagra-crotti-chiavenna-2026\\\/\"},\"wordCount\":775,\"publisher\":{\"@id\":\"https:\\\/\\\/lombardiashopping.it\\\/blog\\\/#organization\"},\"image\":{\"@id\":\"https:\\\/\\\/lombardiashopping.it\\\/blog\\\/eventi-cultura\\\/sagre-feste\\\/sagra-crotti-chiavenna-2026\\\/#primaryimage\"},\"thumbnailUrl\":\"https:\\\/\\\/lombardiashopping.it\\\/blog\\\/wp-content\\\/uploads\\\/2026\\\/09\\\/crotti.jpg\",\"articleSection\":[\"Sagre e Festivit\u00e0\"],\"inLanguage\":\"it-IT\"},{\"@type\":\"WebPage\",\"@id\":\"https:\\\/\\\/lombardiashopping.it\\\/blog\\\/eventi-cultura\\\/sagre-feste\\\/sagra-crotti-chiavenna-2026\\\/\",\"url\":\"https:\\\/\\\/lombardiashopping.it\\\/blog\\\/eventi-cultura\\\/sagre-feste\\\/sagra-crotti-chiavenna-2026\\\/\",\"name\":\"Sagra dei Crotti Chiavenna 2026: Date, Programma e Info Pratiche\",\"isPartOf\":{\"@id\":\"https:\\\/\\\/lombardiashopping.it\\\/blog\\\/#website\"},\"primaryImageOfPage\":{\"@id\":\"https:\\\/\\\/lombardiashopping.it\\\/blog\\\/eventi-cultura\\\/sagre-feste\\\/sagra-crotti-chiavenna-2026\\\/#primaryimage\"},\"image\":{\"@id\":\"https:\\\/\\\/lombardiashopping.it\\\/blog\\\/eventi-cultura\\\/sagre-feste\\\/sagra-crotti-chiavenna-2026\\\/#primaryimage\"},\"thumbnailUrl\":\"https:\\\/\\\/lombardiashopping.it\\\/blog\\\/wp-content\\\/uploads\\\/2026\\\/09\\\/crotti.jpg\",\"datePublished\":\"2026-09-03T08:57:55+00:00\",\"dateModified\":\"2026-09-03T08:57:58+00:00\",\"description\":\"Scopri il programma della Sagra dei Crotti a Chiavenna 2026. Info utili su orari, eventi tra Pratogiano e Piuro e come arrivare.\",\"breadcrumb\":{\"@id\":\"https:\\\/\\\/lombardiashopping.it\\\/blog\\\/eventi-cultura\\\/sagre-feste\\\/sagra-crotti-chiavenna-2026\\\/#breadcrumb\"},\"inLanguage\":\"it-IT\",\"potentialAction\":[{\"@type\":\"ReadAction\",\"target\":[\"https:\\\/\\\/lombardiashopping.it\\\/blog\\\/eventi-cultura\\\/sagre-feste\\\/sagra-crotti-chiavenna-2026\\\/\"]}]},{\"@type\":\"ImageObject\",\"inLanguage\":\"it-IT\",\"@id\":\"https:\\\/\\\/lombardiashopping.it\\\/blog\\\/eventi-cultura\\\/sagre-feste\\\/sagra-crotti-chiavenna-2026\\\/#primaryimage\",\"url\":\"https:\\\/\\\/lombardiashopping.it\\\/blog\\\/wp-content\\\/uploads\\\/2026\\\/09\\\/crotti.jpg\",\"contentUrl\":\"https:\\\/\\\/lombardiashopping.it\\\/blog\\\/wp-content\\\/uploads\\\/2026\\\/09\\\/crotti.jpg\",\"width\":2560,\"height\":1700},{\"@type\":\"BreadcrumbList\",\"@id\":\"https:\\\/\\\/lombardiashopping.it\\\/blog\\\/eventi-cultura\\\/sagre-feste\\\/sagra-crotti-chiavenna-2026\\\/#breadcrumb\",\"itemListElement\":[{\"@type\":\"ListItem\",\"position\":1,\"name\":\"Lombardiablog\",\"item\":\"https:\\\/\\\/lombardiashopping.it\\\/blog\\\/\"},{\"@type\":\"ListItem\",\"position\":2,\"name\":\"Eventi e Cultura\",\"item\":\"https:\\\/\\\/lombardiashopping.it\\\/blog\\\/eventi-cultura\\\/\"},{\"@type\":\"ListItem\",\"position\":3,\"name\":\"Sagre e Festivit\u00e0\",\"item\":\"https:\\\/\\\/lombardiashopping.it\\\/blog\\\/eventi-cultura\\\/sagre-feste\\\/\"},{\"@type\":\"ListItem\",\"position\":4,\"name\":\"Sagra dei Crotti a Chiavenna 2026: date e programma\"}]},{\"@type\":\"WebSite\",\"@id\":\"https:\\\/\\\/lombardiashopping.it\\\/blog\\\/#website\",\"url\":\"https:\\\/\\\/lombardiashopping.it\\\/blog\\\/\",\"name\":\"Lombardia Blog\",\"description\":\"\",\"publisher\":{\"@id\":\"https:\\\/\\\/lombardiashopping.it\\\/blog\\\/#organization\"},\"potentialAction\":[{\"@type\":\"SearchAction\",\"target\":{\"@type\":\"EntryPoint\",\"urlTemplate\":\"https:\\\/\\\/lombardiashopping.it\\\/blog\\\/?s={search_term_string}\"},\"query-input\":{\"@type\":\"PropertyValueSpecification\",\"valueRequired\":true,\"valueName\":\"search_term_string\"}}],\"inLanguage\":\"it-IT\"},{\"@type\":\"Organization\",\"@id\":\"https:\\\/\\\/lombardiashopping.it\\\/blog\\\/#organization\",\"name\":\"USB\",\"alternateName\":\"Ledblog Lombardia\",\"url\":\"https:\\\/\\\/lombardiashopping.it\\\/blog\\\/\",\"logo\":{\"@type\":\"ImageObject\",\"inLanguage\":\"it-IT\",\"@id\":\"https:\\\/\\\/lombardiashopping.it\\\/blog\\\/#\\\/schema\\\/logo\\\/image\\\/\",\"url\":\"\",\"contentUrl\":\"\",\"caption\":\"USB\"},\"image\":{\"@id\":\"https:\\\/\\\/lombardiashopping.it\\\/blog\\\/#\\\/schema\\\/logo\\\/image\\\/\"}},{\"@type\":\"Person\",\"@id\":\"https:\\\/\\\/lombardiashopping.it\\\/blog\\\/#\\\/schema\\\/person\\\/f6e7e48471b4ff305a6158c5576daa3e\",\"name\":\"Melanie Canobbio\",\"image\":{\"@type\":\"ImageObject\",\"inLanguage\":\"it-IT\",\"@id\":\"https:\\\/\\\/secure.gravatar.com\\\/avatar\\\/2a43ddbffc620d9829f65d7b03c508c4acbb8e3d65afee9c2652f91bf5b7de7c?s=96&d=mm&r=g\",\"url\":\"https:\\\/\\\/secure.gravatar.com\\\/avatar\\\/2a43ddbffc620d9829f65d7b03c508c4acbb8e3d65afee9c2652f91bf5b7de7c?s=96&d=mm&r=g\",\"contentUrl\":\"https:\\\/\\\/secure.gravatar.com\\\/avatar\\\/2a43ddbffc620d9829f65d7b03c508c4acbb8e3d65afee9c2652f91bf5b7de7c?s=96&d=mm&r=g\",\"caption\":\"Melanie Canobbio\"}}]}<\/script>\n<!-- \/ Yoast SEO plugin. -->","yoast_head_json":{"title":"Sagra dei Crotti Chiavenna 2026: Date, Programma e Info Pratiche","description":"Scopri il programma della Sagra dei Crotti a Chiavenna 2026. Info utili su orari, eventi tra Pratogiano e Piuro e come arrivare.","robots":{"index":"index","follow":"follow","max-snippet":"max-snippet:-1","max-image-preview":"max-image-preview:large","max-video-preview":"max-video-preview:-1"},"canonical":"https:\/\/lombardiashopping.it\/blog\/eventi-cultura\/sagre-feste\/sagra-crotti-chiavenna-2026\/","og_locale":"it_IT","og_type":"article","og_title":"Sagra dei Crotti Chiavenna 2026: Date, Programma e Info Pratiche","og_description":"Scopri il programma della Sagra dei Crotti a Chiavenna 2026. Info utili su orari, eventi tra Pratogiano e Piuro e come arrivare.","og_url":"https:\/\/lombardiashopping.it\/blog\/eventi-cultura\/sagre-feste\/sagra-crotti-chiavenna-2026\/","og_site_name":"Blog Lombardia","article_published_time":"2026-09-03T08:57:55+00:00","article_modified_time":"2026-09-03T08:57:58+00:00","og_image":[{"width":2560,"height":1700,"url":"https:\/\/lombardiashopping.it\/blog\/wp-content\/uploads\/2026\/09\/crotti.jpg","type":"image\/jpeg"}],"author":"Melanie Canobbio","twitter_card":"summary_large_image","twitter_misc":{"Scritto da":"Melanie Canobbio","Tempo di lettura stimato":"5 minuti"},"schema":{"@context":"https:\/\/schema.org","@graph":[{"@type":["Article","BlogPosting"],"@id":"https:\/\/lombardiashopping.it\/blog\/eventi-cultura\/sagre-feste\/sagra-crotti-chiavenna-2026\/#article","isPartOf":{"@id":"https:\/\/lombardiashopping.it\/blog\/eventi-cultura\/sagre-feste\/sagra-crotti-chiavenna-2026\/"},"author":{"name":"Melanie Canobbio","@id":"https:\/\/lombardiashopping.it\/blog\/#\/schema\/person\/f6e7e48471b4ff305a6158c5576daa3e"},"headline":"Sagra dei Crotti a Chiavenna 2026: date e programma","datePublished":"2026-09-03T08:57:55+00:00","dateModified":"2026-09-03T08:57:58+00:00","mainEntityOfPage":{"@id":"https:\/\/lombardiashopping.it\/blog\/eventi-cultura\/sagre-feste\/sagra-crotti-chiavenna-2026\/"},"wordCount":775,"publisher":{"@id":"https:\/\/lombardiashopping.it\/blog\/#organization"},"image":{"@id":"https:\/\/lombardiashopping.it\/blog\/eventi-cultura\/sagre-feste\/sagra-crotti-chiavenna-2026\/#primaryimage"},"thumbnailUrl":"https:\/\/lombardiashopping.it\/blog\/wp-content\/uploads\/2026\/09\/crotti.jpg","articleSection":["Sagre e Festivit\u00e0"],"inLanguage":"it-IT"},{"@type":"WebPage","@id":"https:\/\/lombardiashopping.it\/blog\/eventi-cultura\/sagre-feste\/sagra-crotti-chiavenna-2026\/","url":"https:\/\/lombardiashopping.it\/blog\/eventi-cultura\/sagre-feste\/sagra-crotti-chiavenna-2026\/","name":"Sagra dei Crotti Chiavenna 2026: Date, Programma e Info Pratiche","isPartOf":{"@id":"https:\/\/lombardiashopping.it\/blog\/#website"},"primaryImageOfPage":{"@id":"https:\/\/lombardiashopping.it\/blog\/eventi-cultura\/sagre-feste\/sagra-crotti-chiavenna-2026\/#primaryimage"},"image":{"@id":"https:\/\/lombardiashopping.it\/blog\/eventi-cultura\/sagre-feste\/sagra-crotti-chiavenna-2026\/#primaryimage"},"thumbnailUrl":"https:\/\/lombardiashopping.it\/blog\/wp-content\/uploads\/2026\/09\/crotti.jpg","datePublished":"2026-09-03T08:57:55+00:00","dateModified":"2026-09-03T08:57:58+00:00","description":"Scopri il programma della Sagra dei Crotti a Chiavenna 2026. Info utili su orari, eventi tra Pratogiano e Piuro e come arrivare.","breadcrumb":{"@id":"https:\/\/lombardiashopping.it\/blog\/eventi-cultura\/sagre-feste\/sagra-crotti-chiavenna-2026\/#breadcrumb"},"inLanguage":"it-IT","potentialAction":[{"@type":"ReadAction","target":["https:\/\/lombardiashopping.it\/blog\/eventi-cultura\/sagre-feste\/sagra-crotti-chiavenna-2026\/"]}]},{"@type":"ImageObject","inLanguage":"it-IT","@id":"https:\/\/lombardiashopping.it\/blog\/eventi-cultura\/sagre-feste\/sagra-crotti-chiavenna-2026\/#primaryimage","url":"https:\/\/lombardiashopping.it\/blog\/wp-content\/uploads\/2026\/09\/crotti.jpg","contentUrl":"https:\/\/lombardiashopping.it\/blog\/wp-content\/uploads\/2026\/09\/crotti.jpg","width":2560,"height":1700},{"@type":"BreadcrumbList","@id":"https:\/\/lombardiashopping.it\/blog\/eventi-cultura\/sagre-feste\/sagra-crotti-chiavenna-2026\/#breadcrumb","itemListElement":[{"@type":"ListItem","position":1,"name":"Lombardiablog","item":"https:\/\/lombardiashopping.it\/blog\/"},{"@type":"ListItem","position":2,"name":"Eventi e Cultura","item":"https:\/\/lombardiashopping.it\/blog\/eventi-cultura\/"},{"@type":"ListItem","position":3,"name":"Sagre e Festivit\u00e0","item":"https:\/\/lombardiashopping.it\/blog\/eventi-cultura\/sagre-feste\/"},{"@type":"ListItem","position":4,"name":"Sagra dei Crotti a Chiavenna 2026: date e programma"}]},{"@type":"WebSite","@id":"https:\/\/lombardiashopping.it\/blog\/#website","url":"https:\/\/lombardiashopping.it\/blog\/","name":"Lombardia Blog","description":"","publisher":{"@id":"https:\/\/lombardiashopping.it\/blog\/#organization"},"potentialAction":[{"@type":"SearchAction","target":{"@type":"EntryPoint","urlTemplate":"https:\/\/lombardiashopping.it\/blog\/?s={search_term_string}"},"query-input":{"@type":"PropertyValueSpecification","valueRequired":true,"valueName":"search_term_string"}}],"inLanguage":"it-IT"},{"@type":"Organization","@id":"https:\/\/lombardiashopping.it\/blog\/#organization","name":"USB","alternateName":"Ledblog Lombardia","url":"https:\/\/lombardiashopping.it\/blog\/","logo":{"@type":"ImageObject","inLanguage":"it-IT","@id":"https:\/\/lombardiashopping.it\/blog\/#\/schema\/logo\/image\/","url":"","contentUrl":"","caption":"USB"},"image":{"@id":"https:\/\/lombardiashopping.it\/blog\/#\/schema\/logo\/image\/"}},{"@type":"Person","@id":"https:\/\/lombardiashopping.it\/blog\/#\/schema\/person\/f6e7e48471b4ff305a6158c5576daa3e","name":"Melanie Canobbio","image":{"@type":"ImageObject","inLanguage":"it-IT","@id":"https:\/\/secure.gravatar.com\/avatar\/2a43ddbffc620d9829f65d7b03c508c4acbb8e3d65afee9c2652f91bf5b7de7c?s=96&d=mm&r=g","url":"https:\/\/secure.gravatar.com\/avatar\/2a43ddbffc620d9829f65d7b03c508c4acbb8e3d65afee9c2652f91bf5b7de7c?s=96&d=mm&r=g","contentUrl":"https:\/\/secure.gravatar.com\/avatar\/2a43ddbffc620d9829f65d7b03c508c4acbb8e3d65afee9c2652f91bf5b7de7c?s=96&d=mm&r=g","caption":"Melanie Canobbio"}}]}},"acf":[],"_links":{"self":[{"href":"https:\/\/lombardiashopping.it\/blog\/wp-json\/wp\/v2\/posts\/9842","targetHints":{"allow":["GET"]}}],"collection":[{"href":"https:\/\/lombardiashopping.it\/blog\/wp-json\/wp\/v2\/posts"}],"about":[{"href":"https:\/\/lombardiashopping.it\/blog\/wp-json\/wp\/v2\/types\/post"}],"author":[{"embeddable":true,"href":"https:\/\/lombardiashopping.it\/blog\/wp-json\/wp\/v2\/users\/6"}],"replies":[{"embeddable":true,"href":"https:\/\/lombardiashopping.it\/blog\/wp-json\/wp\/v2\/comments?post=9842"}],"version-history":[{"count":1,"href":"https:\/\/lombardiashopping.it\/blog\/wp-json\/wp\/v2\/posts\/9842\/revisions"}],"predecessor-version":[{"id":9847,"href":"https:\/\/lombardiashopping.it\/blog\/wp-json\/wp\/v2\/posts\/9842\/revisions\/9847"}],"wp:featuredmedia":[{"embeddable":true,"href":"https:\/\/lombardiashopping.it\/blog\/wp-json\/wp\/v2\/media\/9846"}],"wp:attachment":[{"href":"https:\/\/lombardiashopping.it\/blog\/wp-json\/wp\/v2\/media?parent=9842"}],"wp:term":[{"taxonomy":"category","embeddable":true,"href":"https:\/\/lombardiashopping.it\/blog\/wp-json\/wp\/v2\/categories?post=9842"},{"taxonomy":"post_tag","embeddable":true,"href":"https:\/\/lombardiashopping.it\/blog\/wp-json\/wp\/v2\/tags?post=9842"}],"curies":[{"name":"wp","href":"https:\/\/api.w.org\/{rel}","templated":true}]}}